{"id":76781,"date":"2025-05-05T13:53:09","date_gmt":"2025-05-05T13:53:09","guid":{"rendered":"https:\/\/www.europesays.com\/fr\/76781\/"},"modified":"2025-05-05T13:53:09","modified_gmt":"2025-05-05T13:53:09","slug":"des-avocats-nicois-manifestent-en-robe-contre-la-proposition-de-loi-attal","status":"publish","type":"post","link":"https:\/\/www.europesays.com\/fr\/76781\/","title":{"rendered":"Des avocats ni\u00e7ois manifestent en robe contre la proposition de loi Attal"},"content":{"rendered":"<p>                    <img loading=\"lazy\" decoding=\"async\" src=\"https:\/\/www.europesays.com\/fr\/wp-content\/uploads\/2025\/05\/82072f1262ad28e483b46656c49e98.jpg\" class=\"img-responsive post-image\" width=\"680\" height=\"510\" alt=\"Des avocats ni\u00e7ois manife\" title=\"Des avocats ni\u00e7ois manifestent en robe contre la proposition de loi Attal\"\/><\/p>\n<p class=\"chapo\">Ils \u00e9taient plusieurs lundi \u00e0 l\u2019heure du d\u00e9jeuner \u00e0 s\u2019\u00eatre r\u00e9unis devant le palais de justice de Nice autour du b\u00e2tonnier Emmanuel Brancaleoni et de la vice-b\u00e2tonni\u00e8re Val\u00e9rie Serra, soutenus \u00e9galement par quelques magistrats. Ils manifestaient contre la proposition de loi visant \u00e0 am\u00e9nager le code de la justice p\u00e9nale des mineurs et certains dispositifs relatifs \u00e0 la responsabilit\u00e9 parentale d\u00e9pos\u00e9e par l\u2019ancien Premier ministre et actuel d\u00e9put\u00e9 Gabriel Attal.<\/p>\n<p>                    \u00ab\u00a0Contre-sens juridique\u00a0\u00bb<\/p>\n<p>Le texte, d\u00e9j\u00e0 adopt\u00e9 en premi\u00e8re lecture au S\u00e9nat, sera examin\u00e9 mardi \u00e0 l\u2019Assembl\u00e9e nationale. \u00ab\u00a0La profession s\u2019inqui\u00e8te des atteintes port\u00e9es aux principes essentiels de la justice des mineurs, fond\u00e9e sur la primaut\u00e9 de l\u2019\u00e9ducatif sur le r\u00e9pressif\u00a0\u00bb, a d\u00e9clar\u00e9 le b\u00e2tonnier du barreau de Nice. Les dispositifs de la proposition de loi sont selon lui \u00ab\u00a0inadapt\u00e9s et inefficaces\u00a0\u00bb, citant notamment la comparution imm\u00e9diate pour les mineurs r\u00e9cidivistes ou la mise en place de courtes peines de prison d\u00e8s 13 ans.\u00a0\u00ab\u00a0Les mineurs ne sont \u00e0 l\u2019origine que de 14\u00a0% des crimes et d\u00e9lits constat\u00e9s\u00a0\u00bb et \u00ab\u00a0\u00a0assimiler la r\u00e9ponse p\u00e9nale faite aux mineurs sur celle des majeurs est un contre-sens juridique, scientifique et sociologique. Le mineur n\u2019est pas un adulte en r\u00e9duction mais un individu en construction\u00a0\u00bb, a-t-il poursuivi. <br class=\"autobr\"\/><br \/>\nMe Brancaleoni a conclu en d\u00e9clarant que \u00ab\u00a0le Conseil national des barreaux, la Conf\u00e9rence des b\u00e2tonniers, le barreau de Paris et le barreau de Nice appellent les parlementaires \u00e0 respecter les <strong>principes fondamentaux de la justice des mineurs,<\/strong> en accord avec les engagements constitutionnels et internationaux de la France\u00a0\u00bb.<\/p>\n<p>Photo de une\u00a0: mobilisation nationale ce lundi devant de tr\u00e8s nombreux barreaux de France \u00e0 l\u2019appel du CNB et de la Conf\u00e9rence des b\u00e2tonniers.<\/p>\n","protected":false},"excerpt":{"rendered":"Ils \u00e9taient plusieurs lundi \u00e0 l\u2019heure du d\u00e9jeuner \u00e0 s\u2019\u00eatre r\u00e9unis devant le palais de justice de Nice&hellip;\n","protected":false},"author":2,"featured_media":76782,"comment_status":"","ping_status":"","sticky":false,"template":"","format":"standard","meta":{"footnotes":""},"categories":[2819],"tags":[1111,11,2408,1777,674,1011,27,12,2401,882,25],"class_list":{"0":"post-76781","1":"post","2":"type-post","3":"status-publish","4":"format-standard","5":"has-post-thumbnail","7":"category-nice","8":"tag-actu","9":"tag-actualites","10":"tag-appels-d","11":"tag-eu","12":"tag-europe","13":"tag-fr","14":"tag-france","15":"tag-news","16":"tag-nice","17":"tag-provence-alpes-cote-dazur","18":"tag-republique-francaise"},"share_on_mastodon":{"url":"https:\/\/pubeurope.com\/@fr\/114455563741268536","error":""},"_links":{"self":[{"href":"https:\/\/www.europesays.com\/fr\/wp-json\/wp\/v2\/posts\/76781","targetHints":{"allow":["GET"]}}],"collection":[{"href":"https:\/\/www.europesays.com\/fr\/wp-json\/wp\/v2\/posts"}],"about":[{"href":"https:\/\/www.europesays.com\/fr\/wp-json\/wp\/v2\/types\/post"}],"author":[{"embeddable":true,"href":"https:\/\/www.europesays.com\/fr\/wp-json\/wp\/v2\/users\/2"}],"replies":[{"embeddable":true,"href":"https:\/\/www.europesays.com\/fr\/wp-json\/wp\/v2\/comments?post=76781"}],"version-history":[{"count":0,"href":"https:\/\/www.europesays.com\/fr\/wp-json\/wp\/v2\/posts\/76781\/revisions"}],"wp:featuredmedia":[{"embeddable":true,"href":"https:\/\/www.europesays.com\/fr\/wp-json\/wp\/v2\/media\/76782"}],"wp:attachment":[{"href":"https:\/\/www.europesays.com\/fr\/wp-json\/wp\/v2\/media?parent=76781"}],"wp:term":[{"taxonomy":"category","embeddable":true,"href":"https:\/\/www.europesays.com\/fr\/wp-json\/wp\/v2\/categories?post=76781"},{"taxonomy":"post_tag","embeddable":true,"href":"https:\/\/www.europesays.com\/fr\/wp-json\/wp\/v2\/tags?post=76781"}],"curies":[{"name":"wp","href":"https:\/\/api.w.org\/{rel}","templated":true}]}}