{"id":768245,"date":"2026-03-01T15:33:18","date_gmt":"2026-03-01T15:33:18","guid":{"rendered":"https:\/\/www.europesays.com\/fr\/768245\/"},"modified":"2026-03-01T15:33:18","modified_gmt":"2026-03-01T15:33:18","slug":"le-royaume-uni-affirme-que-deux-missiles-balistiques-ont-ete-tires-en-direction-de-chypre","status":"publish","type":"post","link":"https:\/\/www.europesays.com\/fr\/768245\/","title":{"rendered":"le Royaume-Uni affirme que deux missiles balistiques ont \u00e9t\u00e9 tir\u00e9s \u00ab\u00a0en direction de Chypre\u00a0\u00bb"},"content":{"rendered":"<p>\u00ab\u00a0Nous sommes d\u00e9sormais assez certains qu&rsquo;ils n&rsquo;\u00e9taient pas destin\u00e9s \u00e0 frapper Chypre, mais cela montre \u00e0 quel point nos bases, notre personnel militaire et civils, sont actuellement en danger\u00a0\u00bb, a d\u00e9clar\u00e9 le ministre britannique de la D\u00e9fense<\/p>\n<p>Le ministre britannique de la D\u00e9fense a d\u00e9clar\u00e9 dimanche 1er mars que \u00ab\u00a0deux missiles balistiques\u00a0\u00bb avaient \u00e9t\u00e9 \u00ab\u00a0tir\u00e9s en direction de Chypre\u00a0\u00bb, illustration des \u00ab\u00a0repr\u00e9sailles indiscrimin\u00e9es\u00a0\u00bb de l&rsquo;Iran <a href=\"https:\/\/www.bfmtv.com\/international\/moyen-orient\/iran\/direct-frappes-en-iran-les-gardiens-de-la-revolution-promettent-un-chatiment-severe-aux-meurtriers-du-guide-supreme_LN-202603010061.html\" title=\"DIRECT. Frappes sur l&#039;Iran: trois soldats am\u00e9ricains tu\u00e9s dans l&#039;op\u00e9ration &quot;Fureur \u00e9pique&quot;, annonce le Pentagone\" class=\"internal_link\" rel=\"nofollow noopener\" target=\"_blank\">apr\u00e8s les frappes am\u00e9ricano-isra\u00e9liennes<\/a>, tout en soulignant qu&rsquo;ils ne visaient pas \u00e0 priori <a href=\"https:\/\/www.bfmtv.com\/economie\/international\/le-fosse-s-est-considerablement-creuse-ces-pays-ou-les-10-les-plus-fortunes-captent-de-plus-en-plus-de-richesses_AV-202508200326.html\" title=\"&quot;Le foss\u00e9 s&#039;est consid\u00e9rablement creus\u00e9&quot;: ces pays o\u00f9 les 10% les plus fortun\u00e9s captent de plus en plus de richesses\" class=\"internal_link\" rel=\"nofollow noopener\" target=\"_blank\">l&rsquo;\u00eele m\u00e9diterran\u00e9enne<\/a>.<\/p>\n<p>\u00ab\u00a0Nous avons eu deux missiles balistiques tir\u00e9s en direction de Chypre\u00a0\u00bb, a indiqu\u00e9 John Healey \u00e0 la BBC, en pr\u00e9cisant que des avions de combat britanniques participaient \u00e0 des actions \u00ab\u00a0d\u00e9fensives\u00a0\u00bb dans la r\u00e9gion, op\u00e9rant depuis la base a\u00e9rienne du Royaume-Uni sur l&rsquo;\u00eele et depuis une base au Qatar.<\/p>\n<p><img decoding=\"async\" src=\"https:\/\/www.europesays.com\/fr\/wp-content\/uploads\/2025\/12\/principale-24_2.jpg\"  alt=\"Frappes en Iran: qu\u2019est-ce que le Conseil de d\u00e9fense et de s\u00e9curit\u00e9 nationale convoqu\u00e9 par Emmanuel Macron?\" title=\"Frappes en Iran: qu\u2019est-ce que le Conseil de d\u00e9fense et de s\u00e9curit\u00e9 nationale convoqu\u00e9 par Emmanuel Macron?\"\/>Frappes en Iran: qu\u2019est-ce que le Conseil de d\u00e9fense et de s\u00e9curit\u00e9 nationale convoqu\u00e9 par Emmanuel Macron?<\/p>\n<p>\u00ab\u00a0Nous sommes d\u00e9sormais assez certains qu&rsquo;ils n&rsquo;\u00e9taient pas destin\u00e9s \u00e0 frapper Chypre, mais cela montre \u00e0 quel point nos bases, notre personnel militaire et civils, sont actuellement en danger\u00a0\u00bb, a-t-il ajout\u00e9, sans fournir davantage de d\u00e9tails sur les missiles ni sur une \u00e9ventuelle interception de ceux-ci.<\/p>\n<p>\u00ab\u00a0Une situation vraiment grave\u00a0\u00bb au Moyen-Orient<\/p>\n<p>Le pr\u00e9sident chypriote Nikos Christodoulides a indiqu\u00e9 sur X avoir \u00e9t\u00e9 appel\u00e9 par le Premier ministre britannique Keir Starmer. \u00ab\u00a0Il a confirm\u00e9 clairement et sans \u00e9quivoque que Chypre n&rsquo;\u00e9tait pas une cible. Nous restons en communication directe\u00a0\u00bb, a-t-il ajout\u00e9.<\/p>\n<p>Pour John Healey, cet incident illustre \u00ab\u00a0une situation vraiment grave et qui se d\u00e9t\u00e9riore\u00a0\u00bb au Moyen-Orient, avec des \u00ab\u00a0risques croissants de repr\u00e9sailles indiscrimin\u00e9es, de plus en plus nombreuses de l&rsquo;Iran\u00a0\u00bb.<\/p>\n<blockquote class=\"embed embed_quote\"><p>\u00ab\u00a0Cet exemple montre qu&rsquo;il existe une menace tr\u00e8s r\u00e9elle et croissante de la part d&rsquo;un r\u00e9gime qui frappe \u00e0 tout-va dans la r\u00e9gion (&#8230;) Cela exige que nous agissions de mani\u00e8re d\u00e9fensive\u00a0\u00bb, a-t-il d\u00e9clar\u00e9 sur Sky News dans un entretien s\u00e9par\u00e9 dimanche.<\/p><\/blockquote>\n<p>\u00ab\u00a0Aux c\u00f4t\u00e9s des Am\u00e9ricains, nous avons renforc\u00e9 nos forces d\u00e9fensives au Moyen-Orient. Nous effectuons ces sorties. Nous abattons les drones qui menacent soit nos bases, soit nos ressortissants, soit nos alli\u00e9s\u00a0\u00bb, a ajout\u00e9 le ministre.<\/p>\n<p>Le minist\u00e8re britannique des Affaires \u00e9trang\u00e8res a lui exhort\u00e9 dimanche les citoyens britanniques se trouvant \u00e0 Bahre\u00efn, au Kowe\u00eft, au Qatar et aux \u00c9mirats arabes unis \u00e0 \u00ab\u00a0rester \u00e0 l&rsquo;abri sur place\u00a0\u00bb face \u00e0 l&rsquo;escalade du conflit au Moyen-Orient.<\/p>\n<p>Le minist\u00e8re \u00ab\u00a0d\u00e9conseille d\u00e9sormais tout voyage vers Bahre\u00efn, le Kowe\u00eft, le Qatar et les \u00c9mirats arabes unis, sauf en cas de n\u00e9cessit\u00e9 absolue\u00a0\u00bb, a-t-il indiqu\u00e9 sur X.<\/p>\n","protected":false},"excerpt":{"rendered":"\u00ab\u00a0Nous sommes d\u00e9sormais assez certains qu&rsquo;ils n&rsquo;\u00e9taient pas destin\u00e9s \u00e0 frapper Chypre, mais cela montre \u00e0 quel point&hellip;\n","protected":false},"author":2,"featured_media":768246,"comment_status":"","ping_status":"","sticky":false,"template":"","format":"standard","meta":{"footnotes":"","_share_on_mastodon":"0"},"categories":[1588],"tags":[11,1777,674,12,473,1853,1851,1850,1852],"class_list":["post-768245","post","type-post","status-publish","format-standard","has-post-thumbnail","category-royaume-uni","tag-actualites","tag-eu","tag-europe","tag-news","tag-royaume-uni","tag-royaume-uni-de-grande-bretagne-et-dirlande-du-nord","tag-uk","tag-united-kingdom","tag-united-kingdom-of-great-britain-and-northern-ireland"],"share_on_mastodon":{"url":"https:\/\/pubeurope.com\/@fr\/116154650219644254","error":""},"_links":{"self":[{"href":"https:\/\/www.europesays.com\/fr\/wp-json\/wp\/v2\/posts\/768245","targetHints":{"allow":["GET"]}}],"collection":[{"href":"https:\/\/www.europesays.com\/fr\/wp-json\/wp\/v2\/posts"}],"about":[{"href":"https:\/\/www.europesays.com\/fr\/wp-json\/wp\/v2\/types\/post"}],"author":[{"embeddable":true,"href":"https:\/\/www.europesays.com\/fr\/wp-json\/wp\/v2\/users\/2"}],"replies":[{"embeddable":true,"href":"https:\/\/www.europesays.com\/fr\/wp-json\/wp\/v2\/comments?post=768245"}],"version-history":[{"count":0,"href":"https:\/\/www.europesays.com\/fr\/wp-json\/wp\/v2\/posts\/768245\/revisions"}],"wp:featuredmedia":[{"embeddable":true,"href":"https:\/\/www.europesays.com\/fr\/wp-json\/wp\/v2\/media\/768246"}],"wp:attachment":[{"href":"https:\/\/www.europesays.com\/fr\/wp-json\/wp\/v2\/media?parent=768245"}],"wp:term":[{"taxonomy":"category","embeddable":true,"href":"https:\/\/www.europesays.com\/fr\/wp-json\/wp\/v2\/categories?post=768245"},{"taxonomy":"post_tag","embeddable":true,"href":"https:\/\/www.europesays.com\/fr\/wp-json\/wp\/v2\/tags?post=768245"}],"curies":[{"name":"wp","href":"https:\/\/api.w.org\/{rel}","templated":true}]}}