{"id":76830,"date":"2025-05-05T14:18:09","date_gmt":"2025-05-05T14:18:09","guid":{"rendered":"https:\/\/www.europesays.com\/fr\/76830\/"},"modified":"2025-05-05T14:18:09","modified_gmt":"2025-05-05T14:18:09","slug":"la-fao-appelle-a-renforcer-les-mesures-sur-la-fievre-aphteuse","status":"publish","type":"post","link":"https:\/\/www.europesays.com\/fr\/76830\/","title":{"rendered":"la FAO appelle \u00e0 renforcer les mesures sur la fi\u00e8vre aphteuse"},"content":{"rendered":"<p>\u00ab\u00a0Les pouss\u00e9es r\u00e9centes de fi\u00e8vre aphteuse en Europe et l&rsquo;apparition d&rsquo;une souche virale exotique au Proche-Orient soulignent le besoin urgent d&rsquo;une d\u00e9tection au plus t\u00f4t et de mesures de bios\u00e9curit\u00e9 renforc\u00e9es, afin de minimiser les impacts de la maladie\u00a0\u00bb, recommande la <a href=\"https:\/\/www.fao.org\/in-action\/reducing-foot-and-mouth-disease-in-eurasia\/fr\/#:~:text=Une%20approche%20innovante%20de%20la,aphteuse%20de%20l&#039;Eurasie%20occidentale.\" target=\"_blank\" rel=\"nofollow noopener\">FAO, organisation de l&rsquo;ONU pour l&rsquo;alimentation et l&rsquo;agriculture, dans un communiqu\u00e9<\/a>. Une souche SAT1, encore in\u00e9dite dans les r\u00e9gions proche-orientales et de l&rsquo;ouest de l&rsquo;Eurasie, a \u00e9t\u00e9 r\u00e9cemment signal\u00e9e en Irak, \u00e0 Bahrein et au Koweit.\u00a0<\/p>\n<p>La fi\u00e8vre aphteuse, tr\u00e8s contagieuse pour les animaux, mais inoffensive pour les humains<\/p>\n<p>La fi\u00e8vre aphteuse est end\u00e9mique au Proche-Orient, mais cette souche-l\u00e0 y \u00e9tait \u00e9trang\u00e8re, probablement venue d&rsquo;Afrique de l&rsquo;Est, \u00ab\u00a0ce qui soul\u00e8ve des pr\u00e9occupations croissantes quant \u00e0 une extension potentielle du virus\u00a0\u00bb, explique l&rsquo;organisation. L&rsquo;Europe de son c\u00f4t\u00e9 conna\u00eet une pouss\u00e9e depuis quelques mois, la premi\u00e8re dans l&rsquo;UE depuis 2011, avec une apparition pr\u00e8s de Berlin en janvier puis en <a href=\"https:\/\/www.laprovence.com\/article\/sante\/27589939570211\/la-hongrie-detecte-ses-premiers-cas-de-fievre-aphteuse-depuis-50-ans\" target=\"_blank\" rel=\"nofollow noopener\">Hongrie<\/a> et en Slovaquie. L&rsquo;Allemagne a depuis \u00e9t\u00e9 d\u00e9clar\u00e9e indemne de la maladie. La fi\u00e8vre aphteuse, tr\u00e8s contagieuse pour les animaux, mais inoffensive pour les humains, peut toucher les animaux sauvages et d&rsquo;\u00e9levage, des porcs aux vaches en passant par les moutons. Elle provoque aphtes et ulc\u00e8res, et peut \u00eatre mortelle pour les jeunes animaux.\u00a0<\/p>\n<p>Le Royaume-Uni interdit l&rsquo;importation de viande et de produits laitiers issus des pays contamin\u00e9s<\/p>\n<p>Bien qu&rsquo;il ne s&rsquo;agisse \u00ab\u00a0pas d&rsquo;une menace pour la sant\u00e9 publique\u00a0\u00bb, elle \u00ab\u00a0affecte s\u00e9v\u00e8rement la sant\u00e9 animale, la s\u00e9curit\u00e9 alimentaire et les moyens de subsistance (des \u00e9leveurs, NDLR) en r\u00e9duisant la productivit\u00e9 des cheptels\u00a0\u00bb, souligne la FAO.<\/p>\n<p>L&rsquo;organisation estime \u00e0 21 milliards de dollars sur un an les co\u00fbts li\u00e9s aux pertes de production et \u00e0 la vaccination dans les r\u00e9gions concern\u00e9es. \u00ab\u00a0Mais le poids \u00e9conomique r\u00e9el de la fi\u00e8vre aphteuse est sans doute plus \u00e9lev\u00e9 si l&rsquo;on inclut les perturbations g\u00e9n\u00e9r\u00e9es sur le commerce, local et international. Ces impacts peuvent avoir un effet d\u00e9vastateur sur les communaut\u00e9s rurales et les entreprises d\u00e9pendant de l&rsquo;\u00e9levage\u00a0\u00bb, ajoute-t-elle.<\/p>\n<p>Illustrant les effets de dominos sur le commerce, le Royaume-Uni par exemple a interdit depuis janvier l&rsquo;importation de produits laitiers et carn\u00e9s issus des pays europ\u00e9ens o\u00f9 le virus a \u00e9t\u00e9 d\u00e9tect\u00e9. Parmi les mesures recommand\u00e9es aux \u00c9tats concern\u00e9s, la FAO appelle \u00e0 des campagnes de sensibilisation des \u00e9leveurs, \u00e0 des mesures de \u00ab\u00a0bios\u00e9curit\u00e9\u00a0\u00bb (s\u00e9paration et examen des animaux malades, ne pas m\u00e9langer les cheptels dans les transports ou sur les march\u00e9s&#8230;). La vaccination \u00ab\u00a0peut aussi \u00eatre un outil tr\u00e8s efficace\u00a0\u00bb, ajoute-t-elle.<\/p>\n","protected":false},"excerpt":{"rendered":"\u00ab\u00a0Les pouss\u00e9es r\u00e9centes de fi\u00e8vre aphteuse en Europe et l&rsquo;apparition d&rsquo;une souche virale exotique au Proche-Orient soulignent le&hellip;\n","protected":false},"author":2,"featured_media":76831,"comment_status":"","ping_status":"","sticky":false,"template":"","format":"standard","meta":{"footnotes":""},"categories":[1586],"tags":[17,11,18235,1777,674,18237,1011,27,18234,151,18236,12,17872,25,71,3356],"class_list":{"0":"post-76830","1":"post","2":"type-post","3":"status-publish","4":"format-standard","5":"has-post-thumbnail","7":"category-europe","8":"tag-17","9":"tag-actualites","10":"tag-appelle","11":"tag-eu","12":"tag-europe","13":"tag-fievre","14":"tag-fr","15":"tag-france","16":"tag-lonu","17":"tag-les","18":"tag-mesures","19":"tag-news","20":"tag-renforcer","21":"tag-republique-francaise","22":"tag-sante","23":"tag-sur"},"share_on_mastodon":{"url":"https:\/\/pubeurope.com\/@fr\/114455662048511777","error":""},"_links":{"self":[{"href":"https:\/\/www.europesays.com\/fr\/wp-json\/wp\/v2\/posts\/76830","targetHints":{"allow":["GET"]}}],"collection":[{"href":"https:\/\/www.europesays.com\/fr\/wp-json\/wp\/v2\/posts"}],"about":[{"href":"https:\/\/www.europesays.com\/fr\/wp-json\/wp\/v2\/types\/post"}],"author":[{"embeddable":true,"href":"https:\/\/www.europesays.com\/fr\/wp-json\/wp\/v2\/users\/2"}],"replies":[{"embeddable":true,"href":"https:\/\/www.europesays.com\/fr\/wp-json\/wp\/v2\/comments?post=76830"}],"version-history":[{"count":0,"href":"https:\/\/www.europesays.com\/fr\/wp-json\/wp\/v2\/posts\/76830\/revisions"}],"wp:featuredmedia":[{"embeddable":true,"href":"https:\/\/www.europesays.com\/fr\/wp-json\/wp\/v2\/media\/76831"}],"wp:attachment":[{"href":"https:\/\/www.europesays.com\/fr\/wp-json\/wp\/v2\/media?parent=76830"}],"wp:term":[{"taxonomy":"category","embeddable":true,"href":"https:\/\/www.europesays.com\/fr\/wp-json\/wp\/v2\/categories?post=76830"},{"taxonomy":"post_tag","embeddable":true,"href":"https:\/\/www.europesays.com\/fr\/wp-json\/wp\/v2\/tags?post=76830"}],"curies":[{"name":"wp","href":"https:\/\/api.w.org\/{rel}","templated":true}]}}