{"id":768391,"date":"2026-03-01T17:16:12","date_gmt":"2026-03-01T17:16:12","guid":{"rendered":"https:\/\/www.europesays.com\/fr\/768391\/"},"modified":"2026-03-01T17:16:12","modified_gmt":"2026-03-01T17:16:12","slug":"attention-a-cette-nouvelle-taxe","status":"publish","type":"post","link":"https:\/\/www.europesays.com\/fr\/768391\/","title":{"rendered":"attention \u00e0 cette nouvelle taxe"},"content":{"rendered":"<p>Entre les tiroirs oubli\u00e9s et les coffrets \u00e0 bijoux poussi\u00e9reux,<br \/>\nde nombreux Fran\u00e7ais d\u00e9couvrent aujourd\u2019hui <strong>de v\u00e9ritables<br \/>\npetits tr\u00e9sors<\/strong>. Des cha\u00eenes en or, des alliances anciennes<br \/>\nou d\u2019autres pi\u00e8ces de collection ont dormi pendant des ann\u00e9es, mais<br \/>\nla r\u00e9cente \u00e9volution des cours de l\u2019or et de l\u2019argent <strong>donne<br \/>\nenvie de les revendre<\/strong>. Pourtant, cette d\u00e9marche<br \/>\n<strong>n\u2019est plus sans cons\u00e9quence<\/strong>. Depuis janvier 2026,<br \/>\n<a href=\"https:\/\/www.maison-travaux.fr\/sequiper\/conseils-pratiques\/tres-peu-savent-vente-montre-ancienne-peut-etre-soumise-taxe-forfaitaire-surtout-agit-objet-collection-608833.html\" rel=\"nofollow noopener\" target=\"_blank\"><br \/>\nune nouvelle taxe<\/a> peut fortement <strong>r\u00e9duire votre<br \/>\ngain<\/strong>.<\/p>\n<p>La taxe forfaitaire : un pr\u00e9l\u00e8vement sur le prix total<\/p>\n<p>Apr\u00e8s <a href=\"https:\/\/www.maison-travaux.fr\/actualites\/budget\/astuce-economique-relooking-cuisine-580872.html\" rel=\"nofollow noopener\" target=\"_blank\"><br \/>\nune forte hausse<\/a> ces derni\u00e8res ann\u00e9es, le cours de l\u2019or et de<br \/>\nl\u00a0\u00bbargent <strong>a l\u00e9g\u00e8rement diminu\u00e9<\/strong>, incitant certains \u00e0<br \/>\nrevendre leurs bijoux anciens. Pour les objets dont l\u2019achat ou la<br \/>\nprovenance ne peuvent pas \u00eatre prouv\u00e9s, <strong>une taxe<br \/>\nforfaitaire<\/strong> s\u2019applique sur le prix de vente. Pour les<br \/>\nbijoux, <strong>les ventes inf\u00e9rieures \u00e0 5\u202f000\u202feuros sont<br \/>\nexon\u00e9r\u00e9es<\/strong>, mais au-del\u00e0, le professionnel pr\u00e9l\u00e8ve un<br \/>\npourcentage sur le montant total.<\/p>\n<p>Cette m\u00e9thode est simple et rapide, mais <strong>elle ne tient<br \/>\npas compte<\/strong> du prix pay\u00e9 initialement, ce qui peut r\u00e9duire<br \/>\nconsid\u00e9rablement le gain net. Cette taxe concerne \u00e9galement<br \/>\n<a href=\"https:\/\/www.maison-travaux.fr\/actualites\/budget\/piece-2e-rapporter-5000e-porte-monnaie-582501.html\" rel=\"nofollow noopener\" target=\"_blank\"><br \/>\nles pi\u00e8ces anciennes<\/a> en argent ou en or <strong>vendues sans<br \/>\njustificatif<\/strong>. M\u00eame si le calcul est imm\u00e9diat et sans<br \/>\nd\u00e9marches pour le vendeur, il peut parfois <strong>\u00eatre moins<br \/>\navantageux<\/strong> que le r\u00e9gime de la plus-value r\u00e9elle.<\/p>\n<p>La taxe sur la plus-value : l\u2019importance des justificatifs<\/p>\n<p>Lorsque vous disposez d&rsquo;une facture, d&rsquo;un contrat ou d&rsquo;une<br \/>\nexpertise, le calcul de la plus-value r\u00e9elle devient possible et<br \/>\n<strong>ne taxe que le gain r\u00e9alis\u00e9<\/strong>. Depuis 2026, ce gain<br \/>\nest <strong>soumis \u00e0 37,6\u202f% d\u2019imposition<\/strong>, prenant en<br \/>\ncompte la hausse de la CSG. Les biens d\u00e9tenus depuis plus de 22 ans<br \/>\n<strong>sont totalement exon\u00e9r\u00e9s<\/strong>, tandis que ceux<br \/>\nconserv\u00e9s entre 3 et 22 ans b\u00e9n\u00e9ficient d\u2019<a href=\"https:\/\/www.maison-travaux.fr\/actualites\/budget\/impots-passe-cet-age-precis-vous-avez-droit-abattement-583313.html\" rel=\"nofollow noopener\" target=\"_blank\">un<br \/>\nabattement progressif qui r\u00e9duit l\u2019imp\u00f4t<\/a>.<\/p>\n<p>Cette approche permet ainsi de s\u00e9curiser la transaction tout en<br \/>\n<strong>r\u00e9duisant la charge fiscale<\/strong>. Savoir exactement<br \/>\ncombien vous avez gagn\u00e9 et pouvoir le prouver facilite \u00e9galement<br \/>\ntoute d\u00e9marche <strong>en cas de contr\u00f4le<\/strong>. Les vendeurs<br \/>\nprudents qui <strong>conservent tous leurs justificatifs<\/strong><br \/>\npeuvent ainsi tirer le meilleur parti de leurs ventes, sans<br \/>\nsurprise !<\/p>\n<blockquote class=\"instagram-media\" style=\"background: #ffffff;border: 0;margin: 1px;width: 100%;padding: 0;max-width: 500px;\" data-instgrm-permalink=\"https:\/\/www.instagram.com\/reel\/DNn_APouKNS\/?utm_source=ig_web_copy_link\" data-instgrm-version=\"14\"\/><p>\nOptimiser vos ventes : quelques<br \/>\nconseils pratiques<\/p>\n<p>Au-del\u00e0 du choix du r\u00e9gime fiscal, <a href=\"https:\/\/www.maison-travaux.fr\/sequiper\/conseils-pratiques\/vinted-astuce-meconnue-vous-fait-vendre-plus-rapidement-augmenter-prix-rester-note-etoiles-608831.html\" rel=\"nofollow noopener\" target=\"_blank\"><br \/>\nmieux organiser ses ventes<\/a> peut faire une r\u00e9elle diff\u00e9rence.<br \/>\nPour les bijoux de faible valeur, vous pouvez donc <strong>profiter<br \/>\nde l\u2019exon\u00e9ration<\/strong> sous le seuil de 5\u202f000\u202feuros afin<br \/>\nd\u2019\u00e9viter toute taxe. Pour <strong>les pi\u00e8ces plus<br \/>\npr\u00e9cieuses<\/strong>, il est conseill\u00e9 de regrouper les ventes et de<br \/>\nbien <strong>v\u00e9rifier la dur\u00e9e de d\u00e9tention<\/strong> afin de<br \/>\nb\u00e9n\u00e9ficier des abattements pr\u00e9vus.<\/p>\n<p>Conserver toutes vos preuves d\u2019acquisition, vos expertises et\/ou<br \/>\nvos factures reste <strong>la strat\u00e9gie la plus s\u00fbre<\/strong>.<br \/>\nCette pr\u00e9paration permet aussi d\u2019<strong>\u00e9valuer plus pr\u00e9cis\u00e9ment<br \/>\nla valeur<\/strong> de chaque objet avant de le vendre. Avec un<br \/>\nminimum de pr\u00e9paration, revendre ses bijoux ou ses pi\u00e8ces anciennes<br \/>\ndevient ainsi <strong>rentable et s\u00e9curis\u00e9<\/strong>, tout en<br \/>\nrespectant <a href=\"https:\/\/www.maison-travaux.fr\/sequiper\/conseils-pratiques\/vendre-plus-objets-vinted-cela-implique-pour-votre-dossier-fiscal-608826.html\" rel=\"nofollow noopener\" target=\"_blank\"><br \/>\nles r\u00e8gles fiscales en vigueur<\/a> !<\/p>\n<p>EN BREF<\/p>\n<ul class=\"bloc_resume_post_list\">\n<li>\ud83d\udc8d Depuis janvier 2026, de nouvelles r\u00e8gles fiscales<br \/>\nimpactent la revente de bijoux et pi\u00e8ces en or ou argent en<br \/>\nFrance.<\/li>\n<li>\ud83d\udcb6 Une taxe forfaitaire s\u2019applique sur certaines ventes<br \/>\nsans justificatif, laissant des transactions exemptes mais<br \/>\nr\u00e9duisant le gain pour les autres.<\/li>\n<li>\u2705 Bien conserver ses justificatifs et planifier ses<br \/>\nventes permet d&rsquo;optimiser votre gain net et d&rsquo;\u00e9viter les mauvaises<br \/>\nsurprises fiscales.<\/li>\n<\/ul>\n<p><script async src=\"\/\/www.instagram.com\/embed.js\"><\/script><\/p>\n","protected":false},"excerpt":{"rendered":"Entre les tiroirs oubli\u00e9s et les coffrets \u00e0 bijoux poussi\u00e9reux, de nombreux Fran\u00e7ais d\u00e9couvrent aujourd\u2019hui de v\u00e9ritables petits&hellip;\n","protected":false},"author":2,"featured_media":768392,"comment_status":"","ping_status":"","sticky":false,"template":"","format":"standard","meta":{"footnotes":"","_share_on_mastodon":"0"},"categories":[6],"tags":[5734,13041,22530,5417,35,1433,3139,39628,1805,394,33,34,12219,1086,1011,27,25104,2043,10650,15080,25685,85157,4510,2407,85158,2549,96,10586,4568],"class_list":["post-768391","post","type-post","status-publish","format-standard","has-post-thumbnail","category-economie","tag-5734","tag-a","tag-anciennes","tag-bijoux","tag-business","tag-ca","tag-cher","tag-couter","tag-de","tag-depuis","tag-economie","tag-economy","tag-et","tag-etre","tag-fr","tag-france","tag-janvier","tag-nouvelle","tag-ou","tag-pieces","tag-pouvez","tag-revendre","tag-risque","tag-ses","tag-soumis","tag-taxe","tag-une","tag-vieux","tag-vous"],"share_on_mastodon":{"url":"https:\/\/pubeurope.com\/@fr\/116155055181178393","error":""},"_links":{"self":[{"href":"https:\/\/www.europesays.com\/fr\/wp-json\/wp\/v2\/posts\/768391","targetHints":{"allow":["GET"]}}],"collection":[{"href":"https:\/\/www.europesays.com\/fr\/wp-json\/wp\/v2\/posts"}],"about":[{"href":"https:\/\/www.europesays.com\/fr\/wp-json\/wp\/v2\/types\/post"}],"author":[{"embeddable":true,"href":"https:\/\/www.europesays.com\/fr\/wp-json\/wp\/v2\/users\/2"}],"replies":[{"embeddable":true,"href":"https:\/\/www.europesays.com\/fr\/wp-json\/wp\/v2\/comments?post=768391"}],"version-history":[{"count":0,"href":"https:\/\/www.europesays.com\/fr\/wp-json\/wp\/v2\/posts\/768391\/revisions"}],"wp:featuredmedia":[{"embeddable":true,"href":"https:\/\/www.europesays.com\/fr\/wp-json\/wp\/v2\/media\/768392"}],"wp:attachment":[{"href":"https:\/\/www.europesays.com\/fr\/wp-json\/wp\/v2\/media?parent=768391"}],"wp:term":[{"taxonomy":"category","embeddable":true,"href":"https:\/\/www.europesays.com\/fr\/wp-json\/wp\/v2\/categories?post=768391"},{"taxonomy":"post_tag","embeddable":true,"href":"https:\/\/www.europesays.com\/fr\/wp-json\/wp\/v2\/tags?post=768391"}],"curies":[{"name":"wp","href":"https:\/\/api.w.org\/{rel}","templated":true}]}}