{"id":76881,"date":"2025-05-05T14:46:09","date_gmt":"2025-05-05T14:46:09","guid":{"rendered":"https:\/\/www.europesays.com\/fr\/76881\/"},"modified":"2025-05-05T14:46:09","modified_gmt":"2025-05-05T14:46:09","slug":"saint-etienne-lancien-directeur-de-la-cite-du-design-thierry-mandon-renonce-a-faire-appel","status":"publish","type":"post","link":"https:\/\/www.europesays.com\/fr\/76881\/","title":{"rendered":"Saint-\u00c9tienne \u00ad: l&rsquo;ancien directeur de la Cit\u00e9 du Design Thierry Mandon renonce \u00e0 faire appel"},"content":{"rendered":"<p>Thierry Mandon a finalement d\u00e9cid\u00e9 de ne pas contester sa condamnation prononc\u00e9e en novembre 2024. L&rsquo;ancien directeur de la Cit\u00e9 du Design de Saint-\u00c9tienne accepte donc la d\u00e9cision de justice dans l&rsquo;affaire d&rsquo;escroquerie qui le visait.<\/p>\n<p><b>L&rsquo;ancien directeur <\/b>de la <b>Cit\u00e9 du Design<\/b> \u00e0 <b>Saint-\u00c9tienne<\/b>, <b>Thierry Mandon<\/b>, ne fera finalement pas appel de sa condamnation de justice.<\/p>\n<p>Thierry Mandon avait \u00e9t\u00e9 condamn\u00e9 \u00e0 un <b>an de prison avec sursis<\/b>, <b>22.000 euros d&rsquo;amende<\/b> et <b>cinq ans d&rsquo;in\u00e9ligibilit\u00e9.\u00a0<\/b><br \/><b><br \/><\/b><\/p>\n<p><img loading=\"lazy\" decoding=\"async\" src=\"https:\/\/www.europesays.com\/fr\/wp-content\/uploads\/2025\/05\/1746456368_165_img\" width=\"350\" height=\"200\" border=\"0\" title=\"Thierry Mandon\"\/><\/p>\n<p>\u25baPolice &#8211; Justice<\/p>\n<p style=\"font-size: 22px;\"><b>Cit\u00e9 du design de Saint-\u00c9tienne : l&rsquo;ancien directeur Thierry Mandon condamn\u00e9<\/b><\/p>\n<p>Le tribunal correctionnel de Saint-\u00c9tienne a condamn\u00e9&#8230;<\/p>\n<p>Fin de la proc\u00e9dure judiciaire<\/p>\n<p>Des <b>d\u00e9tournements de fonds<\/b> avaient \u00e9t\u00e9 mis en lumi\u00e8re entre 2019 et 2021, alors qu&rsquo;il dirigeait l&rsquo;\u00e9tablissement. Son renoncement met un terme \u00e0 la proc\u00e9dure judiciaire.<\/p>\n<p><img loading=\"lazy\" decoding=\"async\" src=\"https:\/\/www.europesays.com\/fr\/wp-content\/uploads\/2025\/05\/1746456369_221_img\" width=\"350\" height=\"200\" border=\"0\" title=\"Cynthia Blacha a \u00c3\u00a9t\u00c3\u00a9 sacr\u00c3\u00a9e Miss Loire 2025.\"\/><\/p>\n<p>\u25baSoci\u00e9t\u00e9<\/p>\n<p style=\"font-size: 22px;\"><b>Cynthia Blacha sacr\u00e9e Miss Loire 2025 \u00e0 Saint-Chamond<\/b><\/p>\n<p>Cynthia Blacha, \u00e9tudiante de 20 ans, a \u00e9t\u00e9 sacr\u00e9e&#8230;<\/p>\n<p><\/p>\n","protected":false},"excerpt":{"rendered":"Thierry Mandon a finalement d\u00e9cid\u00e9 de ne pas contester sa condamnation prononc\u00e9e en novembre 2024. L&rsquo;ancien directeur de&hellip;\n","protected":false},"author":2,"featured_media":76882,"comment_status":"","ping_status":"","sticky":false,"template":"","format":"standard","meta":{"footnotes":""},"categories":[9653],"tags":[1111,11,2430,18245,18246,1777,674,1011,27,3367,12,25,9920,4001,18244],"class_list":{"0":"post-76881","1":"post","2":"type-post","3":"status-publish","4":"format-standard","5":"has-post-thumbnail","7":"category-saint-etienne","8":"tag-actu","9":"tag-actualites","10":"tag-auvergne-rhone-alpes","11":"tag-cit-du-design","12":"tag-dtournements-de-fonds-saint-tienne","13":"tag-eu","14":"tag-europe","15":"tag-fr","16":"tag-france","17":"tag-loire","18":"tag-news","19":"tag-republique-francaise","20":"tag-saint-tienne","21":"tag-saint-etienne","22":"tag-thierry-mandon"},"share_on_mastodon":{"url":"https:\/\/pubeurope.com\/@fr\/114455772585757147","error":""},"_links":{"self":[{"href":"https:\/\/www.europesays.com\/fr\/wp-json\/wp\/v2\/posts\/76881","targetHints":{"allow":["GET"]}}],"collection":[{"href":"https:\/\/www.europesays.com\/fr\/wp-json\/wp\/v2\/posts"}],"about":[{"href":"https:\/\/www.europesays.com\/fr\/wp-json\/wp\/v2\/types\/post"}],"author":[{"embeddable":true,"href":"https:\/\/www.europesays.com\/fr\/wp-json\/wp\/v2\/users\/2"}],"replies":[{"embeddable":true,"href":"https:\/\/www.europesays.com\/fr\/wp-json\/wp\/v2\/comments?post=76881"}],"version-history":[{"count":0,"href":"https:\/\/www.europesays.com\/fr\/wp-json\/wp\/v2\/posts\/76881\/revisions"}],"wp:featuredmedia":[{"embeddable":true,"href":"https:\/\/www.europesays.com\/fr\/wp-json\/wp\/v2\/media\/76882"}],"wp:attachment":[{"href":"https:\/\/www.europesays.com\/fr\/wp-json\/wp\/v2\/media?parent=76881"}],"wp:term":[{"taxonomy":"category","embeddable":true,"href":"https:\/\/www.europesays.com\/fr\/wp-json\/wp\/v2\/categories?post=76881"},{"taxonomy":"post_tag","embeddable":true,"href":"https:\/\/www.europesays.com\/fr\/wp-json\/wp\/v2\/tags?post=76881"}],"curies":[{"name":"wp","href":"https:\/\/api.w.org\/{rel}","templated":true}]}}