{"id":768929,"date":"2026-03-01T22:40:15","date_gmt":"2026-03-01T22:40:15","guid":{"rendered":"https:\/\/www.europesays.com\/fr\/768929\/"},"modified":"2026-03-01T22:40:15","modified_gmt":"2026-03-01T22:40:15","slug":"en-direct-frappes-sur-liran-la-france-lallemagne-et-le-royaume-uni-se-disent-prets-a-mener-des-actions-defensives","status":"publish","type":"post","link":"https:\/\/www.europesays.com\/fr\/768929\/","title":{"rendered":"EN DIRECT &#8211; Frappes sur l&rsquo;Iran : La France, l&rsquo;Allemagne et le Royaume-Uni se disent pr\u00eats \u00e0 mener des \u00ab\u00a0actions d\u00e9fensives\u00a0\u00bb"},"content":{"rendered":"<p>      Le Royaume-Uni affirme que deux missiles balistiques ont \u00e9t\u00e9 tir\u00e9s \u00ab\u00a0en direction de Chypre\u00a0\u00bb<\/p>\n<p>Le ministre britannique de la D\u00e9fense a d\u00e9clar\u00e9 que \u00ab\u00a0deux missiles balistiques\u00a0\u00bb avaient \u00e9t\u00e9 \u00ab\u00a0tir\u00e9s en direction de Chypre\u00a0\u00bb, illustration des \u00ab\u00a0repr\u00e9sailles indiscrimin\u00e9es\u00a0\u00bb de l&rsquo;Iran apr\u00e8s les frappes am\u00e9ricano-isra\u00e9liennes, tout en soulignant qu&rsquo;ils ne visaient pas \u00e0 priori l&rsquo;\u00eele m\u00e9diterran\u00e9enne.<\/p>\n<p>\u00ab\u00a0Nous avons eu deux missiles balistiques tir\u00e9s en direction de Chypre\u00a0\u00bb, a indiqu\u00e9 John Healey \u00e0 la\u00a0<a class=\"link\" href=\"https:\/\/www.bbc.com\/news\/articles\/crrxkjxg1zpo\" rel=\"nofollow noopener\" target=\"_blank\">BBC<\/a>, en pr\u00e9cisant que des avions de combat britanniques participaient \u00e0 des actions \u00ab\u00a0d\u00e9fensives\u00a0\u00bb dans la r\u00e9gion, op\u00e9rant depuis la base a\u00e9rienne du Royaume-Uni sur l&rsquo;\u00eele et depuis une base au Qatar. &#13;<\/p>\n<p>\u00ab\u00a0Nous sommes d\u00e9sormais assez certains qu&rsquo;ils n&rsquo;\u00e9taient pas destin\u00e9s \u00e0 frapper Chypre, mais cela montre \u00e0 quel point nos bases, notre personnel militaire et civils, sont actuellement en danger\u00a0\u00bb, a-t-il ajout\u00e9, sans fournir davantage de d\u00e9tails sur les missiles ni sur une \u00e9ventuelle interception de ceux-ci. &#13;<\/p>\n<p>Le pr\u00e9sident chypriote Nikos Christodoulides a indiqu\u00e9 sur X avoir \u00e9t\u00e9 appel\u00e9 par le Premier ministre britannique Keir Starmer. \u00ab\u00a0Il a confirm\u00e9 clairement et sans \u00e9quivoque que Chypre n&rsquo;\u00e9tait pas une cible. Nous restons en communication directe\u00a0\u00bb, a-t-il ajout\u00e9. &#13;<\/p>\n<p>Pour John Healey, cet incident illustre \u00ab\u00a0une situation vraiment grave et qui se d\u00e9t\u00e9riore\u00a0\u00bb au Moyen-Orient, avec des \u00ab\u00a0risques croissants de repr\u00e9sailles indiscrimin\u00e9es, de plus en plus nombreuses de l&rsquo;Iran\u00a0\u00bb.<\/p>\n<p>Partager<\/p>\n","protected":false},"excerpt":{"rendered":"Le Royaume-Uni affirme que deux missiles balistiques ont \u00e9t\u00e9 tir\u00e9s \u00ab\u00a0en direction de Chypre\u00a0\u00bb Le ministre britannique de&hellip;\n","protected":false},"author":2,"featured_media":768930,"comment_status":"","ping_status":"","sticky":false,"template":"","format":"standard","meta":{"footnotes":"","_share_on_mastodon":"0"},"categories":[1587],"tags":[11,672,1804,31122,1805,1803,1777,674,107,1801,14,3019,664,12,1802],"class_list":["post-768929","post","type-post","status-publish","format-standard","has-post-thumbnail","category-allemagne","tag-actualites","tag-allemagne","tag-bundesrepublik-deutschland","tag-conflit-israel-iran","tag-de","tag-deutschland","tag-eu","tag-europe","tag-fil-info","tag-germany","tag-international","tag-iran","tag-israel","tag-news","tag-republique-federale-dallemagne"],"share_on_mastodon":{"url":"https:\/\/pubeurope.com\/@fr\/116156329222480545","error":""},"_links":{"self":[{"href":"https:\/\/www.europesays.com\/fr\/wp-json\/wp\/v2\/posts\/768929","targetHints":{"allow":["GET"]}}],"collection":[{"href":"https:\/\/www.europesays.com\/fr\/wp-json\/wp\/v2\/posts"}],"about":[{"href":"https:\/\/www.europesays.com\/fr\/wp-json\/wp\/v2\/types\/post"}],"author":[{"embeddable":true,"href":"https:\/\/www.europesays.com\/fr\/wp-json\/wp\/v2\/users\/2"}],"replies":[{"embeddable":true,"href":"https:\/\/www.europesays.com\/fr\/wp-json\/wp\/v2\/comments?post=768929"}],"version-history":[{"count":0,"href":"https:\/\/www.europesays.com\/fr\/wp-json\/wp\/v2\/posts\/768929\/revisions"}],"wp:featuredmedia":[{"embeddable":true,"href":"https:\/\/www.europesays.com\/fr\/wp-json\/wp\/v2\/media\/768930"}],"wp:attachment":[{"href":"https:\/\/www.europesays.com\/fr\/wp-json\/wp\/v2\/media?parent=768929"}],"wp:term":[{"taxonomy":"category","embeddable":true,"href":"https:\/\/www.europesays.com\/fr\/wp-json\/wp\/v2\/categories?post=768929"},{"taxonomy":"post_tag","embeddable":true,"href":"https:\/\/www.europesays.com\/fr\/wp-json\/wp\/v2\/tags?post=768929"}],"curies":[{"name":"wp","href":"https:\/\/api.w.org\/{rel}","templated":true}]}}