{"id":76893,"date":"2025-05-05T14:52:07","date_gmt":"2025-05-05T14:52:07","guid":{"rendered":"https:\/\/www.europesays.com\/fr\/76893\/"},"modified":"2025-05-05T14:52:07","modified_gmt":"2025-05-05T14:52:07","slug":"la-salle-de-concerts-secret-place-menacee-dexpulsion","status":"publish","type":"post","link":"https:\/\/www.europesays.com\/fr\/76893\/","title":{"rendered":"la salle de concerts Secret Place menac\u00e9e d&rsquo;expulsion"},"content":{"rendered":"<p>            Par<br \/>\n        <strong><br \/>\n            <a href=\"https:\/\/actu.fr\/auteur\/jm-aubert\" title=\"Consulter tous les articles de Jean-Marc Aubert\" rel=\"nofollow noopener\" target=\"_blank\">Jean-Marc Aubert<\/a><br \/>\n        <\/strong><\/p>\n<p>        Publi\u00e9 le<\/p>\n<p>            5 mai 2025 \u00e0 16h16        <\/p>\n<p>Un coup dur pour la culture dans la M\u00e9tropole de Montpellier : l\u2019incontournable salle de concerts\u00a0<strong>Secret Place<\/strong>, dans la zone industrielle de la Lauze, sur la route de S\u00e8te, \u00e0 <strong>Saint-Jean-de-V\u00e9das<\/strong> se trouve sous le coup d\u2019une menace d\u2019expulsion, apr\u00e8s un arr\u00eat de la cour d\u2019appel de Montpellier.<\/p>\n<p class=\" wall-content\">L\u2019avocat montpelli\u00e9rain des g\u00e9rants, Me <strong>Maxime Martinez<\/strong> confirme l\u2019information \u00e0 <strong>M\u00e9tropolitain,<\/strong> ce lundi 5 mai 2025 : \u00ab\u00a0Ce mercredi 30 avril, la cour d\u2019appel a refus\u00e9 d\u2019accorder les d\u00e9lais de paiement que les g\u00e9rants ont sollicit\u00e9 lors d\u2019une audience, ce qui ouvre la voie \u00e0 une expulsion.\u00a0Comme tant d\u2019autres lieux culturels, la Secret Place a e\u0301te\u0301 durement frappe\u0301e par la crise sanitaire de la Covid.\u00a0Les mois de fermeture et la reprise chaotique ont gravement de\u0301se\u0301quilibre\u0301 sa tre\u0301sorerie. Faute de pouvoir honorer ses loyers a\u0300 temps, et malgre\u0301 des engagements de soutien des collectivite\u0301s qui, au mieux, se sont tardivement concre\u0301tise\u0301s, le bailleur a engage\u0301 contre elle une proce\u0301dure de re\u0301siliation du bail\u00a0\u00bb. Les semaines de la salle de concerts sont donc compt\u00e9es avant sa fermeture.<\/p>\n<p>    <a href=\"https:\/\/www.google.com\/maps\/embed?pb=!1m18!1m12!1m3!1d14894.163784749828!2d3.843434382876692!3d43.56043270188904!2m3!1f0!2f0!3f0!3m2!1i1024!2i768!4f13.1!3m3!1m2!1s0x12b6b1e8f4998f8f%3A0x874a74473b00313a!2sSECRET%20PLACE!5e0!3m2!1sfr!2sfr!4v1746454303230!5m2!1sfr!2sfr\" title=\"Ouvrie le lien\" rel=\"nofollow noopener\" target=\"_blank\">Cliquez ici pour visualiser le contenu<\/a><\/p>\n<p class=\" wall-content\">Depuis plus de vingt ans la Secret Place fait battre le c\u0153ur de la sce\u0300ne rock alternative.\u00a0Emble\u0301matique elle a vu de\u0301filer les pointures du punk, du metal, du ska ou du hardcore \u2013 des Sheriff a\u0300 The Exploited, de Sick of It All aux Skatalites, porte\u0301es par une programmation audacieuse et sans compromis.<\/p>\n<p class=\" wall-content\">Lieu de vie associatif, de sueur et de liberte\u0301, la Secret Place est un bastion culturel, une terre d\u2019accueil pour les musiques inde\u0301pendantes, les e\u0301nergies indociles. Elle\u00a0a toujours donne\u0301 les plus beaux riffs, les hurlements d\u2019ampli les plus sauvages, les solos de batterie les plus fe\u0301roces : les prochains pourraient e\u0302tre aussi les derniers. Une course contre la montre s\u2019organise.<\/p>\n<p>Vid\u00e9os : en ce moment sur Actu<\/p>\n<p class=\" wall-content\">\u00ab\u00a0Au-dela\u0300 de la bataille judiciaire qui se poursuit, Secret Place lance un appel aux consciences et a\u0300 l\u2019engagement. Si elle est de\u0301branche\u0301e le seront avec elle un e\u0301lan, une e\u0301nergie, un souffle de vie puissant et essentiel.\u00a0Secret Place et l\u2019association TAF organisent une confe\u0301rence de presse, ce mardi\u00a06 mai 2025, a\u0300 11 heures, sur la grande sc\u00e8ne de la Lauze.<\/p>\n<p class=\" wall-content\">Suivez toute l\u2019actualit\u00e9 de vos villes et m\u00e9dias favoris en vous inscrivant \u00e0 <a href=\"https:\/\/moncompte.actu.fr\" title=\"D\u00e9couvez Mon Actu\" rel=\"nofollow noopener\" data-trk=\"{&quot;cta&quot;:{&quot;action&quot;:&quot;https:\\\/\\\/moncompte.actu.fr&quot;,&quot;category&quot;:&quot;mon compte&quot;,&quot;from&quot;:&quot;article footer&quot;,&quot;name&quot;:&quot;Mon actu&quot;,&quot;type&quot;:&quot;cta&quot;}}\" target=\"_blank\">Mon Actu<\/a>.<\/p>\n","protected":false},"excerpt":{"rendered":"Par Jean-Marc Aubert Publi\u00e9 le 5 mai 2025 \u00e0 16h16 Un coup dur pour la culture dans la&hellip;\n","protected":false},"author":2,"featured_media":76894,"comment_status":"","ping_status":"","sticky":false,"template":"","format":"standard","meta":{"footnotes":""},"categories":[9599],"tags":[1111,11,1697,1777,674,1011,27,1652,2208,12,2680,25],"class_list":{"0":"post-76893","1":"post","2":"type-post","3":"status-publish","4":"format-standard","5":"has-post-thumbnail","7":"category-montpellier","8":"tag-actu","9":"tag-actualites","10":"tag-concert","11":"tag-eu","12":"tag-europe","13":"tag-fr","14":"tag-france","15":"tag-loisirs-culture","16":"tag-montpellier","17":"tag-news","18":"tag-occitanie","19":"tag-republique-francaise"},"share_on_mastodon":{"url":"https:\/\/pubeurope.com\/@fr\/114455795705512633","error":""},"_links":{"self":[{"href":"https:\/\/www.europesays.com\/fr\/wp-json\/wp\/v2\/posts\/76893","targetHints":{"allow":["GET"]}}],"collection":[{"href":"https:\/\/www.europesays.com\/fr\/wp-json\/wp\/v2\/posts"}],"about":[{"href":"https:\/\/www.europesays.com\/fr\/wp-json\/wp\/v2\/types\/post"}],"author":[{"embeddable":true,"href":"https:\/\/www.europesays.com\/fr\/wp-json\/wp\/v2\/users\/2"}],"replies":[{"embeddable":true,"href":"https:\/\/www.europesays.com\/fr\/wp-json\/wp\/v2\/comments?post=76893"}],"version-history":[{"count":0,"href":"https:\/\/www.europesays.com\/fr\/wp-json\/wp\/v2\/posts\/76893\/revisions"}],"wp:featuredmedia":[{"embeddable":true,"href":"https:\/\/www.europesays.com\/fr\/wp-json\/wp\/v2\/media\/76894"}],"wp:attachment":[{"href":"https:\/\/www.europesays.com\/fr\/wp-json\/wp\/v2\/media?parent=76893"}],"wp:term":[{"taxonomy":"category","embeddable":true,"href":"https:\/\/www.europesays.com\/fr\/wp-json\/wp\/v2\/categories?post=76893"},{"taxonomy":"post_tag","embeddable":true,"href":"https:\/\/www.europesays.com\/fr\/wp-json\/wp\/v2\/tags?post=76893"}],"curies":[{"name":"wp","href":"https:\/\/api.w.org\/{rel}","templated":true}]}}