{"id":768958,"date":"2026-03-01T23:00:13","date_gmt":"2026-03-01T23:00:13","guid":{"rendered":"https:\/\/www.europesays.com\/fr\/768958\/"},"modified":"2026-03-01T23:00:13","modified_gmt":"2026-03-01T23:00:13","slug":"une-rumeur-majeure-sur-x-men-97-dementie-par-une-star-au-grand-regret-des-fans-marvel","status":"publish","type":"post","link":"https:\/\/www.europesays.com\/fr\/768958\/","title":{"rendered":"Une rumeur majeure sur X-Men \u201997 d\u00e9mentie par une star, au grand regret des fans Marvel"},"content":{"rendered":"<p class=\"chapo\">Une rumeur largement relay\u00e9e autour de la s\u00e9rie anim\u00e9e X-Men \u201997 vient d\u2019\u00eatre d\u00e9mentie par l\u2019un des acteurs principaux, mettant ainsi fin aux sp\u00e9culations les plus enthousiastes et laissant de nombreux fans de Marvel sur leur faim.<\/p>\n<p>Tl;dr<\/p>\n<ul>\n<li>Neve Campbell nie avoir rejoint <strong>X-Men \u201997<\/strong>.<\/li>\n<li>Le sc\u00e9nariste Beau DeMayo affirme l\u2019avoir engag\u00e9e pour Polaris.<\/li>\n<li>Rumeurs aliment\u00e9es, incertitude autour de la saison 2.<\/li>\n<\/ul>\n<p>Une rumeur persistante autour de Neve Campbell et X-Men \u201997<\/p>\n<p>Le retour tr\u00e8s attendu de <a href=\"https:\/\/www.begeek.fr\/x-men-97-pourquoi-la-serie-a-abandonne-toute-logique-autour-du-manoir-des-x-men-427396\" rel=\"nofollow noopener\" target=\"_blank\"><strong>X-Men \u201997<\/strong><\/a>, suite directe du dessin anim\u00e9 culte des ann\u00e9es 1990, suscite d\u00e9j\u00e0 les discussions alors que la deuxi\u00e8me saison est en pr\u00e9paration. Ces derni\u00e8res semaines, une rumeur tenace s\u2019est propag\u00e9e sur les r\u00e9seaux sociaux : Neve Campbell, ic\u00f4ne des ann\u00e9es 1990 et star de la saga Scream, aurait \u00e9t\u00e9 choisie pour pr\u00eater sa voix \u00e0 Polaris, un personnage mutant bien connu des fans. Pourtant, face \u00e0 l\u2019emballement m\u00e9diatique, la principale int\u00e9ress\u00e9e vient d\u2019apporter une r\u00e9ponse sans d\u00e9tour.<\/p>\n<p>Quand les versions divergent : entre d\u00e9claration officielle et affirmation sc\u00e9naristique<\/p>\n<p>Interrog\u00e9e lors d\u2019une interview avec The Movie Dweeb dans le cadre de la promotion de son film <a href=\"https:\/\/www.begeek.fr\/scream-7-5-theories-sur-lidentite-du-tueur-dont-3-retours-possibles-428135\" rel=\"nofollow noopener\" target=\"_blank\">Scream 7<\/a>, Neve Campbell a clairement balay\u00e9 la rumeur : \u00ab\u00a0Je ne l\u2019ai pas fait.\u00a0\u00bb \u00c0 ses yeux, il ne s\u2019agit que d\u2019un bruit de couloir parmi tant d\u2019autres. \u00ab\u00a0C\u2019est quand m\u00eame incroyable ce qu\u2019internet peut inventer\u2026\u00a0\u00bb, a-t-elle ajout\u00e9 avec un sourire entendu. Cette d\u00e9n\u00e9gation tranche avec les propos pr\u00e9c\u00e9dents du sc\u00e9nariste principal \u00e9vinc\u00e9 de la s\u00e9rie, Beau DeMayo. Avant son licenciement par <strong>Disney<\/strong>, DeMayo affirmait publiquement avoir recrut\u00e9 Campbell pour incarner Polaris dans cette nouvelle saison, laissant entendre qu\u2019elle avait d\u00e9j\u00e0 r\u00e9alis\u00e9 un travail vocal remarquable.<\/p>\n<p>Le jeu trouble des non-dits et des NDA<\/p>\n<p>D\u2019o\u00f9 vient cette discordance ? Si certains avancent que l\u2019actrice aurait pu \u00eatre initialement engag\u00e9e avant que le projet ne soit remani\u00e9 apr\u00e8s le d\u00e9part de DeMayo, aucune preuve tangible n\u2019est venue corroborer ses affirmations. Sur X (anciennement Twitter), le sc\u00e9nariste avait pourtant rectifi\u00e9 un post affirmant que Campbell rejoignait le MCU : \u00ab\u00a0C\u2019est incorrect. Je l\u2019ai choisie comme Polaris dans la saison 2 de X-Men \u201997. Elle apporte quelque chose de nouveau.\u00a0\u00bb Mais face au silence \u2013 voire aux d\u00e9mentis \u2013 des principaux int\u00e9ress\u00e9s, difficile de d\u00e9m\u00ealer le vrai du faux.<\/p>\n<p>Voici ce que l\u2019on sait :<\/p>\n<ul>\n<li><strong>Polaris<\/strong>, rare dans la s\u00e9rie originelle, n\u2019a fait qu\u2019une apparition muette lors de la premi\u00e8re saison du reboot.<\/li>\n<li>L\u2019implication potentielle d\u2019une actrice aussi embl\u00e9matique que Campbell aurait ravi une partie du public nostalgique.<\/li>\n<li>L\u2019existence de clauses strictes (<strong>NDA Disney\/Marvel<\/strong>) pourrait expliquer certains non-dits ou d\u00e9clarations contradictoires.<\/li>\n<\/ul>\n<p>Entre nostalgie et attentes pour la suite<\/p>\n<p>Malgr\u00e9 l\u2019engouement g\u00e9n\u00e9r\u00e9 par cette possible participation, il semble que la pr\u00e9sence vocale de Neve Campbell au casting soit loin d\u2019\u00eatre acquise. Reste \u00e0 savoir si ce flou artistique profitera \u00e0 la communication autour de cette seconde saison d\u00e9j\u00e0 attendue comme un \u00e9v\u00e9nement chez les amateurs d\u2019animation super-h\u00e9ro\u00efque.<\/p>\n","protected":false},"excerpt":{"rendered":"Une rumeur largement relay\u00e9e autour de la s\u00e9rie anim\u00e9e X-Men \u201997 vient d\u2019\u00eatre d\u00e9mentie par l\u2019un des acteurs&hellip;\n","protected":false},"author":2,"featured_media":768959,"comment_status":"","ping_status":"","sticky":false,"template":"","format":"standard","meta":{"footnotes":"","_share_on_mastodon":"0"},"categories":[1354],"tags":[58,59,1346,1011,27,1360],"class_list":["post-768958","post","type-post","status-publish","format-standard","has-post-thumbnail","category-films","tag-divertissement","tag-entertainment","tag-films","tag-fr","tag-france","tag-movies"],"share_on_mastodon":{"url":"https:\/\/pubeurope.com\/@fr\/116156407749124665","error":""},"_links":{"self":[{"href":"https:\/\/www.europesays.com\/fr\/wp-json\/wp\/v2\/posts\/768958","targetHints":{"allow":["GET"]}}],"collection":[{"href":"https:\/\/www.europesays.com\/fr\/wp-json\/wp\/v2\/posts"}],"about":[{"href":"https:\/\/www.europesays.com\/fr\/wp-json\/wp\/v2\/types\/post"}],"author":[{"embeddable":true,"href":"https:\/\/www.europesays.com\/fr\/wp-json\/wp\/v2\/users\/2"}],"replies":[{"embeddable":true,"href":"https:\/\/www.europesays.com\/fr\/wp-json\/wp\/v2\/comments?post=768958"}],"version-history":[{"count":0,"href":"https:\/\/www.europesays.com\/fr\/wp-json\/wp\/v2\/posts\/768958\/revisions"}],"wp:featuredmedia":[{"embeddable":true,"href":"https:\/\/www.europesays.com\/fr\/wp-json\/wp\/v2\/media\/768959"}],"wp:attachment":[{"href":"https:\/\/www.europesays.com\/fr\/wp-json\/wp\/v2\/media?parent=768958"}],"wp:term":[{"taxonomy":"category","embeddable":true,"href":"https:\/\/www.europesays.com\/fr\/wp-json\/wp\/v2\/categories?post=768958"},{"taxonomy":"post_tag","embeddable":true,"href":"https:\/\/www.europesays.com\/fr\/wp-json\/wp\/v2\/tags?post=768958"}],"curies":[{"name":"wp","href":"https:\/\/api.w.org\/{rel}","templated":true}]}}