{"id":76903,"date":"2025-05-05T14:57:11","date_gmt":"2025-05-05T14:57:11","guid":{"rendered":"https:\/\/www.europesays.com\/fr\/76903\/"},"modified":"2025-05-05T14:57:11","modified_gmt":"2025-05-05T14:57:11","slug":"grenoble-les-avocats-sopposent-a-la-reforme-du-droit-des-mineurs","status":"publish","type":"post","link":"https:\/\/www.europesays.com\/fr\/76903\/","title":{"rendered":"Grenoble : les avocats s&rsquo;opposent \u00e0 la r\u00e9forme du droit des mineurs"},"content":{"rendered":"<p>Le 5 mai, une partie des <strong>avocats inscrits au barreau de Grenoble<\/strong> \u00e9tait rassembl\u00e9e sur le parvis du Palais de justice pour dire leur <strong>opposition au projet de loi Attal en mati\u00e8re de droit des mineurs.<\/strong> <\/p>\n<p>R\u00e9unis derri\u00e8re leur <strong>b\u00e2tonni\u00e8re, Mich\u00e8le Girot-Marc<\/strong>, ils ont expliqu\u00e9 les motifs de leur m\u00e9contentement. \u00ab\u00a0Une fois encore, le politique prend des mesures rapides, dans la pr\u00e9cipitation pour r\u00e9pondre \u00e0 des faits divers &#8211; aussi atroces soient-ils \u2013 alors que le Code de justice p\u00e9nale des mineurs est encore frais\u00a0\u00bb commen\u00e7ait la b\u00e2tonni\u00e8re, avant de d\u00e9noncer les <strong>proc\u00e9dures de comparution imm\u00e9diate<\/strong> pour les mineurs \u00ab\u00a0proc\u00e9dure exp\u00e9ditive qui ne permet pas d&rsquo;avoir connaissance des \u00e9l\u00e9ments de personnalit\u00e9\u00a0\u00bb. <\/p>\n<p>\u00a0Une instrumentalisation \u00e0 des fins s\u00e9curitaires ? <\/p>\n<p>La b\u00e2tonni\u00e8re pr\u00e9cisait par ailleurs : \u00ab\u00a0S&rsquo;il s&rsquo;agit de juger rapidement, le Code de justice des mineurs permet d\u00e9j\u00e0 d&rsquo;avoir une proc\u00e9dure et une audience assez rapide. Il permet aussi d&rsquo;apporter les mesures coercitives envers les mineurs de plus de 16 ans pour une r\u00e9ponse rapide, tout en garantissant la protection du mineur vu la sp\u00e9cificit\u00e9 de sa vuln\u00e9rabilit\u00e9\u00a0\u00bb.<\/p>\n<p> <img decoding=\"async\" alt=\"\" data-zoomable=\"\" height=\"1500\" loading=\"lazy\" src=\"https:\/\/www.europesays.com\/fr\/wp-content\/uploads\/2025\/05\/manifestation-des-avocats-grenoblois-contre-le-projet-de-loi-attal-2.jpg\" width=\"2000\"\/> <\/p>\n<p>\u00a9 Caroline Thermoz-Liaudy &#8211; Les avocats du barreau de Grenoble se sont r\u00e9unis le 5 mai \u00e0 la mi-journ\u00e9e. <\/p>\n<p>Un effacement de certaines caract\u00e9ristiques sp\u00e9cifiques du droit p\u00e9nal des mineurs, qui tend selon les avocats, \u00e0 une <strong>homog\u00e9n\u00e9isation \u00ab\u00a0inacceptable\u00a0\u00bb entre la proc\u00e9dure des majeurs et des mineurs.<\/strong> Car l&rsquo;autre point noir, c&rsquo;est la <strong>suppression de l&rsquo;att\u00e9nuation de la responsabilit\u00e9 p\u00e9nale<\/strong> pour les mineurs de plus de 16 ans.<\/p>\n<blockquote>\n<p>\u00ab\u00a0Cela montre une grande d\u00e9fiance \u00e0 l&rsquo;\u00e9gard des magistrats, qui sera oblig\u00e9 de sp\u00e9cifier quand l&rsquo;excuse de minorit\u00e9 sera retenue. Or, ce principe ne consiste nullement \u00e0 excuser un mineur pour les faits qu&rsquo;il a commis, mais \u00e0 adapter la peine maximale en raison de sa capacit\u00e9 de discernement, qui ne peut pas \u00eatre la m\u00eame que celle d&rsquo;un adulte\u00a0\u00bb. <\/p>\n<\/blockquote>\n<p>Les avocats s&rsquo;alarmaient enfin de la proposition de peines d&#8217;emprisonnement ferme pour des peines allant jusqu&rsquo;\u00e0 un mois \u00ab\u00a0alors que l&rsquo;inefficacit\u00e9 carc\u00e9rale est document\u00e9e\u00a0\u00bb. <\/p>\n<p>Et de rappeler que ces propositions constituent des <strong>atteintes aux engagements internationaux<\/strong> pris par la France dans la Convention internationale des Droits de l&rsquo;enfant, adopt\u00e9 par les Nations-Unis. \u00ab\u00a0Il y a lieu de douter de l&rsquo;efficacit\u00e9 r\u00e9elle de ces diff\u00e9rentes dispositions, quand l&rsquo;instrumentalisation de la justice p\u00e9nale des mineurs, intervient \u00e0 des fins exclusivement s\u00e9curitaires, contraires aux principes fondamentaux comme aux r\u00e9alit\u00e9s carc\u00e9rales.\u00a0\u00bb <\/p>\n<p>D&rsquo;autres barreaux r\u00e9gionaux oppos\u00e9s au projet de loi Attal <\/p>\n","protected":false},"excerpt":{"rendered":"Le 5 mai, une partie des avocats inscrits au barreau de Grenoble \u00e9tait rassembl\u00e9e sur le parvis du&hellip;\n","protected":false},"author":2,"featured_media":76904,"comment_status":"","ping_status":"","sticky":false,"template":"","format":"standard","meta":{"footnotes":""},"categories":[9566],"tags":[1111,11,2430,16658,18247,1777,674,1011,27,2731,18248,12,25],"class_list":{"0":"post-76903","1":"post","2":"type-post","3":"status-publish","4":"format-standard","5":"has-post-thumbnail","7":"category-grenoble","8":"tag-actu","9":"tag-actualites","10":"tag-auvergne-rhone-alpes","11":"tag-avocats","12":"tag-barreau-de-grenoble","13":"tag-eu","14":"tag-europe","15":"tag-fr","16":"tag-france","17":"tag-grenoble","18":"tag-loi-attal","19":"tag-news","20":"tag-republique-francaise"},"share_on_mastodon":{"url":"https:\/\/pubeurope.com\/@fr\/114455815667030944","error":""},"_links":{"self":[{"href":"https:\/\/www.europesays.com\/fr\/wp-json\/wp\/v2\/posts\/76903","targetHints":{"allow":["GET"]}}],"collection":[{"href":"https:\/\/www.europesays.com\/fr\/wp-json\/wp\/v2\/posts"}],"about":[{"href":"https:\/\/www.europesays.com\/fr\/wp-json\/wp\/v2\/types\/post"}],"author":[{"embeddable":true,"href":"https:\/\/www.europesays.com\/fr\/wp-json\/wp\/v2\/users\/2"}],"replies":[{"embeddable":true,"href":"https:\/\/www.europesays.com\/fr\/wp-json\/wp\/v2\/comments?post=76903"}],"version-history":[{"count":0,"href":"https:\/\/www.europesays.com\/fr\/wp-json\/wp\/v2\/posts\/76903\/revisions"}],"wp:featuredmedia":[{"embeddable":true,"href":"https:\/\/www.europesays.com\/fr\/wp-json\/wp\/v2\/media\/76904"}],"wp:attachment":[{"href":"https:\/\/www.europesays.com\/fr\/wp-json\/wp\/v2\/media?parent=76903"}],"wp:term":[{"taxonomy":"category","embeddable":true,"href":"https:\/\/www.europesays.com\/fr\/wp-json\/wp\/v2\/categories?post=76903"},{"taxonomy":"post_tag","embeddable":true,"href":"https:\/\/www.europesays.com\/fr\/wp-json\/wp\/v2\/tags?post=76903"}],"curies":[{"name":"wp","href":"https:\/\/api.w.org\/{rel}","templated":true}]}}