{"id":76934,"date":"2025-05-05T15:13:08","date_gmt":"2025-05-05T15:13:08","guid":{"rendered":"https:\/\/www.europesays.com\/fr\/76934\/"},"modified":"2025-05-05T15:13:08","modified_gmt":"2025-05-05T15:13:08","slug":"pres-de-marseille-le-maire-de-cette-commune-pendant-44-ans-est-mort-dune-maladie-soudaine","status":"publish","type":"post","link":"https:\/\/www.europesays.com\/fr\/76934\/","title":{"rendered":"Pr\u00e8s de Marseille. Le maire de cette commune pendant 44 ans est mort d&rsquo;une \u00ab\u00a0maladie soudaine\u00a0\u00bb"},"content":{"rendered":"<p>            Par<br \/>\n        <strong><br \/>\n            <a href=\"https:\/\/actu.fr\/auteur\/fabien-binacchi\" title=\"Consulter tous les articles de Fabien Binacchi\" target=\"_blank\" rel=\"noopener\">Fabien Binacchi<\/a><br \/>\n        <\/strong><\/p>\n<p>        Publi\u00e9 le<\/p>\n<p>            5 mai 2025 \u00e0 16h52        <\/p>\n<p>Une exceptionnelle long\u00e9vit\u00e9 pour un d\u00e9part d\u2019autant plus brutal.<\/p>\n<p class=\" wall-content\">Georges Rosso, maire jusqu\u2019\u00e0 f\u00e9vrier dernier et pendant 44 ans de la commune du <a href=\"https:\/\/actu.fr\/provence-alpes-cote-d-azur\/le-rove_13088\" target=\"_blank\" rel=\"noopener\">Rove<\/a> (<a href=\"https:\/\/actu.fr\/provence-alpes-cote-d-azur\/bouches-du-rhone_13\" target=\"_blank\" rel=\"noopener\">Bouches-du-Rh\u00f4ne<\/a>), pr\u00e8s de <a href=\"https:\/\/actu.fr\/marseille\/\" target=\"_blank\" rel=\"noopener\">Marseille<\/a>, a \u00e9t\u00e9 emport\u00e9 par \u00ab\u2009une maladie soudaine\u2009\u00bb.<\/p>\n<p class=\" wall-content\">Il est mort dans la nuit de ce lundi 5\u00a0mai 2025 <strong>\u00e0 l\u2019\u00e2ge de 95 ans.<\/strong><\/p>\n<p>Il avait pass\u00e9 le relais en f\u00e9vrier<\/p>\n<p class=\" wall-content\">\u00c9lu conseiller municipal en 1971 et <strong>maire depuis 1981,<\/strong> Georges Rosso a tenu les r\u00eanes de la Ville du Rove<strong> jusqu\u2019au mois de f\u00e9vrier dernier.<\/strong> \u00c2g\u00e9e de 95\u00a0ans, cette figure locale du Parti communiste fran\u00e7ais (PCF) avait annonc\u00e9 dans un courrier \u00e0 ses administr\u00e9s qu\u2019il passait la main \u00e0 son premier adjoint Paul Sabatino.<\/p>\n<p class=\" wall-content\">C\u2019est lui qui a fait part, dans un communiqu\u00e9 publi\u00e9 ce lundi 5\u00a0mai, du d\u00e9c\u00e8s de son pr\u00e9d\u00e9cesseur \u00ab\u2009cette nuit, \u00e0 l\u2019h\u00f4pital, d\u2019une maladie soudaine et <strong>irr\u00e9versible\u2009<\/strong>\u00bb.<\/p>\n<p>Vid\u00e9os : en ce moment sur Actu<\/p>\n<p class=\" wall-content\">Il pr\u00e9cise que les drapeaux de la mairie ont \u00e9t\u00e9 mis en berne.<\/p>\n<p>\u00ab\u2009Toujours fid\u00e8le \u00e0 ses convictions\u2009\u00bb<\/p>\n<p class=\" wall-content\">Maire honoraire et adjoint depuis sa d\u00e9cision d\u2019il y a quelques semaines, Georges Rosso \u00e9tait \u00e9galement vice-pr\u00e9sident de la m\u00e9tropole Aix-Marseille Provence.<\/p>\n<p class=\" wall-content\">Martine Vassal, la pr\u00e9sidente LR de la collectivit\u00e9, a rendu hommage \u00e0 \u00ab\u2009un ami avant tout\u2009\u00bb, \u00e0 \u00ab\u2009<strong>un homme d\u2019une grande constance,<\/strong> toujours fid\u00e8le \u00e0 ses convictions et attentif aux autres\u2009\u00bb. \u00ab\u2009Preuve que l\u2019amiti\u00e9 peut d\u00e9passer les couleurs politiques lorsque l\u2019int\u00e9r\u00eat du territoire passe avant tout\u2009\u00bb, avance aussi l\u2019\u00e9lue, sur X.<\/p>\n<p class=\" wall-content\">\n<p class=\" wall-content\">Le maire DVG de Marseille Beno\u00eet Payan salue \u00e9galement sur le r\u00e9seau social \u00ab\u2009la m\u00e9moire d\u2019<strong>un infatigable d\u00e9fenseur de sa commune<\/strong>\u2009\u00bb qui \u00ab\u2009n\u2019a eu d\u2019autre boussole que la justice et la d\u00e9fense des g\u00e9n\u00e9rations futures\u2009\u00bb.<\/p>\n<p class=\" wall-content\">Suivez toute l\u2019actualit\u00e9 de vos villes et m\u00e9dias favoris en vous inscrivant \u00e0 <a href=\"https:\/\/moncompte.actu.fr\" title=\"D\u00e9couvez Mon Actu\" rel=\"nofollow noopener\" data-trk=\"{&quot;cta&quot;:{&quot;action&quot;:&quot;https:\\\/\\\/moncompte.actu.fr&quot;,&quot;category&quot;:&quot;mon compte&quot;,&quot;from&quot;:&quot;article footer&quot;,&quot;name&quot;:&quot;Mon actu&quot;,&quot;type&quot;:&quot;cta&quot;}}\" target=\"_blank\">Mon Actu<\/a>.<\/p>\n","protected":false},"excerpt":{"rendered":"Par Fabien Binacchi Publi\u00e9 le 5 mai 2025 \u00e0 16h52 Une exceptionnelle long\u00e9vit\u00e9 pour un d\u00e9part d\u2019autant plus&hellip;\n","protected":false},"author":2,"featured_media":76935,"comment_status":"","ping_status":"","sticky":false,"template":"","format":"standard","meta":{"footnotes":""},"categories":[2814],"tags":[1111,11,6469,1777,674,1011,27,884,12,882,25,104],"class_list":{"0":"post-76934","1":"post","2":"type-post","3":"status-publish","4":"format-standard","5":"has-post-thumbnail","7":"category-marseille","8":"tag-actu","9":"tag-actualites","10":"tag-benoit-payan","11":"tag-eu","12":"tag-europe","13":"tag-fr","14":"tag-france","15":"tag-marseille","16":"tag-news","17":"tag-provence-alpes-cote-dazur","18":"tag-republique-francaise","19":"tag-societe"},"share_on_mastodon":{"url":"https:\/\/pubeurope.com\/@fr\/114455878850800119","error":""},"_links":{"self":[{"href":"https:\/\/www.europesays.com\/fr\/wp-json\/wp\/v2\/posts\/76934","targetHints":{"allow":["GET"]}}],"collection":[{"href":"https:\/\/www.europesays.com\/fr\/wp-json\/wp\/v2\/posts"}],"about":[{"href":"https:\/\/www.europesays.com\/fr\/wp-json\/wp\/v2\/types\/post"}],"author":[{"embeddable":true,"href":"https:\/\/www.europesays.com\/fr\/wp-json\/wp\/v2\/users\/2"}],"replies":[{"embeddable":true,"href":"https:\/\/www.europesays.com\/fr\/wp-json\/wp\/v2\/comments?post=76934"}],"version-history":[{"count":0,"href":"https:\/\/www.europesays.com\/fr\/wp-json\/wp\/v2\/posts\/76934\/revisions"}],"wp:featuredmedia":[{"embeddable":true,"href":"https:\/\/www.europesays.com\/fr\/wp-json\/wp\/v2\/media\/76935"}],"wp:attachment":[{"href":"https:\/\/www.europesays.com\/fr\/wp-json\/wp\/v2\/media?parent=76934"}],"wp:term":[{"taxonomy":"category","embeddable":true,"href":"https:\/\/www.europesays.com\/fr\/wp-json\/wp\/v2\/categories?post=76934"},{"taxonomy":"post_tag","embeddable":true,"href":"https:\/\/www.europesays.com\/fr\/wp-json\/wp\/v2\/tags?post=76934"}],"curies":[{"name":"wp","href":"https:\/\/api.w.org\/{rel}","templated":true}]}}