{"id":76942,"date":"2025-05-05T15:17:08","date_gmt":"2025-05-05T15:17:08","guid":{"rendered":"https:\/\/www.europesays.com\/fr\/76942\/"},"modified":"2025-05-05T15:17:08","modified_gmt":"2025-05-05T15:17:08","slug":"greve-sncf-rer-b-rer-c-transilien-toutes-les-previsions-ligne-par-ligne-pour-ce-mardi-6-mai-en-ile-de-france","status":"publish","type":"post","link":"https:\/\/www.europesays.com\/fr\/76942\/","title":{"rendered":"Gr\u00e8ve SNCF\u00a0: RER\u00a0B, RER\u00a0C, Transilien\u2026 Toutes les pr\u00e9visions ligne par ligne pour ce mardi 6\u00a0mai en \u00cele-de-France"},"content":{"rendered":"<p class=\"paragraph text_align_left\">Un trafic <a href=\"https:\/\/www.leparisien.fr\/info-paris-ile-de-france-oise\/transports\/greves-sncf-en-ile-de-france-le-trafic-largement-perturbe-sur-plusieurs-lignes-de-transilien-et-de-rer-04-05-2025-DGDGPH7MAJAKJECNOJYSTJ75RE.php\" target=\"_blank\" rel=\"nofollow noopener\">de nouveau perturb\u00e9<\/a> sur une partie des lignes du Transilien et du RER ce mardi. La SNCF a publi\u00e9 ce lundi soir, de nouvelles pr\u00e9visions de circulation sur le r\u00e9seau de transports en \u00cele-de-France affect\u00e9 par un mouvement social cette semaine. En principe, selon la compagnie ferroviaire, \u00ab\u00a0la circulation des trains sera similaire\u00a0\u00bb \u00e0 celle de ce lundi, qui \u00e9tait d\u00e9j\u00e0 partiellement perturb\u00e9e.<\/p>\n<p class=\"paragraph text_align_left\">Pour les <b>RER A et E<\/b>, ainsi que les lignes<b> J, K, L, P, R<\/b>, et les <b>trams T12 et T13<\/b>, le trafic sera \u00ab\u00a0normal\u00a0\u00bb, selon la SNCF.<\/p>\n<p class=\"paragraph text_align_left\">Pour le <b>RER\u00a0D<\/b>, quatre trains sur cinq circuleront en moyenne, avec \u00ab\u00a0un trafic normal entre Corbeil-Essonnes et Creil, et entre Melun et Goussainville\u00a0\u00bb, pr\u00e9cise la SNCF. \u00ab\u00a0Deux trains sur trois\u00a0\u00bb sont \u00e0 pr\u00e9voir \u00ab\u00a0entre Juvisy et Malesherbes et Juvisy et Melun\u00a0\u00bb, ajoute la compagnie ferroviaire.<\/p>\n<p class=\"paragraph text_align_left\">Sur la <b>ligne\u00a0H<\/b>, quatre trains sur cinq sont \u00e0 pr\u00e9voir. Deux trains sur trois sont attendus sur la <b>ligne\u00a0U<\/b>.<\/p>\n<p class=\"paragraph text_align_left\">Le trafic du <b>RER\u00a0B <\/b>sera particuli\u00e8rement affect\u00e9. Au nord de la ligne, seulement un train sur deux circulera. Au sud de la ligne, deux trains sur trois circuleront. Il n\u2019y aura pas de changement de train \u00e0 faire en gare de Paris Nord, pr\u00e9cise la SNCF.<\/p>\n<p class=\"paragraph text_align_left\">Il faudra \u00e9galement pr\u00e9voir seulement un train sur deux sur le <b>RER\u00a0C<\/b>, la <b>ligne\u00a0N<\/b> et la <b>ligne\u00a0V<\/b>.<\/p>\n<p class=\"paragraph text_align_left\">\u00ab\u00a0Conscient de la g\u00eane occasionn\u00e9e, Transilien SNCF Voyageurs est pleinement mobilis\u00e9 pour accompagner, informer et assister les voyageurs\u00a0\u00bb, indique la compagnie dans un communiqu\u00e9.<\/p>\n<p class=\"paragraph text_align_left\">Plusieurs cat\u00e9gories de personnel \u00e9taient appel\u00e9es \u00e0 faire gr\u00e8ve \u00e0 partir de lundi par la CGT-Cheminots et SUD-Rail pour r\u00e9clamer une hausse des r\u00e9mun\u00e9rations et une meilleure anticipation des plannings, trop souvent modifi\u00e9s \u00e0 la derni\u00e8re minute d\u2019apr\u00e8s eux.<\/p>\n<p class=\"paragraph text_align_left\">Pour le pont du 8-Mai, un influent collectif de contr\u00f4leurs baptis\u00e9 Collectif national ASCT (CNA) s\u2019est joint \u00e0 l\u2019appel \u00e0 la mobilisation, lui donnant de l\u2019ampleur. SNCF Voyageurs doit affiner mardi matin ses pr\u00e9visions pour le pont.<\/p>\n","protected":false},"excerpt":{"rendered":"Un trafic de nouveau perturb\u00e9 sur une partie des lignes du Transilien et du RER ce mardi. La&hellip;\n","protected":false},"author":2,"featured_media":76943,"comment_status":"","ping_status":"","sticky":false,"template":"","format":"standard","meta":{"footnotes":""},"categories":[1592],"tags":[1111,11,1777,674,1011,27,662,1944,12,626,25,2382],"class_list":{"0":"post-76942","1":"post","2":"type-post","3":"status-publish","4":"format-standard","5":"has-post-thumbnail","7":"category-ile-de-france","8":"tag-actu","9":"tag-actualites","10":"tag-eu","11":"tag-europe","12":"tag-fr","13":"tag-france","14":"tag-ile-de-france","15":"tag-ma-ville","16":"tag-news","17":"tag-paris","18":"tag-republique-francaise","19":"tag-transport-idf-oise"},"share_on_mastodon":{"url":"https:\/\/pubeurope.com\/@fr\/114455894298226768","error":""},"_links":{"self":[{"href":"https:\/\/www.europesays.com\/fr\/wp-json\/wp\/v2\/posts\/76942","targetHints":{"allow":["GET"]}}],"collection":[{"href":"https:\/\/www.europesays.com\/fr\/wp-json\/wp\/v2\/posts"}],"about":[{"href":"https:\/\/www.europesays.com\/fr\/wp-json\/wp\/v2\/types\/post"}],"author":[{"embeddable":true,"href":"https:\/\/www.europesays.com\/fr\/wp-json\/wp\/v2\/users\/2"}],"replies":[{"embeddable":true,"href":"https:\/\/www.europesays.com\/fr\/wp-json\/wp\/v2\/comments?post=76942"}],"version-history":[{"count":0,"href":"https:\/\/www.europesays.com\/fr\/wp-json\/wp\/v2\/posts\/76942\/revisions"}],"wp:featuredmedia":[{"embeddable":true,"href":"https:\/\/www.europesays.com\/fr\/wp-json\/wp\/v2\/media\/76943"}],"wp:attachment":[{"href":"https:\/\/www.europesays.com\/fr\/wp-json\/wp\/v2\/media?parent=76942"}],"wp:term":[{"taxonomy":"category","embeddable":true,"href":"https:\/\/www.europesays.com\/fr\/wp-json\/wp\/v2\/categories?post=76942"},{"taxonomy":"post_tag","embeddable":true,"href":"https:\/\/www.europesays.com\/fr\/wp-json\/wp\/v2\/tags?post=76942"}],"curies":[{"name":"wp","href":"https:\/\/api.w.org\/{rel}","templated":true}]}}