{"id":769558,"date":"2026-03-02T05:53:13","date_gmt":"2026-03-02T05:53:13","guid":{"rendered":"https:\/\/www.europesays.com\/fr\/769558\/"},"modified":"2026-03-02T05:53:13","modified_gmt":"2026-03-02T05:53:13","slug":"pourquoi-lallemagne-envisage-de-prendre-un-virage-historique","status":"publish","type":"post","link":"https:\/\/www.europesays.com\/fr\/769558\/","title":{"rendered":"pourquoi l&rsquo;Allemagne envisage de prendre un virage historique"},"content":{"rendered":"<p>Les discussions ne sont pas engag\u00e9es sur le fond. Il y a une \u00ab\u202fmontagne de questions en suspens\u202f\u00bb, a r\u00e9sum\u00e9 le chancelier Merz il y a quelques jours dans une interview au podcast \u00ab\u202fMachtwechsel\u202f\u00bb. Mais, vu de Berlin, l\u2019Allemagne est bel et bien dispos\u00e9e \u00e0 entamer un virage historique.<\/p>\n<p>Longtemps, les chanceliers successifs ont d\u00e9tourn\u00e9 l\u2019attention quand les pr\u00e9sidents fran\u00e7ais, de Charles de\u202fGaulle \u00e0 <a href=\"https:\/\/www.latribune.fr\/la-tribune-dimanche\/politique\/francois-bayrou-a-matignon-c-est-affligeant-l-hiver-amer-de-nicolas-sarkozy-1013981.html\" target=\"_blank\" article-id=\"1108372923231314\" rel=\"nofollow noopener\">Nicolas Sarkozy<\/a>, leur tendaient la main pour offrir \u00e0 leur pays leur <a href=\"https:\/\/www.latribune.fr\/entreprises-finance\/industrie\/aeronautique-defense\/dissuasion-nucleaire-elargie-quatre-questions-pour-comprendre-1019976.html\" target=\"_blank\" article-id=\"2322497645412414\" rel=\"nofollow noopener\">protection nucl\u00e9aire<\/a>. Le lien ombilical avec les \u00c9tats-Unis, garants de leur s\u00e9curit\u00e9 depuis la Seconde Guerre mondiale, \u00e9tait trop fort. Des diplomates allemands s\u2019aga\u00e7aient parfois du fait que leur pays ne prenne m\u00eame pas la peine d\u2019envoyer quelques g\u00e9n\u00e9raux \u00e0 Paris pour aborder le sujet, par crainte de la r\u00e9action de l\u2019Oncle Sam.<\/p>\n<p>Mais, depuis quatre ans, la R\u00e9publique f\u00e9d\u00e9rale a subi deux chocs : le retour de la guerre \u00e0 900\u202fkilom\u00e8tres de Berlin avec l\u2019invasion russe de l\u2019Ukraine, et la tentation isolationniste assum\u00e9e des \u00c9tats-Unis avec le retour de Donald Trump \u00e0 la Maison-Blanche. Dans la d\u00e9sagr\u00e9gation de l\u2019ordre mondial, l\u2019Allemagne voit s\u2019\u00e9loigner <a href=\"https:\/\/www.latribune.fr\/entreprises-finance\/industrie\/aeronautique-defense\/pourquoi-les-etats-unis-sont-sortis-du-traite-sur-les-forces-nucleaires-a-portee-intermediaire-826048.html\" target=\"_blank\" article-id=\"2484624196883314\" rel=\"nofollow noopener\">la garantie nucl\u00e9aire am\u00e9ricaine<\/a>. Son territoire pourrait donc \u00eatre inclus dans le p\u00e9rim\u00e8tre de la nouvelle doctrine nucl\u00e9aire fran\u00e7aise. Le chancelier Merz a accept\u00e9 de r\u00e9fl\u00e9chir \u00e0 cette offre d\u2019Emmanuel Macron, tout comme il envisage de discuter avec les Britanniques.<\/p>\n","protected":false},"excerpt":{"rendered":"Les discussions ne sont pas engag\u00e9es sur le fond. Il y a une \u00ab\u202fmontagne de questions en suspens\u202f\u00bb,&hellip;\n","protected":false},"author":2,"featured_media":769559,"comment_status":"","ping_status":"","sticky":false,"template":"","format":"standard","meta":{"footnotes":"","_share_on_mastodon":"0"},"categories":[1587],"tags":[5734,11,672,1804,1805,1803,7556,1777,674,1801,15287,3442,3102,12,5654,4571,1802,24424],"class_list":["post-769558","post","type-post","status-publish","format-standard","has-post-thumbnail","category-allemagne","tag-5734","tag-actualites","tag-allemagne","tag-bundesrepublik-deutschland","tag-de","tag-deutschland","tag-envisage","tag-eu","tag-europe","tag-germany","tag-historique","tag-lallemagne","tag-la-tribune-dimanche","tag-news","tag-nucleaire","tag-prendre","tag-republique-federale-dallemagne","tag-virage"],"share_on_mastodon":{"url":"https:\/\/pubeurope.com\/@fr\/116158031979259436","error":""},"_links":{"self":[{"href":"https:\/\/www.europesays.com\/fr\/wp-json\/wp\/v2\/posts\/769558","targetHints":{"allow":["GET"]}}],"collection":[{"href":"https:\/\/www.europesays.com\/fr\/wp-json\/wp\/v2\/posts"}],"about":[{"href":"https:\/\/www.europesays.com\/fr\/wp-json\/wp\/v2\/types\/post"}],"author":[{"embeddable":true,"href":"https:\/\/www.europesays.com\/fr\/wp-json\/wp\/v2\/users\/2"}],"replies":[{"embeddable":true,"href":"https:\/\/www.europesays.com\/fr\/wp-json\/wp\/v2\/comments?post=769558"}],"version-history":[{"count":0,"href":"https:\/\/www.europesays.com\/fr\/wp-json\/wp\/v2\/posts\/769558\/revisions"}],"wp:featuredmedia":[{"embeddable":true,"href":"https:\/\/www.europesays.com\/fr\/wp-json\/wp\/v2\/media\/769559"}],"wp:attachment":[{"href":"https:\/\/www.europesays.com\/fr\/wp-json\/wp\/v2\/media?parent=769558"}],"wp:term":[{"taxonomy":"category","embeddable":true,"href":"https:\/\/www.europesays.com\/fr\/wp-json\/wp\/v2\/categories?post=769558"},{"taxonomy":"post_tag","embeddable":true,"href":"https:\/\/www.europesays.com\/fr\/wp-json\/wp\/v2\/tags?post=769558"}],"curies":[{"name":"wp","href":"https:\/\/api.w.org\/{rel}","templated":true}]}}