{"id":76999,"date":"2025-05-05T15:47:10","date_gmt":"2025-05-05T15:47:10","guid":{"rendered":"https:\/\/www.europesays.com\/fr\/76999\/"},"modified":"2025-05-05T15:47:10","modified_gmt":"2025-05-05T15:47:10","slug":"pourquoi-certaines-personnes-attirent-plus-les-moustiques-que-dautres-les-vraies-explications","status":"publish","type":"post","link":"https:\/\/www.europesays.com\/fr\/76999\/","title":{"rendered":"Pourquoi certaines personnes attirent plus les moustiques que d&rsquo;autres ? Les vraies explications"},"content":{"rendered":"<p>                                        <img width=\"658\" height=\"329\" src=\"https:\/\/www.europesays.com\/fr\/wp-content\/uploads\/2025\/05\/Pourquoi-certaines-personnes-attirent-plus-les-moustiques-que-dautres-Les-vraies-explications-658x32.jpeg\" class=\"attachment-single-desktop size-single-desktop wp-post-image\" alt=\"Pourquoi certaines personnes attirent plus les moustiques que d'autres ? Les vraies explications\" fetchpriority=\"high\" loading=\"eager\" decoding=\"sync\"  \/>                                    <\/p>\n<p>                            Serez-vous encore la cible des moustiques cet \u00e9t\u00e9 ? Si vous faites partie de cette cat\u00e9gorie de personnes, c&rsquo;est bien probable\u2026<\/p>\n<p>Revoil\u00e0 la saison des moustiques ! Cette ann\u00e9e encore, ils vont <a href=\"https:\/\/www.tuxboard.com\/les-personnes-avec-ce-groupe-sanguin-attirent-le-plus-les-moustiques-26072024\/\" rel=\"nofollow noopener\" target=\"_blank\">frapper fort<\/a>. Et certaines personnes seront leurs proies privil\u00e9gi\u00e9es. Voici <a href=\"https:\/\/www.tuxboard.com\/ces-astuces-pour-payer-ces-produits-dhygiene-beaucoup-moins-cher-sans-sacrifier-la-qualite-02052025\/\" rel=\"nofollow noopener\" target=\"_blank\">comment<\/a> vous en prot\u00e9ger\u2026<\/p>\n<p>Le come-back des moustiques a sonn\u00e9<\/p>\n<p>Tandis que le printemps s\u2019est \u00e0 pr\u00e9sent bien install\u00e9, l\u2019\u00e9t\u00e9 pointe progressivement le bout de son nez. En effet, les grandes vacances et la saison estivale ne sont plus tr\u00e8s loin.<\/p>\n<p>Chaque ann\u00e9e, \u00e0 cette m\u00eame p\u00e9riode, certains s\u2019en r\u00e9jouissent, alors que d\u2019autres redoutent cette p\u00e9riode. Et pour cause ! Car celle-ci signe aussi <strong>le retour en grande forme des moustiques<\/strong> !<\/p>\n<p><a href=\"https:\/\/www.tuxboard.com\/cette-espece-de-plante-a-planter-rapidement-pour-repousser-tous-les-moustiques-26042025\/\" rel=\"nofollow noopener\" target=\"_blank\">Ces insectes,<\/a> pas plus grand qu\u2019entre 3 et 6 mm, a pourtant un pouvoir de nuisance \u00e9norme. Ce dernier, qui appartient \u00e0 la famille des Culicidae, est un assoiff\u00e9 de sang ! Mais contrairement \u00e0 ce que l\u2019on croit, ce n\u2019est pas pour se nourrir.<\/p>\n<p>En r\u00e9alit\u00e9, chez moustiques, seule la femelle pique ! Elle trouve dans le sang, les prot\u00e9ines et le fer n\u00e9cessaires\u00a0pour <strong data-start=\"96\" data-end=\"115\">pondre ses \u0153ufs<\/strong>. D\u2019ailleurs, une fois qu\u2019elle a fait le plein, la femelle moustique peut pondre entre 100 et 300 \u0153ufs, selon l\u2019esp\u00e8ce.<\/p>\n<p>Cependant, tout le monde n\u2019est pas \u00e9gal face aux piq\u00fbres de moustiques. Vous l\u2019avez peut-\u00eatre remarqu\u00e9, mais <a href=\"https:\/\/www.tuxboard.com\/vous-nutilisez-pas-bien-le-spray-anti-moustiques-et-voici-comment-faire-23082024\/\" rel=\"nofollow noopener\" target=\"_blank\">ces bestioles<\/a> ne s\u2019attaquent pas toujours de mani\u00e8re \u00e9quitable \u00e0 leurs victimes.<\/p>\n<p>En effet, parmi nous, certains individus attirent plus les moustiques que les autres. Plusieurs facteurs peuvent en effet expliquer ce ph\u00e9nom\u00e8ne. Tout d\u2019abord, <strong>le CO2.<\/strong><\/p>\n<p>Rejet\u00e9 par l\u2019organisme lors l\u2019expiration, il attire naturellement les moustiques qui rep\u00e8rent ainsi leurs proies. Tous les animaux qui respirent \u00e9mettent du CO\u2082 sont potentiellement concern\u00e9s, y compris l\u2019Homme.<\/p>\n<p>Plus l\u2019individu rejette du CO2, plus il attirera les<a href=\"https:\/\/www.tuxboard.com\/ces-gestes-a-connaitre-pour-ne-pas-avoir-de-moustiques-avec-les-beaux-jours-25042025\/\" rel=\"nofollow noopener\" target=\"_blank\"> ind\u00e9sirables.<\/a> C\u2019est particuli\u00e8rement le cas pour les femmes enceintes, mais aussi les personnes en surpoids, celles qui viennent de faire du sport ou encore celles qui boivent de l\u2019alcool.<\/p>\n<p>Pourquoi prennent-ils pour cible certaines personnes ?<\/p>\n<p>D\u2019autres facteurs sont susceptibles d\u2019attirer les femelles moustiques. Comme les odeurs corporelles ou la sueur. Mais aussi <strong>certains groupes sanguins<\/strong>. Selon les scientifiques, ces insectes auraient un groupe sanguin pr\u00e9f\u00e9r\u00e9 qui serait le groupe O.<\/p>\n<p>C\u2019est aussi le cas des individus porteur du groupe sanguin B. Ces derniers sont aussi concern\u00e9s par l\u2019app\u00e9tit de ces nuisibles. Enfin, notre <strong>empreinte microbienne<\/strong> peut aussi jouer un r\u00f4le dans l\u2019attirance des moustiques pour notre peau.<\/p>\n<p>En effet, la surface de cette derni\u00e8re est peupl\u00e9e de bact\u00e9ries, dont certaines compositions sont plus \u00e0 m\u00eame d\u2019attirer les insectes piqueurs. Ce microbiote cutan\u00e9, selon sa composition, produit des odeurs bien sp\u00e9cifiques qui attirent les moustiques.<\/p>\n<p>Diff\u00e9rents facteurs rentrent en jeu dans la composition de ce microbiote. Hygi\u00e8ne personnelle, alimentation, g\u00e9n\u00e9tique, type de peau ou\u00a0utilisation de produits cosm\u00e9tiques\u2026 C\u2019est un peu de tout cela qui pourrait favoriser l\u2019attraction des moustiques pour votre \u00e9piderme.<\/p>\n<p>Pour lutter efficacement contre les piq\u00fbres cet \u00e9t\u00e9, il faudra donc mettre des strat\u00e9gies en place, si vous faites partie des victimes potentielles de ces insectes. Tout d\u2019abord, veillez \u00e0 avoir <strong>une bonne hygi\u00e8ne corporelle.<\/strong><\/p>\n<p>\u00c9vitez toutefois les lavages excessifs ou agressifs qui d\u00e9s\u00e9quilibrent le microbiote cutan\u00e9. Privil\u00e9giez les produits neutres ou sp\u00e9cifiques anti-moustiques.<\/p>\n<p>C\u00f4t\u00e9 alimentation, privil\u00e9giez<strong> la nourriture saine tout en r\u00e9duisant le sucre et les \u00e9pices<\/strong>. Ail, oignon, curry, piment sont des condiments qui modifient la composition de la sueur. Et qui peut donc attirer potentiellement les moustiques.<\/p>\n<p>Enfin, habillez-vous avec des couleurs claires et des v\u00eatements qui couvrent les bras et les jambes. Vous pourrez ainsi assurer \u00e0 votre peau une meilleure protection contre les d\u00e9sagr\u00e9ables piq\u00fbres.<\/p>\n<p>                                    <img loading=\"lazy\" decoding=\"async\" src=\"data:image\/svg+xml,%3Csvg%20xmlns=\" http:=\"\" itemprop=\"image\" width=\"32\" height=\"32\" alt=\"avatar\" class=\"avatar avatar-32\" data-lazy-src=\"https:\/\/www.europesays.com\/fr\/wp-content\/uploads\/2025\/05\/VG.png\"\/>                                                                    <\/p>\n<p>                                    <a class=\"post-author-name\" href=\"https:\/\/www.tuxboard.com\/author\/cvirginietuxb2022\/\" title=\"G. V.\" itemprop=\"url\" rel=\"nofollow noopener\" target=\"_blank\">G. V.<\/a><\/p>\n<p itemprop=\"description\">R\u00e9dactrice au long cours pour Tuxboard.com, je r\u00e9dige \u00e9galement des articles pour diff\u00e9rents m\u00e9dias. Passionn\u00e9e de culture, musique et cin\u00e9ma, j&rsquo;aime \u00e9crire sur divers sujets. Mes domaines de pr\u00e9dilection sont l&rsquo;actu, le lifestyle et les m\u00e9dias.<\/p>\n","protected":false},"excerpt":{"rendered":"Serez-vous encore la cible des moustiques cet \u00e9t\u00e9 ? Si vous faites partie de cette cat\u00e9gorie de personnes,&hellip;\n","protected":false},"author":2,"featured_media":77000,"comment_status":"","ping_status":"","sticky":false,"template":"","format":"standard","meta":{"footnotes":""},"categories":[10],"tags":[1011,27,72,15985,71],"class_list":{"0":"post-76999","1":"post","2":"type-post","3":"status-publish","4":"format-standard","5":"has-post-thumbnail","7":"category-sante","8":"tag-fr","9":"tag-france","10":"tag-health","11":"tag-moustiques","12":"tag-sante"},"share_on_mastodon":{"url":"https:\/\/pubeurope.com\/@fr\/114456012012835123","error":""},"_links":{"self":[{"href":"https:\/\/www.europesays.com\/fr\/wp-json\/wp\/v2\/posts\/76999","targetHints":{"allow":["GET"]}}],"collection":[{"href":"https:\/\/www.europesays.com\/fr\/wp-json\/wp\/v2\/posts"}],"about":[{"href":"https:\/\/www.europesays.com\/fr\/wp-json\/wp\/v2\/types\/post"}],"author":[{"embeddable":true,"href":"https:\/\/www.europesays.com\/fr\/wp-json\/wp\/v2\/users\/2"}],"replies":[{"embeddable":true,"href":"https:\/\/www.europesays.com\/fr\/wp-json\/wp\/v2\/comments?post=76999"}],"version-history":[{"count":0,"href":"https:\/\/www.europesays.com\/fr\/wp-json\/wp\/v2\/posts\/76999\/revisions"}],"wp:featuredmedia":[{"embeddable":true,"href":"https:\/\/www.europesays.com\/fr\/wp-json\/wp\/v2\/media\/77000"}],"wp:attachment":[{"href":"https:\/\/www.europesays.com\/fr\/wp-json\/wp\/v2\/media?parent=76999"}],"wp:term":[{"taxonomy":"category","embeddable":true,"href":"https:\/\/www.europesays.com\/fr\/wp-json\/wp\/v2\/categories?post=76999"},{"taxonomy":"post_tag","embeddable":true,"href":"https:\/\/www.europesays.com\/fr\/wp-json\/wp\/v2\/tags?post=76999"}],"curies":[{"name":"wp","href":"https:\/\/api.w.org\/{rel}","templated":true}]}}