{"id":77001,"date":"2025-05-05T15:48:09","date_gmt":"2025-05-05T15:48:09","guid":{"rendered":"https:\/\/www.europesays.com\/fr\/77001\/"},"modified":"2025-05-05T15:48:09","modified_gmt":"2025-05-05T15:48:09","slug":"fiasco-du-stade-de-france-en-2022-darmanin-presente-ses-excuses-pour-la-premiere-fois-actualites","status":"publish","type":"post","link":"https:\/\/www.europesays.com\/fr\/77001\/","title":{"rendered":"Fiasco du Stade de France en 2022: Darmanin pr\u00e9sente ses \u00ab\u00a0excuses\u00a0\u00bb pour la premi\u00e8re fois : Actualit\u00e9s"},"content":{"rendered":"<p class=\"lead \">G\u00e9rald Darmanin a pour la premi\u00e8re fois pr\u00e9sent\u00e9 lundi ses excuses aux supporters de Liverpool apr\u00e8s \u00ab\u00a0l&rsquo;\u00e9chec du Stade de France\u00a0\u00bb, la finale de la Ligue des champions en 2022 encadr\u00e9e de fa\u00e7on chaotique par les forces de l&rsquo;ordre.<\/p>\n<p class=\"lead \">\u00ab\u00a0On s&rsquo;est tromp\u00e9 de dispositif\u00a0\u00bb d&rsquo;encadrement policier de cette rencontre, admet dans une interview diffus\u00e9e sur la cha\u00eene Youtube Legend, trois ans apr\u00e8s la finale remport\u00e9e par le Real Madrid (1-0), celui qui \u00e9tait alors ministre de l&rsquo;Int\u00e9rieur. \u00ab\u00a0Je m&rsquo;en excuse aupr\u00e8s des supporters de Liverpool\u00a0\u00bb.<\/p>\n<p class=\"lead \">\u00ab\u00a0On s&rsquo;attendait \u00e0 une guerre hooligan, et en fait on a eu des gens qui sont venus faire des rackets. Donc l&rsquo;addition des conneries (&#8230;) fait que moi, quand je fais ma premi\u00e8re sortie publique, je dis ce que j&rsquo;ai vu et ce qu&rsquo;on m&rsquo;a dit: +les Anglais foutent le bordel+. (&#8230;) C&rsquo;\u00e9tait pas vrai au sens litt\u00e9ral du terme\u00a0\u00bb, explique le garde des Sceaux.<\/p>\n<p class=\"lead \">Initialement pr\u00e9vue \u00e0 Saint-Petersbourg, la finale avait \u00e9t\u00e9 finalement organis\u00e9e le 28 mai 2022 \u00e0 Saint-Denis apr\u00e8s l&rsquo;invasion russe de l&rsquo;Ukraine quelques mois plus t\u00f4t.<\/p>\n<p class=\"lead \">La rencontre avait notamment \u00e9t\u00e9 retard\u00e9e de 37 minutes, les supporters ayant du mal \u00e0 acc\u00e9der \u00e0 l&rsquo;enceinte apr\u00e8s avoir \u00e9t\u00e9 canalis\u00e9s dans des goulots d&rsquo;\u00e9tranglement surcharg\u00e9s.<\/p>\n<p class=\"lead \">La police avait tir\u00e9 des grenades de gaz lacrymog\u00e8ne en direction de milliers de supporters anglais coinc\u00e9s derri\u00e8re des barri\u00e8res m\u00e9talliques. Ces derniers ont d\u00fb ensuite r\u00e9pondre \u00e0 une s\u00e9rie d&rsquo;injustes accusations \u00e0 la suite de ce chaos.<\/p>\n<p class=\"lead \">L&rsquo;UEFA, l&rsquo;instance dirigeante du football europ\u00e9en, a d&rsquo;abord tent\u00e9 de rejeter la faute sur les supporters arriv\u00e9s en retard, alors que des milliers d&rsquo;entre eux avaient \u00e9t\u00e9 retenus pendant des heures \u00e0 l&rsquo;ext\u00e9rieur du stade. Les autorit\u00e9s fran\u00e7aises avaient affirm\u00e9 qu&rsquo;une \u00ab\u00a0fraude \u00e0 l&rsquo;\u00e9chelle industrielle\u00a0\u00bb de faux billets \u00e9tait \u00e0 l&rsquo;origine du probl\u00e8me.<\/p>\n<p class=\"lead \">Cette derni\u00e8re accusation, jug\u00e9e mensong\u00e8re, a \u00e9t\u00e9 tr\u00e8s mal per\u00e7ue en Grande-Bretagne.<\/p>\n<p class=\"lead \">Une enqu\u00eate du S\u00e9nat a conclu qu&rsquo;un dispositif de s\u00e9curit\u00e9 mal con\u00e7u \u00e9tait \u00e0 l&rsquo;origine de la pagaille. Sur quoi un rapport ind\u00e9pendant a affirm\u00e9 que l&rsquo;UEFA portait la \u00ab\u00a0responsabilit\u00e9 principale\u00a0\u00bb des d\u00e9faillances ayant failli transformer le match en \u00ab\u00a0catastrophe mortelle\u00a0\u00bb.<\/p>\n<p class=\"lead \">\u00ab\u00a0Ce que je ne sais pas ce soir-l\u00e0, c&rsquo;est que l&rsquo;essentiel de la difficult\u00e9 ne vient pas des supporters anglais, (&#8230;) mais des d\u00e9linquants de Seine-Saint-Denis\u00a0\u00bb, a affirm\u00e9 G\u00e9rald Darmanin lundi.<\/p>\n<p class=\"lead \">\u00ab\u00a0C\u2019\u00e9tait un \u00e9chec parce que j\u2019avais pas bien pr\u00e9vu, et j\u2019ai p\u00e9ch\u00e9 par id\u00e9e re\u00e7ue. Le coupable \u00e9tait facile\u00a0\u00bb, selon lui.<\/p>\n<p class=\"small font-weight-bold text-gray3 \"> publi\u00e9 le 5 mai \u00e0 16h47, AFP<\/p>\n<p>                             Partager<\/p>\n","protected":false},"excerpt":{"rendered":"G\u00e9rald Darmanin a pour la premi\u00e8re fois pr\u00e9sent\u00e9 lundi ses excuses aux supporters de Liverpool apr\u00e8s \u00ab\u00a0l&rsquo;\u00e9chec du&hellip;\n","protected":false},"author":2,"featured_media":77002,"comment_status":"","ping_status":"","sticky":false,"template":"","format":"standard","meta":{"footnotes":""},"categories":[9],"tags":[18260,18261,2257,1011,18259,27,418,1072,60],"class_list":{"0":"post-77001","1":"post","2":"type-post","3":"status-publish","4":"format-standard","5":"has-post-thumbnail","7":"category-sports","8":"tag-eng","9":"tag-esp","10":"tag-foot","11":"tag-fr","12":"tag-fra","13":"tag-france","14":"tag-gouvernement","15":"tag-police","16":"tag-sports"},"share_on_mastodon":{"url":"https:\/\/pubeurope.com\/@fr\/114456015950367186","error":""},"_links":{"self":[{"href":"https:\/\/www.europesays.com\/fr\/wp-json\/wp\/v2\/posts\/77001","targetHints":{"allow":["GET"]}}],"collection":[{"href":"https:\/\/www.europesays.com\/fr\/wp-json\/wp\/v2\/posts"}],"about":[{"href":"https:\/\/www.europesays.com\/fr\/wp-json\/wp\/v2\/types\/post"}],"author":[{"embeddable":true,"href":"https:\/\/www.europesays.com\/fr\/wp-json\/wp\/v2\/users\/2"}],"replies":[{"embeddable":true,"href":"https:\/\/www.europesays.com\/fr\/wp-json\/wp\/v2\/comments?post=77001"}],"version-history":[{"count":0,"href":"https:\/\/www.europesays.com\/fr\/wp-json\/wp\/v2\/posts\/77001\/revisions"}],"wp:featuredmedia":[{"embeddable":true,"href":"https:\/\/www.europesays.com\/fr\/wp-json\/wp\/v2\/media\/77002"}],"wp:attachment":[{"href":"https:\/\/www.europesays.com\/fr\/wp-json\/wp\/v2\/media?parent=77001"}],"wp:term":[{"taxonomy":"category","embeddable":true,"href":"https:\/\/www.europesays.com\/fr\/wp-json\/wp\/v2\/categories?post=77001"},{"taxonomy":"post_tag","embeddable":true,"href":"https:\/\/www.europesays.com\/fr\/wp-json\/wp\/v2\/tags?post=77001"}],"curies":[{"name":"wp","href":"https:\/\/api.w.org\/{rel}","templated":true}]}}