{"id":77025,"date":"2025-05-05T16:01:08","date_gmt":"2025-05-05T16:01:08","guid":{"rendered":"https:\/\/www.europesays.com\/fr\/77025\/"},"modified":"2025-05-05T16:01:08","modified_gmt":"2025-05-05T16:01:08","slug":"prison-ferme-pour-deux-escrocs-qui-depouillaient-les-personnes-agees-a-des-stations-services","status":"publish","type":"post","link":"https:\/\/www.europesays.com\/fr\/77025\/","title":{"rendered":"prison ferme pour deux escrocs qui d\u00e9pouillaient les personnes \u00e2g\u00e9es \u00e0 des stations-services"},"content":{"rendered":"<p>            Par<br \/>\n        <strong><br \/>\n            <a href=\"https:\/\/actu.fr\/auteur\/jm-aubert\" title=\"Consulter tous les articles de Jean-Marc Aubert\" rel=\"nofollow noopener\" target=\"_blank\">Jean-Marc Aubert<\/a><br \/>\n        <\/strong><\/p>\n<p>        Publi\u00e9 le<\/p>\n<p>            5 mai 2025 \u00e0 17h49        <\/p>\n<p>Deux <strong>escrocs<\/strong> sp\u00e9cialis\u00e9s dans les vols de cartes bancaires \u00ab\u00a0n douceur\u00a0\u00bb sur des personnes \u00e2g\u00e9es qui se ravitaillaient aux pompes de stations-services de zones commerciales, notamment<strong> autour de Montpellier<\/strong> et dans le <strong>bassin de Thau<\/strong> ont \u00e9t\u00e9 condamn\u00e9s \u00e0 4 ans de prison dont deux avec sursis pour l\u2019un, \u00e0 trente-six mois dont dix-huit avec un sursis probatoire de deux ans pour son complice, vendredi 2 mai 2025 par le tribunal correctionnel de Montpellier, selon nos confr\u00e8res d\u2019<a href=\"https:\/\/infoccitanie.fr\/montpellier-un-duo-de-voleurs-rattrape-par-la-justice\/\" rel=\"nofollow noopener\" target=\"_blank\">InfOccitanie<\/a>.<\/p>\n<p class=\" wall-content\">Les faits ont eu lieu ces derniers mois \u00e0 Jacou, Baillargues, M\u00e8ze ou encore \u00e0 Balaruc-le-Vieux, selon un m\u00eame mode op\u00e9ratoire. Les voleurs\u00a0ciblaient les personnes \u00e2g\u00e9es pour leur\u00a0d\u00e9rober\u00a0leurs cartes bancaires : tandis que la victime fait le plein dans une station-service, un des deux hommes tr\u00e8s proche de la victime, des personnes \u00e2g\u00e9es captait le code de sa carte. Quelques instants plus tard, sous pr\u00e9texte d\u2019un probl\u00e8me technique \u00e0 la pompe, il\u00a0engageait\u00a0la conversation et par un tour de passe-passe subtilisait la carte que la victime avait encore en main. En pleine discussion, elle ne s\u2019apercevait pas de la\u00a0supercherie. L\u2019escroc rejoignait alors son complice qui attendait dans une voiture pour aller faire des retraits ou des achats. \u00c0 bord de la voiture, ils masquaient leur visage sous un grand chapeau pour l\u2019un, un masque chirurgical pour l\u2019autre.<\/p>\n<p class=\" wall-content\">Suite \u00e0 des plaintes et \u00e0 l\u2019exploitation des cam\u00e9ras de vid\u00e9osurveillance des stations-services et de vid\u00e9o-protection des communes, les gendarmes identifiaient le v\u00e9hicule du duo. Une diffusion g\u00e9n\u00e9rale \u00e9tait lanc\u00e9e aupr\u00e8s de tous les services et mardi 10 mars dernier, un policier hors service reconnait la voiture, donne l\u2019adresse et alerte la gendarmerie.<\/p>\n<p>Course-poursuite\u00a0<\/p>\n<p class=\" wall-content\">Une arrestation mouvement\u00e9e, puisqu\u2019\u00e0 la vue des uniformes, les deux individus refusent d\u2019obtemp\u00e9rer et prennent la fuite. S\u2019en suit une spectaculaire course-poursuite, au cours de laquelle, les fuyards endommagent deux voitures, circulent en sens interdit, montent sur des \u00eelots centraux et des trottoirs, avant que des pneus n\u2019\u00e9clatent. Ils sont interpell\u00e9s.<\/p>\n<p class=\" wall-content\">Lors du proc\u00e8s vendredi en comparution imm\u00e9diate, le pr\u00e9sident a r\u00e9v\u00e9l\u00e9 que les deux hommes avaient d\u00e9j\u00e0 \u00e9t\u00e9 condamn\u00e9s pour des faits identiques dans le pass\u00e9.<\/p>\n<p>Vid\u00e9os : en ce moment sur Actu<\/p>\n<p class=\" wall-content\">Suivez toute l\u2019actualit\u00e9 de vos villes et m\u00e9dias favoris en vous inscrivant \u00e0 <a href=\"https:\/\/moncompte.actu.fr\" title=\"D\u00e9couvez Mon Actu\" rel=\"nofollow noopener\" data-trk=\"{&quot;cta&quot;:{&quot;action&quot;:&quot;https:\\\/\\\/moncompte.actu.fr&quot;,&quot;category&quot;:&quot;mon compte&quot;,&quot;from&quot;:&quot;article footer&quot;,&quot;name&quot;:&quot;Mon actu&quot;,&quot;type&quot;:&quot;cta&quot;}}\" target=\"_blank\">Mon Actu<\/a>.<\/p>\n","protected":false},"excerpt":{"rendered":"Par Jean-Marc Aubert Publi\u00e9 le 5 mai 2025 \u00e0 17h49 Deux escrocs sp\u00e9cialis\u00e9s dans les vols de cartes&hellip;\n","protected":false},"author":2,"featured_media":77026,"comment_status":"","ping_status":"","sticky":false,"template":"","format":"standard","meta":{"footnotes":""},"categories":[9599],"tags":[1111,11,1777,674,118,1011,27,3381,303,2208,12,2680,25],"class_list":{"0":"post-77025","1":"post","2":"type-post","3":"status-publish","4":"format-standard","5":"has-post-thumbnail","7":"category-montpellier","8":"tag-actu","9":"tag-actualites","10":"tag-eu","11":"tag-europe","12":"tag-faits-divers","13":"tag-fr","14":"tag-france","15":"tag-gendarmerie","16":"tag-justice","17":"tag-montpellier","18":"tag-news","19":"tag-occitanie","20":"tag-republique-francaise"},"share_on_mastodon":{"url":"https:\/\/pubeurope.com\/@fr\/114456067002656567","error":""},"_links":{"self":[{"href":"https:\/\/www.europesays.com\/fr\/wp-json\/wp\/v2\/posts\/77025","targetHints":{"allow":["GET"]}}],"collection":[{"href":"https:\/\/www.europesays.com\/fr\/wp-json\/wp\/v2\/posts"}],"about":[{"href":"https:\/\/www.europesays.com\/fr\/wp-json\/wp\/v2\/types\/post"}],"author":[{"embeddable":true,"href":"https:\/\/www.europesays.com\/fr\/wp-json\/wp\/v2\/users\/2"}],"replies":[{"embeddable":true,"href":"https:\/\/www.europesays.com\/fr\/wp-json\/wp\/v2\/comments?post=77025"}],"version-history":[{"count":0,"href":"https:\/\/www.europesays.com\/fr\/wp-json\/wp\/v2\/posts\/77025\/revisions"}],"wp:featuredmedia":[{"embeddable":true,"href":"https:\/\/www.europesays.com\/fr\/wp-json\/wp\/v2\/media\/77026"}],"wp:attachment":[{"href":"https:\/\/www.europesays.com\/fr\/wp-json\/wp\/v2\/media?parent=77025"}],"wp:term":[{"taxonomy":"category","embeddable":true,"href":"https:\/\/www.europesays.com\/fr\/wp-json\/wp\/v2\/categories?post=77025"},{"taxonomy":"post_tag","embeddable":true,"href":"https:\/\/www.europesays.com\/fr\/wp-json\/wp\/v2\/tags?post=77025"}],"curies":[{"name":"wp","href":"https:\/\/api.w.org\/{rel}","templated":true}]}}