{"id":77066,"date":"2025-05-05T16:23:10","date_gmt":"2025-05-05T16:23:10","guid":{"rendered":"https:\/\/www.europesays.com\/fr\/77066\/"},"modified":"2025-05-05T16:23:10","modified_gmt":"2025-05-05T16:23:10","slug":"ce-festival-gratuit-connu-a-lyon-organise-trois-jours-inedits-voici-ou-et-quand","status":"publish","type":"post","link":"https:\/\/www.europesays.com\/fr\/77066\/","title":{"rendered":"Ce festival gratuit connu \u00e0 Lyon organise trois jours in\u00e9dits : voici o\u00f9 et quand"},"content":{"rendered":"<p>            Par<br \/>\n        <strong><br \/>\n            <a href=\"https:\/\/actu.fr\/auteur\/theo-zuili\" title=\"Consulter tous les articles de Th\u00e9o Zuili\" rel=\"nofollow noopener\" target=\"_blank\">Th\u00e9o Zuili<\/a><br \/>\n        <\/strong><\/p>\n<p>        Publi\u00e9 le<\/p>\n<p>            5 mai 2025 \u00e0 17h48        <\/p>\n<p>Rendez-vous annuel des amateurs de street-art et d\u2019art contemporain \u00e0 <a href=\"https:\/\/actu.fr\/auvergne-rhone-alpes\/lyon_69123\" rel=\"nofollow noopener\" target=\"_blank\">Lyon<\/a>, le <strong>Peinture Fra\u00eeche Festival<\/strong> revient pour un format r\u00e9duit mais intense \u00e0 <a href=\"https:\/\/actu.fr\/auvergne-rhone-alpes\/bourgoin-jallieu_38053\" rel=\"nofollow noopener\" target=\"_blank\">Bourgoin-Jallieu<\/a> (Is\u00e8re). L\u2019\u00e9v\u00e8nement prend place pour la premi\u00e8re fois dans une friche industrielle hors de Lyon.<\/p>\n<p>    <a href=\"https:\/\/www.google.com\/maps\/embed?pb=!1m18!1m12!1m3!1d33086.22505860684!2d5.244585126707108!3d45.57847692352011!2m3!1f0!2f0!3f0!3m2!1i1024!2i768!4f13.1!3m3!1m2!1s0x478b2e9d078065b9%3A0xab7cb5554276569a!2s6%20Rte%20de%20Saint-Jean-de-Bournay%2C%2038300%20Bourgoin-Jallieu!5e1!3m2!1sfr!2sfr!4v1746456639470!5m2!1sfr!2sfr\" title=\"Ouvrie le lien\" rel=\"nofollow noopener\" target=\"_blank\">Cliquez ici pour visualiser le contenu<\/a><\/p>\n<p>Un territoire \u00ab\u00a0de\u0301ja\u0300 engage\u0301 dans le street art\u00a0\u00bb<\/p>\n<p class=\" wall-content\">Les Magasins Ge\u0301ne\u0301raux, lieu inaccessible au public actuellement en friche derri\u00e8re la gare <a href=\"https:\/\/actu.fr\/tag\/sncf\" rel=\"nofollow noopener\" target=\"_blank\">SNCF<\/a>, accueilleront le <a href=\"https:\/\/actu.fr\/auvergne-rhone-alpes\/lyon_69123\/lyon-festival-peinture-fraiche-dates-lieu-evenements-horaires-tout-savoir_60126319.html\" rel=\"nofollow noopener\" target=\"_blank\">festival Peinture Fra\u00eeche<\/a> dans une formule \u00ab\u00a0gratuite et condens\u00e9e\u00a0\u00bb <strong>du 8 au 10 mai<\/strong> dans le cadre de son concept de \u00ab\u00a0Secret spots\u00a0\u00bb, ou \u00ab\u00a0lieux secrets\u00a0\u00bb n\u00e9 en 2024.<\/p>\n<p class=\" wall-content\">\n<p class=\" wall-content\">Ville de\u0301ja\u0300 engage\u0301e o\u00f9 des artistes sont r\u00e9guli\u00e8rement appel\u00e9s \u00e0 r\u00e9aliser des fresques, Bourgoin-Jallieu compte bien importer chez elle un petit bout de ce qui fait la renomm\u00e9e de Lyon sur la sc\u00e8ne internationale du street-art.<\/p>\n<p>Vid\u00e9os : en ce moment sur ActuMusique, sport et art de rue<\/p>\n<p class=\" wall-content\">Les organisateurs promettent \u00ab\u00a0trois journe\u0301es de\u0301die\u0301es aux cultures urbaines\u00a0\u00bb \u00e0 la mani\u00e8re d\u2019une foire \u00ab\u00a0\u00e0 la <strong>programmation<\/strong> <strong>foisonnante<\/strong>, re\u0301unissant des exposants inde\u0301pendants, un programme d\u2019animations culturelles et sportives autour des cultures urbaines\u00a0\u00bb.<\/p>\n<p class=\" wall-content\">Artistes locaux et d\u2019ailleurs, <a href=\"https:\/\/actu.fr\/tag\/street-art\" rel=\"nofollow noopener\" target=\"_blank\">street-art<\/a> et \u00ab\u00a0graffiti park\u00a0\u00bb, hip-hop, basket, BMX, skate, stands cr\u00e9atifs, DJ, freestyle foot, mode, visites guid\u00e9es dans la ville et m\u00eame tatouages sont au programme.<\/p>\n<p class=\" wall-content\">Le rendez-vous est donn\u00e9 6 route de Saint-Jean-de-Bournay de 12h \u00e0 20h.<\/p>\n<p class=\" wall-content\">Suivez toute l\u2019actualit\u00e9 de vos villes et m\u00e9dias favoris en vous inscrivant \u00e0 <a href=\"https:\/\/moncompte.actu.fr\" title=\"D\u00e9couvez Mon Actu\" rel=\"nofollow noopener\" data-trk=\"{&quot;cta&quot;:{&quot;action&quot;:&quot;https:\\\/\\\/moncompte.actu.fr&quot;,&quot;category&quot;:&quot;mon compte&quot;,&quot;from&quot;:&quot;article footer&quot;,&quot;name&quot;:&quot;Mon actu&quot;,&quot;type&quot;:&quot;cta&quot;}}\" target=\"_blank\">Mon Actu<\/a>.<\/p>\n","protected":false},"excerpt":{"rendered":"Par Th\u00e9o Zuili Publi\u00e9 le 5 mai 2025 \u00e0 17h48 Rendez-vous annuel des amateurs de street-art et d\u2019art&hellip;\n","protected":false},"author":2,"featured_media":77067,"comment_status":"","ping_status":"","sticky":false,"template":"","format":"standard","meta":{"footnotes":""},"categories":[1889],"tags":[1111,11,2430,1777,674,1011,27,2428,12,25,104,7189],"class_list":{"0":"post-77066","1":"post","2":"type-post","3":"status-publish","4":"format-standard","5":"has-post-thumbnail","7":"category-lyon","8":"tag-actu","9":"tag-actualites","10":"tag-auvergne-rhone-alpes","11":"tag-eu","12":"tag-europe","13":"tag-fr","14":"tag-france","15":"tag-lyon","16":"tag-news","17":"tag-republique-francaise","18":"tag-societe","19":"tag-street-art"},"share_on_mastodon":{"url":"https:\/\/pubeurope.com\/@fr\/114456153554929314","error":""},"_links":{"self":[{"href":"https:\/\/www.europesays.com\/fr\/wp-json\/wp\/v2\/posts\/77066","targetHints":{"allow":["GET"]}}],"collection":[{"href":"https:\/\/www.europesays.com\/fr\/wp-json\/wp\/v2\/posts"}],"about":[{"href":"https:\/\/www.europesays.com\/fr\/wp-json\/wp\/v2\/types\/post"}],"author":[{"embeddable":true,"href":"https:\/\/www.europesays.com\/fr\/wp-json\/wp\/v2\/users\/2"}],"replies":[{"embeddable":true,"href":"https:\/\/www.europesays.com\/fr\/wp-json\/wp\/v2\/comments?post=77066"}],"version-history":[{"count":0,"href":"https:\/\/www.europesays.com\/fr\/wp-json\/wp\/v2\/posts\/77066\/revisions"}],"wp:featuredmedia":[{"embeddable":true,"href":"https:\/\/www.europesays.com\/fr\/wp-json\/wp\/v2\/media\/77067"}],"wp:attachment":[{"href":"https:\/\/www.europesays.com\/fr\/wp-json\/wp\/v2\/media?parent=77066"}],"wp:term":[{"taxonomy":"category","embeddable":true,"href":"https:\/\/www.europesays.com\/fr\/wp-json\/wp\/v2\/categories?post=77066"},{"taxonomy":"post_tag","embeddable":true,"href":"https:\/\/www.europesays.com\/fr\/wp-json\/wp\/v2\/tags?post=77066"}],"curies":[{"name":"wp","href":"https:\/\/api.w.org\/{rel}","templated":true}]}}