{"id":77106,"date":"2025-05-05T16:44:08","date_gmt":"2025-05-05T16:44:08","guid":{"rendered":"https:\/\/www.europesays.com\/fr\/77106\/"},"modified":"2025-05-05T16:44:08","modified_gmt":"2025-05-05T16:44:08","slug":"atp-madrid-tomas-perez-medecin-officiel-du-tournoi-je-me-souviendrai-toujours-de-la-premiere-fois-que-nous-avons-ouvert-le-dossier-medical-de-federer-je-narrivais-pas-a-le-croire","status":"publish","type":"post","link":"https:\/\/www.europesays.com\/fr\/77106\/","title":{"rendered":"ATP &#8211; Madrid > Tomas Perez, m\u00e9decin officiel du tournoi : \u00ab\u00a0Je me souviendrai toujours de la premi\u00e8re fois que nous avons ouvert le dossier m\u00e9dical de Federer\u2026 Je n&rsquo;arrivais pas \u00e0 le croire\u00a0\u00bb"},"content":{"rendered":"<p>Pour aspirer \u00e0 une carri\u00e8re dans le sport de haut niveau sur la dur\u00e9e, avoir un staff m\u00e9dical perfor\u00admant est une n\u00e9ces\u00adsit\u00e9. Pendant sa p\u00e9riode active, Roger Federer a \u00e9t\u00e9 rela\u00adti\u00adve\u00adment \u00e9pargn\u00e9 par les bles\u00adsures jusqu\u2019\u00e0 2016. Cette ann\u00e9e, en f\u00e9vrier, le Maestro suisse est victime d\u2019une d\u00e9chi\u00adrure au m\u00e9nisque du genou gauche. Un genou en d\u00e9li\u00adca\u00adtesse qui ne le lais\u00adsera jamais tran\u00adquille, pr\u00e9ci\u00adpi\u00adtant son retrait des courts en\u00a02022.\u00a0<\/p>\n<p>Avant cet inci\u00addent, les rapports m\u00e9di\u00adcaux de l\u2019an\u00adcien num\u00e9ro un mondial sont presque vides. Une anomalie pour Tomas Perez, m\u00e9decin offi\u00adciel du Masters 1000 de Madrid.<\/p>\n<p><strong>\u00ab\u202fLorsque vous parti\u00adcipez \u00e0 un tournoi, cela fait partie du travail d\u2019ac\u00adc\u00e9der au syst\u00e8me pour voir les infor\u00adma\u00adtions m\u00e9di\u00adcales ant\u00e9\u00adrieures du joueur, qui sont trans\u00adf\u00e9\u00adr\u00e9es entre tous les services m\u00e9di\u00adcaux. Si vous avez de l\u2019ec\u00adz\u00e9ma sur la peau, ils le verront ici (Madrid), \u00e0 Rome et \u00e0 Roland\u2010Garros, nous travaillons toujours avec cette conti\u00adnuit\u00e9. Je me souvien\u00addrai toujours de la premi\u00e8re fois que nous avons ouvert le dossier m\u00e9dical de Federer\u2026 il \u00e9tait vide\u202f! Je n\u2019ar\u00adri\u00advais pas \u00e0 le croire, puis j\u2019ai regard\u00e9 des ann\u00e9es en arri\u00e8re\u2026 et il \u00e9tait toujours vide\u202f! Comment \u00e9tait\u2010il possible que cet homme n\u2019ait jamais eu de probl\u00e8mes\u202f? Je suppose qu\u2019il avait un physio\u00adth\u00e9\u00adra\u00adpeute excep\u00adtionnel, mais c\u2019\u00e9tait plut\u00f4t son truc, une connais\u00adsance extr\u00eame de son corps pour ne jamais le pousser\u00a0\u00e0\u00a0la\u00a0limite\u202f\u00bb<\/strong>, a racont\u00e9 le prati\u00adcien, dans un entre\u00adtien accord\u00e9 \u00e0 <a href=\"https:\/\/www.puntodebreak.com\/2025\/05\/04\/angeles-custodios-circuito-profesional\" data-wpel-link=\"external\" target=\"_blank\" rel=\"nofollow external noopener\">Punto de Break<\/a>.<\/p>\n<p class=\"post-published-date\" style=\"color: silver; font-size: 75%; text-align: left;\">Publi\u00e9 le lundi 5 mai 2025 \u00e0 18:15<\/p>\n","protected":false},"excerpt":{"rendered":"Pour aspirer \u00e0 une carri\u00e8re dans le sport de haut niveau sur la dur\u00e9e, avoir un staff m\u00e9dical&hellip;\n","protected":false},"author":2,"featured_media":77107,"comment_status":"","ping_status":"","sticky":false,"template":"","format":"standard","meta":{"footnotes":""},"categories":[1415],"tags":[2199,1011,27,60,1467],"class_list":{"0":"post-77106","1":"post","2":"type-post","3":"status-publish","4":"format-standard","5":"has-post-thumbnail","7":"category-tennis","8":"tag-federer","9":"tag-fr","10":"tag-france","11":"tag-sports","12":"tag-tennis"},"share_on_mastodon":{"url":"https:\/\/pubeurope.com\/@fr\/114456236025058695","error":""},"_links":{"self":[{"href":"https:\/\/www.europesays.com\/fr\/wp-json\/wp\/v2\/posts\/77106","targetHints":{"allow":["GET"]}}],"collection":[{"href":"https:\/\/www.europesays.com\/fr\/wp-json\/wp\/v2\/posts"}],"about":[{"href":"https:\/\/www.europesays.com\/fr\/wp-json\/wp\/v2\/types\/post"}],"author":[{"embeddable":true,"href":"https:\/\/www.europesays.com\/fr\/wp-json\/wp\/v2\/users\/2"}],"replies":[{"embeddable":true,"href":"https:\/\/www.europesays.com\/fr\/wp-json\/wp\/v2\/comments?post=77106"}],"version-history":[{"count":0,"href":"https:\/\/www.europesays.com\/fr\/wp-json\/wp\/v2\/posts\/77106\/revisions"}],"wp:featuredmedia":[{"embeddable":true,"href":"https:\/\/www.europesays.com\/fr\/wp-json\/wp\/v2\/media\/77107"}],"wp:attachment":[{"href":"https:\/\/www.europesays.com\/fr\/wp-json\/wp\/v2\/media?parent=77106"}],"wp:term":[{"taxonomy":"category","embeddable":true,"href":"https:\/\/www.europesays.com\/fr\/wp-json\/wp\/v2\/categories?post=77106"},{"taxonomy":"post_tag","embeddable":true,"href":"https:\/\/www.europesays.com\/fr\/wp-json\/wp\/v2\/tags?post=77106"}],"curies":[{"name":"wp","href":"https:\/\/api.w.org\/{rel}","templated":true}]}}