{"id":7711,"date":"2025-04-07T11:27:19","date_gmt":"2025-04-07T11:27:19","guid":{"rendered":"https:\/\/www.europesays.com\/fr\/7711\/"},"modified":"2025-04-07T11:27:19","modified_gmt":"2025-04-07T11:27:19","slug":"les-ecologistes-veulent-lunion-de-la-gauche-des-le-premier-tour","status":"publish","type":"post","link":"https:\/\/www.europesays.com\/fr\/7711\/","title":{"rendered":"les \u00e9cologistes veulent l\u2019union de la gauche d\u00e8s le premier tour"},"content":{"rendered":"<p>Les militants du groupe local des \u00c9cologistes de Lyon, r\u00e9unis le 5 avril 2025 en Assembl\u00e9e G\u00e9n\u00e9rale, ont adopt\u00e9 une strat\u00e9gie politique en vue des municipales de 2026. Ils affirment leur volont\u00e9 de construire \u00ab\u00a0une liste d\u2019union de la gauche d\u00e8s le premier tour\u00a0\u00bb, dans la continuit\u00e9 des mandats \u00e0 la Ville et \u00e0 la M\u00e9tropole.<\/p>\n<p>Dans leur communiqu\u00e9, les Verts expliquent cette orientation par un contexte de \u00ab\u00a0profonds bouleversements, o\u00f9 conservatismes, nationalismes et extr\u00eame droite connaissent une mont\u00e9e acc\u00e9l\u00e9r\u00e9e affectant directement l&rsquo;\u00e9chelon local.\u00a0\u00bb Ils veulent ainsi \u00ab\u00a0incarner une alternative forte face aux d\u00e9fis \u00e0 venir.\u00a0\u00bb<\/p>\n<p>Cette d\u00e9marche s\u2019inscrit dans la continuit\u00e9 de leur engagement au sein du Nouveau Front Populaire lors des l\u00e9gislatives de 2024, o\u00f9 les \u00c9cologistes avaient \u00e9t\u00e9 \u00ab\u00a0le fer de lance de la mobilisation contre l\u2019extr\u00eame droite.\u00a0\u00bb Forts de leur position majoritaire \u00e0 la mairie de Lyon, les militants affirment \u00ab\u00a0assumer [leur] responsabilit\u00e9 d\u2019\u00eatre \u00e0 l\u2019initiative des discussions avec [leurs] partenaires du Nouveau Front Populaire et de la soci\u00e9t\u00e9 civile de gauche.\u00a0\u00bb<\/p>\n<p>Les \u00c9cologistes annoncent \u00e9galement le lancement d\u2019un travail programmatique collectif, initi\u00e9 depuis le 24 mars. Six groupes de travail th\u00e9matiques ouverts \u00e0 la soci\u00e9t\u00e9 civile vont plancher sur les priorit\u00e9s du prochain mandat, autour de th\u00e9matiques comme \u00ab\u00a0Lyon, ville protectrice\u00a0\u00bb, \u00ab\u00a0Lyon, ville prosp\u00e8re et solidaire\u00a0\u00bb ou encore \u00ab\u00a0Lyon \u00e0 tout \u00e2ge.\u00a0\u00bb<\/p>\n<p>En parall\u00e8le, une \u00ab\u00a0ambitieuse d\u00e9marche de terrain\u00a0\u00bb sera men\u00e9e \u00e0 partir de l\u2019\u00e9t\u00e9 2025 pour recueillir les attentes des Lyonnais. Les \u00e9cologistes disent vouloir \u00ab\u00a0construire un projet municipal ancr\u00e9 dans le quotidien des habitantes et habitants.\u00a0\u00bb<\/p>\n<p>Enfin, les chefs de file ont \u00e9t\u00e9 d\u00e9sign\u00e9s dans chacun des neuf arrondissements lyonnais. Les responsables d\u00e9sign\u00e9s sont : Yasmine Bouagga (1er) Valentin Lungenstrass (2e), Marion Sessiecq (3e), R\u00e9mi Zinck (4e), Nadine Georgel (5e),\u00a0Ivan Revel (6e),\u00a0Fanny Dubot (7e),\u00a0Olivier Berzane (8e)\u00a0et Anne Braibant (9e)<\/p>\n<p>Ces responsables auront pour mission d\u2019\u00a0\u00bbanimer la dynamique politique et citoyenne\u00a0\u00bb dans leur arrondissement respectif, dans les mois \u00e0 venir.<\/p>\n","protected":false},"excerpt":{"rendered":"Les militants du groupe local des \u00c9cologistes de Lyon, r\u00e9unis le 5 avril 2025 en Assembl\u00e9e G\u00e9n\u00e9rale, ont&hellip;\n","protected":false},"author":2,"featured_media":7712,"comment_status":"","ping_status":"","sticky":false,"template":"","format":"standard","meta":{"footnotes":""},"categories":[1889],"tags":[1111,11,2813,2190,2430,1109,251,1112,2811,1777,674,118,1011,27,1922,1110,1114,2428,2810,12,241,316,25,2812,517,800],"class_list":{"0":"post-7711","1":"post","2":"type-post","3":"status-publish","4":"format-standard","5":"has-post-thumbnail","7":"category-lyon","8":"tag-actu","9":"tag-actualites","10":"tag-article","11":"tag-asvel","12":"tag-auvergne-rhone-alpes","13":"tag-breves","14":"tag-culture","15":"tag-depeches","16":"tag-economique","17":"tag-eu","18":"tag-europe","19":"tag-faits-divers","20":"tag-fr","21":"tag-france","22":"tag-info","23":"tag-informations","24":"tag-infos","25":"tag-lyon","26":"tag-lyonmag","27":"tag-news","28":"tag-ol","29":"tag-politique","30":"tag-republique-francaise","31":"tag-sociale","32":"tag-sport","33":"tag-transports"},"share_on_mastodon":{"url":"https:\/\/pubeurope.com\/@fr\/114296444926346323","error":""},"_links":{"self":[{"href":"https:\/\/www.europesays.com\/fr\/wp-json\/wp\/v2\/posts\/7711","targetHints":{"allow":["GET"]}}],"collection":[{"href":"https:\/\/www.europesays.com\/fr\/wp-json\/wp\/v2\/posts"}],"about":[{"href":"https:\/\/www.europesays.com\/fr\/wp-json\/wp\/v2\/types\/post"}],"author":[{"embeddable":true,"href":"https:\/\/www.europesays.com\/fr\/wp-json\/wp\/v2\/users\/2"}],"replies":[{"embeddable":true,"href":"https:\/\/www.europesays.com\/fr\/wp-json\/wp\/v2\/comments?post=7711"}],"version-history":[{"count":0,"href":"https:\/\/www.europesays.com\/fr\/wp-json\/wp\/v2\/posts\/7711\/revisions"}],"wp:featuredmedia":[{"embeddable":true,"href":"https:\/\/www.europesays.com\/fr\/wp-json\/wp\/v2\/media\/7712"}],"wp:attachment":[{"href":"https:\/\/www.europesays.com\/fr\/wp-json\/wp\/v2\/media?parent=7711"}],"wp:term":[{"taxonomy":"category","embeddable":true,"href":"https:\/\/www.europesays.com\/fr\/wp-json\/wp\/v2\/categories?post=7711"},{"taxonomy":"post_tag","embeddable":true,"href":"https:\/\/www.europesays.com\/fr\/wp-json\/wp\/v2\/tags?post=7711"}],"curies":[{"name":"wp","href":"https:\/\/api.w.org\/{rel}","templated":true}]}}