{"id":77135,"date":"2025-05-05T17:00:10","date_gmt":"2025-05-05T17:00:10","guid":{"rendered":"https:\/\/www.europesays.com\/fr\/77135\/"},"modified":"2025-05-05T17:00:10","modified_gmt":"2025-05-05T17:00:10","slug":"plus-de-2-000-moderateurs-de-contenus-travaillant-pour-meta-licencies-en-espagne-05-05-2025-a-1642","status":"publish","type":"post","link":"https:\/\/www.europesays.com\/fr\/77135\/","title":{"rendered":"Plus de 2.000 mod\u00e9rateurs de contenus travaillant pour Meta licenci\u00e9s en Espagne &#8211; 05\/05\/2025 \u00e0 16:42"},"content":{"rendered":"<p>        <img fetchpriority=\"high\" decoding=\"async\" src=\"https:\/\/www.europesays.com\/fr\/wp-content\/uploads\/2025\/05\/6a18c2b8512d81db5cc4fe7d34e77570-760x491.jpg\" alt=\"Le si\u00e8ge de Meta \u00e0 Menlo Park en Californie, le28 octobre 2021 ( GETTY IMAGES NORTH AMERICA \/ JUSTIN SULLIVAN )\" loading=\"eager\" width=\"760\" height=\"491\" style=\"max-width: 100%!important; height: auto;\"\/><\/p>\n<p class=\"c-image-news__legend\">Le si\u00e8ge de Meta \u00e0 Menlo Park en Californie, le28 octobre 2021 ( GETTY IMAGES NORTH AMERICA \/ JUSTIN SULLIVAN )<\/p>\n<p>\n Ils filtraient les messages haineux et les vid\u00e9os violentes sur<br \/>\n <a href=\"https:\/\/www.boursorama.com\/cours\/META\/\" rel=\"nofollow noopener\" target=\"_blank\"><br \/>\n  Facebook<br \/>\n <\/a><br \/>\n et Instagram: plus de 2.000 mod\u00e9rateurs de contenus travaillant pour un sous-traitant du groupe Meta vont \u00eatre licenci\u00e9s en Espagne, en raison de l&rsquo;all\u00e8gement des modalit\u00e9s de r\u00e9gulation d\u00e9cid\u00e9es par le g\u00e9ant californien.\n<\/p>\n<p>\n Le groupe canadien Telus international, qui employait ces salari\u00e9s sur son site de Barcelone, \u00ab\u00a0a pr\u00e9sent\u00e9 formellement un plan social\u00a0\u00bb lors d&rsquo;une r\u00e9union avec les organisations de salari\u00e9s, a annonc\u00e9 dans un communiqu\u00e9 le syndicat Commissions ouvri\u00e8res (CCOO).\n<\/p>\n<p>\n Lors de cette rencontre, le direction de l&rsquo;entreprise a indiqu\u00e9 que \u00ab\u00a02.059 personnes\u00a0\u00bb seraient touch\u00e9es par ce plan social, soit la \u00ab\u00a0totalit\u00e9 des salari\u00e9s\u00a0\u00bb qui effectuaient des t\u00e2ches de mod\u00e9ration pour Meta, maison m\u00e8re de Facebook et Instagram, sur le site de Barcelone, a pr\u00e9cis\u00e9 le syndicat.\n<\/p>\n<p>\n Selon CCOO, qui dit avoir sign\u00e9 un accord de principe pr\u00e9voyant \u00ab\u00a0la plus haute indemnisation l\u00e9gale\u00a0\u00bb possible pour les salari\u00e9s, ce plan social a \u00e9t\u00e9 d\u00e9cid\u00e9 apr\u00e8s l&rsquo;annulation du contrat liant Telus international, qui op\u00e9rait \u00e0 Barcelone sous le nom de CCC Barcelona Digital Services, au groupe am\u00e9ricain.\n<\/p>\n<p>\n \u00ab\u00a0En vertu de ce pr\u00e9accord, les d\u00e9parts se produiront de mani\u00e8re \u00e9chelonn\u00e9e au cours des mois de mai, juin, juillet et septembre 2025\u00a0\u00bb et \u00ab\u00a0les personnes concern\u00e9es recevront une indemnit\u00e9 de 33 jours par ann\u00e9e travaill\u00e9e\u00a0\u00bb, a pr\u00e9cis\u00e9 de son c\u00f4t\u00e9 le syndicat UGT, qui a \u00e9galement sign\u00e9 ce compromis.\n<\/p>\n<p>\n Malgr\u00e9 le feu vert donn\u00e9 \u00e0 ce dernier, \u00ab\u00a0nous estimons que le secteur de la mod\u00e9ration n\u00e9cessite la professionnalisation que ces travailleurs apportaient\u00a0\u00bb, ajoute l&rsquo;organisation syndicale, qui exige dans son communiqu\u00e9 \u00ab\u00a0un engagement clair pour la cr\u00e9ation de postes de travail stables\u00a0\u00bb.\n<\/p>\n<p>\n L&rsquo;annulation du contrat entre Meta et Telus international avait \u00e9t\u00e9 annonc\u00e9e d\u00e9but avril par plusieurs syndicats espagnols, qui avaient \u00e9voqu\u00e9 un possible impact pour 2.000 salari\u00e9s, en pr\u00e9cisant que le nombre exact de personnes affect\u00e9es devait faire l&rsquo;objet de n\u00e9gociations.\n<\/p>\n<p>\n Interrog\u00e9 par l&rsquo;AFP, un porte-parole de Telus avait alors refus\u00e9 de confirmer ce chiffre, assurant que les discussions \u00e9taient en cours et que Telus continuait de travailler \u00ab\u00a0depuis d&rsquo;autres localisations\u00a0\u00bb avec ce \u00ab\u00a0client\u00a0\u00bb, dont il n&rsquo;avait pas donn\u00e9 l&rsquo;identit\u00e9.\n<\/p>\n<p> &#8211; \u00ab\u00a0Trop de contenus censur\u00e9s\u00a0\u00bb &#8211;<\/p>\n<p>\n Sollicit\u00e9 lundi, ce porte-parole a de nouveau refus\u00e9 de donner le nombre exact de suppressions de postes. \u00ab\u00a0La priorit\u00e9 reste de soutenir les membres de l&rsquo;\u00e9quipe touch\u00e9s\u00a0\u00bb en leur offrant \u00ab\u00a0une assistance compl\u00e8te, y compris des opportunit\u00e9s de relocalisation pour le plus grand nombre possible\u00a0\u00bb, a-t-il pr\u00e9cis\u00e9.\n<\/p>\n<p>\n Contact\u00e9 par l&rsquo;AFP, Meta n&rsquo;avait pas donn\u00e9 suite lundi apr\u00e8s-midi. D\u00e9but avril, le groupe californien avait assur\u00e9 que la fin de son contrat avec Telus pour son site barcelonais ne signifiait pas une r\u00e9duction de ses \u00ab\u00a0efforts de r\u00e9vision de contenus\u00a0\u00bb.\n<\/p>\n<p>\n \u00ab\u00a0Nous comptons toujours environ 40.000 personnes travaillant sur la s\u00e9curit\u00e9, y compris 15.000 mod\u00e9rateurs de contenu\u00a0\u00bb, avait fait valoir le groupe pr\u00e9sid\u00e9 par Mark Zuckerberg, en pr\u00e9cisant continuer \u00e0 \u00ab\u00a0travailler avec Telus \u00e0 travers leur r\u00e9seau mondial\u00a0\u00bb.\n<\/p>\n<p>\n D&rsquo;apr\u00e8s les syndicats, le site de Barcelone travaillait pour Meta depuis 2018. Ses mod\u00e9rateurs, install\u00e9s dans un immeuble embl\u00e9matique de la ville, la tour Glories, y travaillaient sur des contenus en espagnol, en catalan, en fran\u00e7ais, en n\u00e9erlandais, en h\u00e9breu et en portugais.\n<\/p>\n<p>\n Le groupe Meta, qui a investi des milliards de dollars ces derni\u00e8res ann\u00e9es pour contr\u00f4ler les contenus sensibles, a annonc\u00e9 en janvier la fin du fact-checking aux Etats-Unis et la mise \u00e0 jour de ses pratiques sur la mod\u00e9ration des contenus, afin d&rsquo;\u00e9carter moins de messages susceptibles de faire entorse \u00e0 ses standards.\n<\/p>\n<p>\n \u00ab\u00a0Trop de contenus \u00e9taient censur\u00e9s alors qu&rsquo;ils n&rsquo;auraient pas d\u00fb l&rsquo;\u00eatre\u00a0\u00bb, avait alors justifi\u00e9 le groupe, \u00e9galement propri\u00e9taire de Whatsapp et Threads. Cette d\u00e9cision avait \u00e9t\u00e9 largement vue comme un moyen de contenter le pr\u00e9sident Donald Trump, tr\u00e8s critique de la politique de mod\u00e9ration de Meta ces derni\u00e8res ann\u00e9es.<\/p>\n","protected":false},"excerpt":{"rendered":"Le si\u00e8ge de Meta \u00e0 Menlo Park en Californie, le28 octobre 2021 ( GETTY IMAGES NORTH AMERICA \/&hellip;\n","protected":false},"author":2,"featured_media":77136,"comment_status":"","ping_status":"","sticky":false,"template":"","format":"standard","meta":{"footnotes":""},"categories":[6],"tags":[400,398,408,35,405,33,34,1011,27,403,402,399,404,401,406,407],"class_list":{"0":"post-77135","1":"post","2":"type-post","3":"status-publish","4":"format-standard","5":"has-post-thumbnail","7":"category-economie","8":"tag-action-cac-40","9":"tag-bourse-de-paris","10":"tag-boursorama","11":"tag-business","12":"tag-cotations","13":"tag-economie","14":"tag-economy","15":"tag-fr","16":"tag-france","17":"tag-indices-devises","18":"tag-investir","19":"tag-investissement","20":"tag-marche-boursier","21":"tag-sicav","22":"tag-trackers","23":"tag-warrants"},"share_on_mastodon":{"url":"https:\/\/pubeurope.com\/@fr\/114456299021753213","error":""},"_links":{"self":[{"href":"https:\/\/www.europesays.com\/fr\/wp-json\/wp\/v2\/posts\/77135","targetHints":{"allow":["GET"]}}],"collection":[{"href":"https:\/\/www.europesays.com\/fr\/wp-json\/wp\/v2\/posts"}],"about":[{"href":"https:\/\/www.europesays.com\/fr\/wp-json\/wp\/v2\/types\/post"}],"author":[{"embeddable":true,"href":"https:\/\/www.europesays.com\/fr\/wp-json\/wp\/v2\/users\/2"}],"replies":[{"embeddable":true,"href":"https:\/\/www.europesays.com\/fr\/wp-json\/wp\/v2\/comments?post=77135"}],"version-history":[{"count":0,"href":"https:\/\/www.europesays.com\/fr\/wp-json\/wp\/v2\/posts\/77135\/revisions"}],"wp:featuredmedia":[{"embeddable":true,"href":"https:\/\/www.europesays.com\/fr\/wp-json\/wp\/v2\/media\/77136"}],"wp:attachment":[{"href":"https:\/\/www.europesays.com\/fr\/wp-json\/wp\/v2\/media?parent=77135"}],"wp:term":[{"taxonomy":"category","embeddable":true,"href":"https:\/\/www.europesays.com\/fr\/wp-json\/wp\/v2\/categories?post=77135"},{"taxonomy":"post_tag","embeddable":true,"href":"https:\/\/www.europesays.com\/fr\/wp-json\/wp\/v2\/tags?post=77135"}],"curies":[{"name":"wp","href":"https:\/\/api.w.org\/{rel}","templated":true}]}}