{"id":77139,"date":"2025-05-05T17:02:08","date_gmt":"2025-05-05T17:02:08","guid":{"rendered":"https:\/\/www.europesays.com\/fr\/77139\/"},"modified":"2025-05-05T17:02:08","modified_gmt":"2025-05-05T17:02:08","slug":"le-corps-de-la-joggeuse-retrouve-par-un-promeneur","status":"publish","type":"post","link":"https:\/\/www.europesays.com\/fr\/77139\/","title":{"rendered":"le corps de la joggeuse retrouv\u00e9 par un promeneur"},"content":{"rendered":"<p class=\"article-p mdl\">Dans un communiqu\u00e9 diffus\u00e9 lundi 5 mai, le procureur de la R\u00e9publique de Poitiers a indiqu\u00e9 que <strong>le corps d\u2019Agathe Hilairet<\/strong>, la joggeuse disparue dans la Vienne le 10 avril dernier, <strong>a \u00e9t\u00e9 retrouv\u00e9<\/strong> ce dimanche, au sud de la commune de<br \/>Vivonne, la ville o\u00f9 elle avait disparu.<\/p>\n<p class=\"article-p mdl\">\u00ab\u00a0Il se trouvait dans un sous-bois en p\u00e9riph\u00e9rie des zones de recherches. Les premi\u00e8res constatations effectu\u00e9es ont permis de confirmer qu\u2019il s\u2019agissait du corps\u00a0\u00bb de\u00a0<a class=\"link\" href=\"https:\/\/www.rtl.fr\/actu\/justice-faits-divers\/disparition-d-une-joggeuse-dans-la-vienne-qui-est-agathe-hilairet-la-jeune-femme-introuvable-depuis-48h-7900493713\" title=\"Joggeuse disparue dans la Vienne : qui est Agathe, la jeune femme introuvable depuis jeudi ?\" target=\"_blank\" rel=\"noopener\">la femme de 28 ans<\/a>, a fait savoir Cyril Lacombe. Et d&rsquo;ajouter : \u00ab\u00a0L\u2019autopsie r\u00e9alis\u00e9e ce jour n\u2019a <strong>pas permis de d\u00e9terminer, \u00e0 ce stade, les causes du d\u00e9c\u00e8s<\/strong>. Plusieurs analyses compl\u00e9mentaires sont en cours afin de poursuivre les investigations.\u00a0\u00bb<\/p>\n<p class=\"article-p mdl\">Agathe \u00e9tait partie le 10 avril au matin du domicile de ses parents domicili\u00e9s \u00e0 Vivonne, pour aller courir.\u00a0Sans nouvelle, le p\u00e8re avait rapidement donn\u00e9 l&rsquo;alerte. Apr\u00e8s une premi\u00e8re phase d&rsquo;enqu\u00eate pour \u00ab\u00a0disparition inqui\u00e9tante\u00a0\u00bb, le magistrat avait ouvert le 14 avril une <strong>information judiciaire pour \u00ab\u00a0enl\u00e8vement et s\u00e9questration\u00a0\u00bb<\/strong>. Le dispositif des recherches avait \u00e9t\u00e9 lev\u00e9 le 17 avril, apr\u00e8s une semaine de ratissages au sein d&rsquo;une large zone de 100 km2.<\/p>\n<p>Powered by <a href=\"https:\/\/embedgooglemaps.com\" target=\"_blank\" rel=\"noopener\">how to embed google maps<\/a> and <a href=\"https:\/\/xn--sms-ln-som-beviljar-alla-kcc.se\/\" target=\"_blank\" rel=\"noopener\">smsl\u00e5n som beviljar alla<\/a><\/p>\n<p>    La r\u00e9daction vous recommande<\/p>\n<p class=\"s-newsletter__title\">\n                L\u2019actualit\u00e9 par la r\u00e9daction de RTL dans votre bo\u00eete mail.\n            <\/p>\n<p class=\"s-newsletter__subtitle\">\n                Gr\u00e2ce \u00e0 votre compte RTL abonnez-vous \u00e0 la newsletter RTL info pour suivre toute l&rsquo;actualit\u00e9 au quotidien\n            <\/p>\n<p>\n                                    Lire la suite\n                                <\/p>\n","protected":false},"excerpt":{"rendered":"Dans un communiqu\u00e9 diffus\u00e9 lundi 5 mai, le procureur de la R\u00e9publique de Poitiers a indiqu\u00e9 que le&hellip;\n","protected":false},"author":2,"featured_media":77140,"comment_status":"","ping_status":"","sticky":false,"template":"","format":"standard","meta":{"footnotes":""},"categories":[4],"tags":[11,898,2715,118,107,1011,27,18,12,25,1584],"class_list":{"0":"post-77139","1":"post","2":"type-post","3":"status-publish","4":"format-standard","5":"has-post-thumbnail","7":"category-france","8":"tag-actualites","9":"tag-alerte","10":"tag-disparition","11":"tag-faits-divers","12":"tag-fil-info","13":"tag-fr","14":"tag-france","15":"tag-mort","16":"tag-news","17":"tag-republique-francaise","18":"tag-vienne"},"share_on_mastodon":{"url":"https:\/\/pubeurope.com\/@fr\/114456306915681935","error":""},"_links":{"self":[{"href":"https:\/\/www.europesays.com\/fr\/wp-json\/wp\/v2\/posts\/77139","targetHints":{"allow":["GET"]}}],"collection":[{"href":"https:\/\/www.europesays.com\/fr\/wp-json\/wp\/v2\/posts"}],"about":[{"href":"https:\/\/www.europesays.com\/fr\/wp-json\/wp\/v2\/types\/post"}],"author":[{"embeddable":true,"href":"https:\/\/www.europesays.com\/fr\/wp-json\/wp\/v2\/users\/2"}],"replies":[{"embeddable":true,"href":"https:\/\/www.europesays.com\/fr\/wp-json\/wp\/v2\/comments?post=77139"}],"version-history":[{"count":0,"href":"https:\/\/www.europesays.com\/fr\/wp-json\/wp\/v2\/posts\/77139\/revisions"}],"wp:featuredmedia":[{"embeddable":true,"href":"https:\/\/www.europesays.com\/fr\/wp-json\/wp\/v2\/media\/77140"}],"wp:attachment":[{"href":"https:\/\/www.europesays.com\/fr\/wp-json\/wp\/v2\/media?parent=77139"}],"wp:term":[{"taxonomy":"category","embeddable":true,"href":"https:\/\/www.europesays.com\/fr\/wp-json\/wp\/v2\/categories?post=77139"},{"taxonomy":"post_tag","embeddable":true,"href":"https:\/\/www.europesays.com\/fr\/wp-json\/wp\/v2\/tags?post=77139"}],"curies":[{"name":"wp","href":"https:\/\/api.w.org\/{rel}","templated":true}]}}