{"id":77144,"date":"2025-05-05T17:05:15","date_gmt":"2025-05-05T17:05:15","guid":{"rendered":"https:\/\/www.europesays.com\/fr\/77144\/"},"modified":"2025-05-05T17:05:15","modified_gmt":"2025-05-05T17:05:15","slug":"les-verts-sentraineront-a-huis-clos-toute-la-semaine-avant-le-deplacement-a-reims","status":"publish","type":"post","link":"https:\/\/www.europesays.com\/fr\/77144\/","title":{"rendered":"Les Verts s&rsquo;entra\u00eeneront \u00e0 huis clos toute la semaine avant le d\u00e9placement \u00e0 Reims"},"content":{"rendered":"<p>Condamn\u00e9s \u00e0 remporter les deux derniers matchs de la saison, contre Reims et Toulouse, pour esp\u00e9rer disputer un barrage, les joueurs de l&rsquo;AS Saint-\u00c9tienne vont s&rsquo;entra\u00eener \u00e0 l&rsquo;abri des regards toute la semaine. Le club a communiqu\u00e9 le programme hebdomadaire : aucun entra\u00eenement ne sera ouvert au public.<\/p>\n<p>Les joueurs de l&rsquo;AS Saint-\u00c9tienne doivent pr\u00e9parer au mieux leur dernier d\u00e9placement de la saison, ce samedi 10 mai \u00e0 21h, sur la pelouse du <b>Stade de Reims<\/b>, pour le compte de l&rsquo;avant-derni\u00e8re journ\u00e9e de Ligue 1.<b><br \/><\/b><br \/>C&rsquo;est pourquoi le club a choisi de les laisser au calme, dans leur bulle, en programmant <b>toutes les s\u00e9ances<\/b> d&rsquo;entra\u00eenement de la semaine \u00e0<b> huis clos.<\/b><\/p>\n<p>Les Verts n&rsquo;ont plus le droit \u00e0 l&rsquo;erreur<\/p>\n<p>La <b>d\u00e9faite de l&rsquo;ASSE<\/b> contre <b>Monaco <\/b>dans le Chaudron <b>(1-3)<\/b> a plac\u00e9 les Verts au pied du mur, face \u00e0 leur destin.\u00a0<\/p>\n<p>Tous les jokers ont \u00e9t\u00e9 consomm\u00e9s : l&rsquo;AS Saint-\u00c9tienne doit imp\u00e9rativement s&rsquo;imposer \u00e0 <b>Reims <\/b>ce samedi 10 mai (21h), lors de la 33e journ\u00e9e de Ligue 1, puis contre <b>Toulouse<\/b>, samedi 17 mai (21h), lors de la derni\u00e8re journ\u00e9e.<\/p>\n<p><img loading=\"lazy\" decoding=\"async\" src=\"https:\/\/www.europesays.com\/fr\/wp-content\/uploads\/2025\/05\/1746464714_693_img\" width=\"350\" height=\"200\" border=\"0\" title=\"Maxime Bernauer, d\u00c3\u00a9fenseur de l'AS Saint-\u00c3\u0089tienne.\"\/><\/p>\n<p>\u25baFootball<\/p>\n<p style=\"font-size: 22px;\"><b>ASSE &#8211; Monaco (1-3) : les Verts toujours rel\u00e9gables \u00e0 deux journ\u00e9es de la fin de saison<\/b><\/p>\n<p>L&rsquo;AS Saint-\u00c9tienne n&rsquo;a pas fait le poids face \u00e0&#8230;<\/p>\n<p>Pour rappel, apr\u00e8s la victoire du Havre \u00e0 Auxerre (1-2), <b>Saint-\u00c9tienne<\/b> accuse <b>quatre points de retard sur la 16e place<\/b>, synonyme de <b>barrage<\/b>, et occupe actuellement la <b>17e place<\/b> avec <b>27 points.<\/b><br \/><b><br \/><\/b><br \/><img loading=\"lazy\" decoding=\"async\" src=\"https:\/\/www.europesays.com\/fr\/wp-content\/uploads\/2025\/05\/1746464715_809_img\" width=\"350\" height=\"200\" border=\"0\" title=\"Lucas Stassin.\"\/><\/p>\n<p>\u25baFootball<\/p>\n<p style=\"font-size: 22px;\"><b>ASSE : Lucas Stassin forfait jusqu&rsquo;\u00e0 la fin de la saison ?<\/b><\/p>\n<p>L&rsquo;attaquant des Verts Lucas Stassin sera forfait&#8230;<\/p>\n<p><\/p>\n","protected":false},"excerpt":{"rendered":"Condamn\u00e9s \u00e0 remporter les deux derniers matchs de la saison, contre Reims et Toulouse, pour esp\u00e9rer disputer un&hellip;\n","protected":false},"author":2,"featured_media":77145,"comment_status":"","ping_status":"","sticky":false,"template":"","format":"standard","meta":{"footnotes":""},"categories":[9653],"tags":[1111,11,2430,17066,1777,674,1011,27,14378,66,3367,12,4243,25,3213,9920,4001,2312],"class_list":{"0":"post-77144","1":"post","2":"type-post","3":"status-publish","4":"format-standard","5":"has-post-thumbnail","7":"category-saint-etienne","8":"tag-actu","9":"tag-actualites","10":"tag-auvergne-rhone-alpes","11":"tag-eirik-horneland","12":"tag-eu","13":"tag-europe","14":"tag-fr","15":"tag-france","16":"tag-les-verts","17":"tag-ligue-1","18":"tag-loire","19":"tag-news","20":"tag-reims","21":"tag-republique-francaise","22":"tag-saint","23":"tag-saint-tienne","24":"tag-saint-etienne","25":"tag-toulouse"},"share_on_mastodon":{"url":"https:\/\/pubeurope.com\/@fr\/114456318890943876","error":""},"_links":{"self":[{"href":"https:\/\/www.europesays.com\/fr\/wp-json\/wp\/v2\/posts\/77144","targetHints":{"allow":["GET"]}}],"collection":[{"href":"https:\/\/www.europesays.com\/fr\/wp-json\/wp\/v2\/posts"}],"about":[{"href":"https:\/\/www.europesays.com\/fr\/wp-json\/wp\/v2\/types\/post"}],"author":[{"embeddable":true,"href":"https:\/\/www.europesays.com\/fr\/wp-json\/wp\/v2\/users\/2"}],"replies":[{"embeddable":true,"href":"https:\/\/www.europesays.com\/fr\/wp-json\/wp\/v2\/comments?post=77144"}],"version-history":[{"count":0,"href":"https:\/\/www.europesays.com\/fr\/wp-json\/wp\/v2\/posts\/77144\/revisions"}],"wp:featuredmedia":[{"embeddable":true,"href":"https:\/\/www.europesays.com\/fr\/wp-json\/wp\/v2\/media\/77145"}],"wp:attachment":[{"href":"https:\/\/www.europesays.com\/fr\/wp-json\/wp\/v2\/media?parent=77144"}],"wp:term":[{"taxonomy":"category","embeddable":true,"href":"https:\/\/www.europesays.com\/fr\/wp-json\/wp\/v2\/categories?post=77144"},{"taxonomy":"post_tag","embeddable":true,"href":"https:\/\/www.europesays.com\/fr\/wp-json\/wp\/v2\/tags?post=77144"}],"curies":[{"name":"wp","href":"https:\/\/api.w.org\/{rel}","templated":true}]}}