{"id":77163,"date":"2025-05-05T17:16:19","date_gmt":"2025-05-05T17:16:19","guid":{"rendered":"https:\/\/www.europesays.com\/fr\/77163\/"},"modified":"2025-05-05T17:16:19","modified_gmt":"2025-05-05T17:16:19","slug":"envie-bretagne-saisit-la-justice-pour-sauver-son-reseau-dinsertion","status":"publish","type":"post","link":"https:\/\/www.europesays.com\/fr\/77163\/","title":{"rendered":"Envie Bretagne saisit la Justice pour sauver son r\u00e9seau d&rsquo;insertion"},"content":{"rendered":"<p>            Par<br \/>\n        <strong><br \/>\n            <a href=\"https:\/\/actu.fr\/auteur\/clemence-pays02-actu-fr\" title=\"Consulter tous les articles de Cl\u00e9mence Pays\" rel=\"nofollow noopener\" target=\"_blank\">Cl\u00e9mence Pays<\/a><br \/>\n        <\/strong><\/p>\n<p>        Publi\u00e9 le<\/p>\n<p>            5 mai 2025 \u00e0 18h31        <\/p>\n<p>Le r\u00e9seau tirait la sonnette d\u2019alarme d\u00e9but avril\u00a02025. Apr\u00e8s avoir \u00e9t\u00e9 \u00ab\u2009\u00e9vinc\u00e9\u2009\u00bb du march\u00e9 de collecte par l\u2019\u00e9co-organisme Ecosystem, <a href=\"https:\/\/actu.fr\/bretagne\/rennes_35238\/1-000-emplois-menaces-dans-le-groupe-envie-en-france-l-antenne-de-rennes-concernee_62496805.html\" rel=\"nofollow noopener\" target=\"_blank\">Envie Bretagne avait alors alert\u00e9 du \u00ab\u2009grand danger\u2009\u00bb qui plane sur sa fili\u00e8re logistique et ses emplois<\/a>.<\/p>\n<p class=\" wall-content\">Lundi 5\u00a0mai 2025, Envie Bretagne a annonc\u00e9<strong> lancer un recours juridique<\/strong> pour \u00e9viter la destruction de \u00ab\u2009plus de 200 emplois en <a href=\"https:\/\/actu.fr\/bretagne\/\" rel=\"nofollow noopener\" target=\"_blank\">Bretagne<\/a>\u2009\u00bb.<\/p>\n<p>Quatre sites menac\u00e9s<\/p>\n<p class=\" wall-content\">Dans un communiqu\u00e9 de presse, <strong>Envie Bretagne \u2013 Ressources T<\/strong> explique que suite \u00e0 cette d\u00e9cision, <strong>quatre sites logistiques sont actuellement menac\u00e9s de disparition<\/strong> \u00ab\u2009\u00e0 court terme\u2009\u00bb au sein des entreprises d\u2019insertion suivantes\u2009: Envie Bretagne (Rennes), Envie 44 (Nantes), Envie 49 (Angers) et Envie Poitou-Charentes (Niort).<\/p>\n<p class=\" wall-content\"><strong>D\u2019autres sites Envie \u00ab\u2009sont en sursis\u2009\u00bb,<\/strong> ajoute le r\u00e9seau, tout en soulignant que \u00ab\u2009d\u2019autres entreprises d\u2019insertion sont \u00e9galement menac\u00e9es en Bretagne, comme Retrilog sur son site de Ploufragan\u2009\u00bb.<\/p>\n<p>Vid\u00e9os : en ce moment sur ActuUn march\u00e9 historique \u00e0 Rennes<\/p>\n<p class=\" wall-content\">Concr\u00e8tement, l\u2019appel d\u2019offres d\u00e9favorable envers Envie concerne un march\u00e9 logistique, dont <strong>Envie Transport Bretagne<\/strong> est titulaire \u00ab\u2009depuis la cr\u00e9ation de l\u2019\u00e9co-organisme Ecosystem dans les ann\u00e9es 2000 soit depuis pr\u00e8s de 20\u00a0ans\u2009\u00bb, assure le r\u00e9seau d\u2019insertion.<\/p>\n<p class=\" wall-content\">Cette activit\u00e9 \u00ab\u2009sert surtout de<strong> support \u00e0 l\u2019insertion<\/strong> essentiellement sur des m\u00e9tiers d\u2019agents de quai-caristes et conducteurs, du v\u00e9hicule l\u00e9ger au poids lourd, avec des taux de sortie vers l\u2019emploi et la formation de 81\u2009% en 2024\u2009\u00bb.<\/p>\n<p class=\" wall-content\">Cette activit\u00e9 permet \u00e9galement d\u2019apporter un \u00ab\u2009gisement pour Envie 35, sp\u00e9cialiste du reconditionnement d\u2019appareils \u00e9lectrom\u00e9nagers\u2009\u00bb.<\/p>\n<blockquote class=\"ac-article-quote wall-content\">\n<p>La perte de ce march\u00e9, qui constitue pr\u00e8s de 70 % du chiffre d\u2019affaires d\u2019Envie Transport Bretagne et 60 % de la production d\u2019appareil \u00e9lectrom\u00e9nager d\u2019occasion par Envie 35, engendrerait la fermeture des deux \u00e9tablissements de Rennes, entra\u00eenant aussi, par effet domino et dans le pire sc\u00e9nario, la possible disparition des quatre structures d\u2019insertion d\u2019Envie Bretagne et ses 230 emplois dont 150 en insertion.\n<\/p>\n<p>    <strong>Envie Bretagne<\/strong>\n            <\/p><\/blockquote>\n<p>Des n\u00e9gociations infructueuses<\/p>\n<p class=\" wall-content\">Selon Envie Bretagne, Ecosystem n\u2019a pas accept\u00e9 de revenir sur sa d\u00e9cision malgr\u00e9 les n\u00e9gociations entreprises dans le but d\u2019<strong>obtenir une suspension de la proc\u00e9dure<\/strong> et ainsi pr\u00e9server les emplois d\u2019insertion.<\/p>\n<p class=\" wall-content\">Pour cette raison, \u00ab\u2009la gouvernance du groupe Ressources T-Envie Bretagne, comme celles des sites Envie de Nantes, Angers et Niort, a donc d\u00e9cid\u00e9 de lancer <strong>un recours juridique contre Ecosystem<\/strong> aupr\u00e8s de la juridiction comp\u00e9tente\u2009\u00bb, conclut le communiqu\u00e9 de presse.<\/p>\n<p class=\" wall-content\">Suivez toute l\u2019actualit\u00e9 de vos villes et m\u00e9dias favoris en vous inscrivant \u00e0 <a href=\"https:\/\/moncompte.actu.fr\" title=\"D\u00e9couvez Mon Actu\" rel=\"nofollow noopener\" data-trk=\"{&quot;cta&quot;:{&quot;action&quot;:&quot;https:\\\/\\\/moncompte.actu.fr&quot;,&quot;category&quot;:&quot;mon compte&quot;,&quot;from&quot;:&quot;article footer&quot;,&quot;name&quot;:&quot;Mon actu&quot;,&quot;type&quot;:&quot;cta&quot;}}\" target=\"_blank\">Mon Actu<\/a>.<\/p>\n","protected":false},"excerpt":{"rendered":"Par Cl\u00e9mence Pays Publi\u00e9 le 5 mai 2025 \u00e0 18h31 Le r\u00e9seau tirait la sonnette d\u2019alarme d\u00e9but avril\u00a02025.&hellip;\n","protected":false},"author":2,"featured_media":77164,"comment_status":"","ping_status":"","sticky":false,"template":"","format":"standard","meta":{"footnotes":""},"categories":[2821],"tags":[1111,11,829,33,341,1777,674,1011,27,12,584,25],"class_list":{"0":"post-77163","1":"post","2":"type-post","3":"status-publish","4":"format-standard","5":"has-post-thumbnail","7":"category-rennes","8":"tag-actu","9":"tag-actualites","10":"tag-bretagne","11":"tag-economie","12":"tag-emploi","13":"tag-eu","14":"tag-europe","15":"tag-fr","16":"tag-france","17":"tag-news","18":"tag-rennes","19":"tag-republique-francaise"},"share_on_mastodon":{"url":"https:\/\/pubeurope.com\/@fr\/114456361981594383","error":""},"_links":{"self":[{"href":"https:\/\/www.europesays.com\/fr\/wp-json\/wp\/v2\/posts\/77163","targetHints":{"allow":["GET"]}}],"collection":[{"href":"https:\/\/www.europesays.com\/fr\/wp-json\/wp\/v2\/posts"}],"about":[{"href":"https:\/\/www.europesays.com\/fr\/wp-json\/wp\/v2\/types\/post"}],"author":[{"embeddable":true,"href":"https:\/\/www.europesays.com\/fr\/wp-json\/wp\/v2\/users\/2"}],"replies":[{"embeddable":true,"href":"https:\/\/www.europesays.com\/fr\/wp-json\/wp\/v2\/comments?post=77163"}],"version-history":[{"count":0,"href":"https:\/\/www.europesays.com\/fr\/wp-json\/wp\/v2\/posts\/77163\/revisions"}],"wp:featuredmedia":[{"embeddable":true,"href":"https:\/\/www.europesays.com\/fr\/wp-json\/wp\/v2\/media\/77164"}],"wp:attachment":[{"href":"https:\/\/www.europesays.com\/fr\/wp-json\/wp\/v2\/media?parent=77163"}],"wp:term":[{"taxonomy":"category","embeddable":true,"href":"https:\/\/www.europesays.com\/fr\/wp-json\/wp\/v2\/categories?post=77163"},{"taxonomy":"post_tag","embeddable":true,"href":"https:\/\/www.europesays.com\/fr\/wp-json\/wp\/v2\/tags?post=77163"}],"curies":[{"name":"wp","href":"https:\/\/api.w.org\/{rel}","templated":true}]}}