{"id":77175,"date":"2025-05-05T17:22:08","date_gmt":"2025-05-05T17:22:08","guid":{"rendered":"https:\/\/www.europesays.com\/fr\/77175\/"},"modified":"2025-05-05T17:22:08","modified_gmt":"2025-05-05T17:22:08","slug":"quatre-copains-sont-a-la-tete-de-la-nouvelle-boulangerie-de-lile-de-nantes","status":"publish","type":"post","link":"https:\/\/www.europesays.com\/fr\/77175\/","title":{"rendered":"Quatre copains sont \u00e0 la t\u00eate de la nouvelle boulangerie de l&rsquo;\u00eele de Nantes"},"content":{"rendered":"<p>            Par<br \/>\n        <strong><br \/>\n            <a href=\"https:\/\/actu.fr\/auteur\/thomas-bernard\" title=\"Consulter tous les articles de Thomas Bernard\" target=\"_blank\" rel=\"noopener\">Thomas Bernard<\/a><br \/>\n        <\/strong><\/p>\n<p>        Publi\u00e9 le<\/p>\n<p>            5 mai 2025 \u00e0 19h13        <\/p>\n<p>Au sud-ouest de <strong>l\u2019\u00eele de Nantes<\/strong>, <a href=\"https:\/\/actu.fr\/pays-de-la-loire\/nantes_44109\/sur-l-ile-de-nantes-le-nouveau-quartier-republique-prend-vie_61766997.html\" target=\"_blank\" rel=\"noopener\">le quartier R\u00e9publique continue de prendre vie<\/a>. Au c\u0153ur d\u2019un grand projet de <a href=\"https:\/\/actu.fr\/pays-de-la-loire\/nantes_44109\/l-ile-de-nantes-ouvre-le-quatrieme-chapitre-de-sa-transformation-urbaine_62222512.html\" target=\"_blank\" rel=\"noopener\">transformation urbaine<\/a>, ce nouvel espace ambitionne de renouer avec l\u2019esprit de faubourg.<\/p>\n<p class=\" wall-content\">Des commerces ont ainsi ouvert dans le quartier, parmi eux une<strong> nouvelle boulangerie<\/strong>. <a href=\"https:\/\/www.instagram.com\/copainslevain\/\" target=\"_blank\" rel=\"noopener\">Copains &amp; Levains<\/a>, c\u2019est le nom de l\u2019\u00e9tablissement, ouvert depuis le mardi 22\u00a0avril 2025. Une histoire d\u2019amiti\u00e9.<\/p>\n<p>Quatre amis et du pain<\/p>\n<p class=\" wall-content\">\u00c0 la t\u00eate de l\u2019\u00e9tablissement, nous retrouvons L\u00e9onard, Maxime, Adrien et Cl\u00e9ment, tous amis depuis un peu moins de dix ans.<\/p>\n<p class=\" wall-content\">Revenu \u00e0 Nantes il y a quatre ans, Adrien, boulanger p\u00e2tissier de profession veut ouvrir un commerce et d\u00e9cide d\u2019embarquer ses amis dans l\u2019aventure. Cl\u00e9ment, cuisinier, rejoint les fourneaux. Les deux Mayennais se connaissent depuis le lyc\u00e9e.<\/p>\n<p class=\" wall-content\">Maxime, commercial dans le b\u00e2timent et L\u00e9onard dans la vente, tous deux supporters du <a href=\"https:\/\/actu.fr\/tag\/fc-nantes\" target=\"_blank\" rel=\"noopener\">FC Nantes<\/a> et amis depuis plus de 15\u00a0ans, sont en charge de la partie magasin de la boulangerie.<\/p>\n<p>Vid\u00e9os : en ce moment sur Actu<\/p>\n<p class=\" wall-content\">\u00ab\u2009Il fallait trouver l\u2019organisation entre nous quatre. Chacun a sa partie. Cl\u00e9ment est chef cuistot, \u00e0 part lui donner un coup de main, on ne va pas venir l\u2019emb\u00eater dans son domaine. Adrien c\u2019est pareil en boulangerie\u2009\u00bb, d\u00e9crit Maxime.<\/p>\n<p class=\" wall-content\">L\u2019ouverture du mardi 22\u00a0avril a conclu la premi\u00e8re \u00e9tape de leur aventure professionnelle commune, commenc\u00e9e en janvier\u00a02022.<\/p>\n<p class=\" wall-content\">\u00ab\u2009On \u00e9tait attendu dans le quartier, notre offre correspond aux attentes des habitants. Nous avons d\u00e9j\u00e0 des habitu\u00e9s, c\u2019est chouette\u2009\u00bb, confie L\u00e9onard.<\/p>\n<p class=\" wall-content\"><a href=\"https:\/\/www.instagram.com\/p\/DJLq6wtsL45\/embed\" title=\"Ouvrir le lien sur Instagram\" target=\"_blank\" rel=\"noopener\">Visualiser le contenu sur Instagram<\/a><\/p>\n<p class=\" wall-content\">Le nouveau commerce propose une partie snacking, p\u00e2tisserie et boulangerie avec des <strong>produits locaux et faits maison<\/strong>.<\/p>\n<p class=\" wall-content\">Parmi les produits phares du moment\u2009: chausson \u00e0 la rhubarbe, pain cacao, sandwich avec du magret de canard s\u00e9ch\u00e9 aux \u00e9pices pendant deux mois avec compot\u00e9e de rhubarbe, mayonnaise l\u00e9g\u00e8re, m\u00e2che et noix ou bien un risotto aux deux asperges avec tomates confites et sauce verte (plat du jour).<\/p>\n<p>D\u00e9marche \u00e9co-responsable et vie de quartier<\/p>\n<p class=\" wall-content\">L\u2019\u00e9tablissement peut accueillir <strong>16\u00a0personnes en salle et 16 autres en terrasse<\/strong>. La boulangerie est d\u00e9cor\u00e9e de plantes, de r\u00e9f\u00e9rences cin\u00e9matographiques, maillot du FC Nantes d\u00e9dicac\u00e9 du titre 1994\/1995.<\/p>\n<p class=\" wall-content\">Engag\u00e9 dans une d\u00e9marche \u00e9co-responsable, le nouveau commerce a mis en place le compost, le tri et travaille avec les <a href=\"https:\/\/alchimistes.co\/collecte-dechets-alimentaires-nantes\/\" target=\"_blank\" rel=\"noopener\">Alchimistes<\/a> et les <a href=\"https:\/\/actu.fr\/pays-de-la-loire\/nantes_44109\/nantes-apres-les-plats-a-emporter-zero-dechet-la-livraison-va-s-y-mettre_52148466.html\" target=\"_blank\" rel=\"noopener\">bo\u00eetes Nomades<\/a>.<\/p>\n<p>      <img   decoding=\"async\" loading=\"lazy\" src=\"https:\/\/www.europesays.com\/fr\/wp-content\/uploads\/2025\/05\/deco-copains-et-levains-nantes-960x640.jpeg\" alt=\"Un maillot d\u00e9dicac\u00e9 du FC Nantes figure dans la d\u00e9co de la boulangerie. \" width=\"960\" height=\"640\"\/><br \/>\n    Un maillot d\u00e9dicac\u00e9 du FC Nantes figure dans la d\u00e9co de la boulangerie. (\u00a9Tristan Mah\u00e9 \/ actu Nantes)<\/p>\n<p class=\" wall-content\">\u00ab\u2009Nous donnons les invendus \u00e0 des associations. On travaille avec les 5 ponts ou encore Tinhi Kmou. Une fois par semaine, une \u00e9picerie solidaire du Breil vient aussi r\u00e9cup\u00e9rer des invendus\u2009\u00bb, pr\u00e9cise L\u00e9onard.<\/p>\n<p class=\" wall-content\">Depuis l\u2019ouverture, les patrons sont \u00ab\u2009contents\u2009\u00bb des premiers retours et appr\u00e9cient leur position dans le quartier R\u00e9publique.<\/p>\n<p class=\" wall-content\">Les amis veulent continuer d\u2019implanter<strong> leur commerce dans la vie de quartier<\/strong>, notamment avec plusieurs \u00e9v\u00e9nements conviviaux bient\u00f4t organis\u00e9s. \u00ab\u2009Depuis l\u2019ouverture, le contrat est rempli\u2009\u00bb, r\u00e9pond satisfait Maxime.<\/p>\n<p><strong>Infos pratiques\u2009<\/strong>:<br \/>Copains &amp; Levains, 13 rue des Marchandises, Nantes<br \/>Ouvert du lundi au samedi.<br \/>Horaires\u2009: 7\u2009h\u200930-20\u2009h.<\/p>\n<p class=\" wall-content\">Suivez toute l\u2019actualit\u00e9 de vos villes et m\u00e9dias favoris en vous inscrivant \u00e0 <a href=\"https:\/\/moncompte.actu.fr\" title=\"D\u00e9couvez Mon Actu\" rel=\"nofollow noopener\" data-trk=\"{&quot;cta&quot;:{&quot;action&quot;:&quot;https:\\\/\\\/moncompte.actu.fr&quot;,&quot;category&quot;:&quot;mon compte&quot;,&quot;from&quot;:&quot;article footer&quot;,&quot;name&quot;:&quot;Mon actu&quot;,&quot;type&quot;:&quot;cta&quot;}}\" target=\"_blank\">Mon Actu<\/a>.<\/p>\n<ul class=\"ac-article-tag wall-content\">\n<li><a href=\"https:\/\/actu.fr\/tag\/commerce\" data-trk=\"{&quot;cta&quot;:{&quot;action&quot;:&quot;Commerce&quot;,&quot;category&quot;:&quot;tag&quot;,&quot;from&quot;:&quot;article footer&quot;,&quot;name&quot;:&quot;Commerce&quot;,&quot;type&quot;:&quot;cta&quot;}}\" target=\"_blank\" rel=\"noopener\">#Commerce<\/a><\/li>\n<li><a href=\"https:\/\/actu.fr\/tag\/nouveaux-commerces\" data-trk=\"{&quot;cta&quot;:{&quot;action&quot;:&quot;Nouveaux commerces&quot;,&quot;category&quot;:&quot;tag&quot;,&quot;from&quot;:&quot;article footer&quot;,&quot;name&quot;:&quot;Nouveaux commerces&quot;,&quot;type&quot;:&quot;cta&quot;}}\" target=\"_blank\" rel=\"noopener\">#Nouveaux commerces<\/a><\/li>\n<\/ul>\n<p>                    <script async src=\"\/\/www.instagram.com\/embed.js\"><\/script><\/p>\n","protected":false},"excerpt":{"rendered":"Par Thomas Bernard Publi\u00e9 le 5 mai 2025 \u00e0 19h13 Au sud-ouest de l\u2019\u00eele de Nantes, le quartier&hellip;\n","protected":false},"author":2,"featured_media":77176,"comment_status":"","ping_status":"","sticky":false,"template":"","format":"standard","meta":{"footnotes":""},"categories":[2818],"tags":[1111,11,215,1777,674,1011,27,766,12,3147,2636,25,104],"class_list":{"0":"post-77175","1":"post","2":"type-post","3":"status-publish","4":"format-standard","5":"has-post-thumbnail","7":"category-nantes","8":"tag-actu","9":"tag-actualites","10":"tag-commerce","11":"tag-eu","12":"tag-europe","13":"tag-fr","14":"tag-france","15":"tag-nantes","16":"tag-news","17":"tag-nouveaux-commerces","18":"tag-pays-de-la-loire","19":"tag-republique-francaise","20":"tag-societe"},"share_on_mastodon":{"url":"https:\/\/pubeurope.com\/@fr\/114456385509388911","error":""},"_links":{"self":[{"href":"https:\/\/www.europesays.com\/fr\/wp-json\/wp\/v2\/posts\/77175","targetHints":{"allow":["GET"]}}],"collection":[{"href":"https:\/\/www.europesays.com\/fr\/wp-json\/wp\/v2\/posts"}],"about":[{"href":"https:\/\/www.europesays.com\/fr\/wp-json\/wp\/v2\/types\/post"}],"author":[{"embeddable":true,"href":"https:\/\/www.europesays.com\/fr\/wp-json\/wp\/v2\/users\/2"}],"replies":[{"embeddable":true,"href":"https:\/\/www.europesays.com\/fr\/wp-json\/wp\/v2\/comments?post=77175"}],"version-history":[{"count":0,"href":"https:\/\/www.europesays.com\/fr\/wp-json\/wp\/v2\/posts\/77175\/revisions"}],"wp:featuredmedia":[{"embeddable":true,"href":"https:\/\/www.europesays.com\/fr\/wp-json\/wp\/v2\/media\/77176"}],"wp:attachment":[{"href":"https:\/\/www.europesays.com\/fr\/wp-json\/wp\/v2\/media?parent=77175"}],"wp:term":[{"taxonomy":"category","embeddable":true,"href":"https:\/\/www.europesays.com\/fr\/wp-json\/wp\/v2\/categories?post=77175"},{"taxonomy":"post_tag","embeddable":true,"href":"https:\/\/www.europesays.com\/fr\/wp-json\/wp\/v2\/tags?post=77175"}],"curies":[{"name":"wp","href":"https:\/\/api.w.org\/{rel}","templated":true}]}}