{"id":771838,"date":"2026-03-03T05:00:15","date_gmt":"2026-03-03T05:00:15","guid":{"rendered":"https:\/\/www.europesays.com\/fr\/771838\/"},"modified":"2026-03-03T05:00:15","modified_gmt":"2026-03-03T05:00:15","slug":"jaime-engager-des-conversations-dans-le-train-avec-les-gens-qui-ne-se-parlent-pas","status":"publish","type":"post","link":"https:\/\/www.europesays.com\/fr\/771838\/","title":{"rendered":"\u00ab\u00a0J\u2019aime engager des conversations dans le train avec les gens qui ne se parlent pas\u00a0\u00bb"},"content":{"rendered":"<p>Dans le cadre de notre rubrique \u00ab\u00a0Courrier des lectrices et des lecteurs\u00a0\u00bb, B. G.\u00a0(Morbihan) a r\u00e9pondu \u00e0 notre appel \u00e0 t\u00e9moignages sur les sc\u00e8nes insolites v\u00e9cues dans le train\u00a0:<\/p>\n<p>\u00ab\u00a0Cela date d\u2019une bonne dizaine d\u2019ann\u00e9es maintenant\u00a0: je rentrais d\u2019une r\u00e9union sur Paris en TGV, j\u2019\u00e9tais install\u00e9 en premi\u00e8re classe. Nous nous trouvions \u00e0 mi-chemin \u00e0 peu pr\u00e8s entre Paris et Rennes\u00a0(Ille-et-Vilaine) et nous \u00e9tions quatre\u00a0adultes face \u00e0 face\u00a0: deux quadrag\u00e9naires qui \u00e9taient \u00ab\u00a0captiv\u00e9s\u00a0\u00bb par l\u2019\u00e9cran de leur ordinateur, une retrait\u00e9e\u00a0(en tailleur) apparemment pensive mais qui semblait appr\u00e9cier le paysage, et enfin moi-m\u00eame, simple cinquantenaire \u00e0 l\u2019\u00e9poque, qui avait fini de lire un article int\u00e9ressant sur l\u2019\u00e9conomie.<\/p>\n<p><strong>Lire aussi\u00a0:<\/strong> <a href=\"https:\/\/rennes.maville.com\/sport\/detail_-doit-on-se-dire-systematiquement-bonjour-quand-on-se-balade-la-question-enflamme-nos-lecteurs-_54135-7097111_actu.Htm\" target=\"_blank\" rel=\"nofollow noopener\">Doit-on se dire syst\u00e9matiquement bonjour quand on se balade\u00a0? La question enflamme nos lecteurs<\/a><\/p>\n<p>\u00ab\u00a0Elle \u00e9tait m\u00e9canicienne d\u2019h\u00e9licopt\u00e8re\u00a0\u00bb<\/p>\n<p>J\u2019ai pris la parole pour dire qu\u2019il \u00e9tait dommage de rester silencieux et de ne pas faire un peu connaissance. Ma voisine de droite a ferm\u00e9 son portable et m\u2019a dit qu\u2019elle en avait marre de regarder des s\u00e9ries depuis Toulon\u00a0(Var). Nous avons discut\u00e9. Elle \u00e9tait m\u00e9canicienne d\u2019h\u00e9licopt\u00e8re dans la marine et venait de suivre une formation obligatoire pour se remettre niveau.<\/p>\n<p>Au bout de quelques minutes, le voyageur en face de moi a \u00e9galement ferm\u00e9 son portable et nous a dit qu\u2019il se joignait \u00e0 nous. Il \u00e9tait cadre sup\u00e9rieur \u00e0 Paris dans une grande entreprise de cosm\u00e9tiques et il t\u00e9l\u00e9travaillait pendant ses d\u00e9placements entre son lieu de travail et son lieu de r\u00e9sidence.<\/p>\n<p><strong>Lire aussi\u00a0:<\/strong> <a href=\"https:\/\/marseille.maville.com\/actu\/actudet_--j-ai-perdu-mon-portefeuille-avec-800-e-dedans-puis-j-ai-trouve-un-mot-dans-ma-boite-a-lettres...-_54028-6933882_actu.Htm\" target=\"_blank\" rel=\"nofollow noopener\">\u00ab\u00a0J\u2019ai perdu mon portefeuille avec 800\u00a0\u20ac dedans, puis j\u2019ai trouv\u00e9 un mot dans ma bo\u00eete \u00e0 lettres\u2026\u00a0\u00bb<\/a><\/p>\n<p>\u00ab\u00a0Trois personnes ont fait un peu connaissance\u00a0\u00bb<\/p>\n<p>Pendant tous nos \u00e9changes, inhabituels pour eux deux, la retrait\u00e9e, qui paraissait un peu hautaine, ne s\u2019est jamais jointe \u00e0 la conversation mais elle n\u2019en perdait pas une miette et semblait \u00e0 la fois surprise et int\u00e9ress\u00e9e par le contenu de nos \u00e9changes.<\/p>\n<p>\u00c0 Rennes, nous nous sommes salu\u00e9s avant de nous s\u00e9parer\u00a0: de m\u00e9moire, le cadre sup\u00e9rieur est descendu et la m\u00e9canicienne continuait jusqu\u2019\u00e0 Brest\u00a0(Finist\u00e8re). Quant \u00e0 moi, je prenais un TER pour Redon\u00a0(Ille-et-Vilaine). Tout ce que je sais, c\u2019est que trois\u00a0personnes ont fait un peu connaissance et ont appr\u00e9ci\u00e9\u00a0(pour changer) de communiquer temporairement entre elles\u2026<\/p>\n<p>J\u2019ai l\u2019habitude de proc\u00e9der ainsi avec les autres passagers quand je pense que cela pourrait fonctionner. [\u2026] Dans le m\u00e9tro, cela ne fonctionne pas\u00a0: les trajets trop courts et surtout, les usagers sont trop occup\u00e9s ou m\u00e9fiants\u2026\u00a0\u00bb<\/p>\n<p>Vous aussi, vous avez assist\u00e9 \u00e0 une sc\u00e8ne insolite, fait une belle rencontre ou v\u00e9cu une mauvaise exp\u00e9rience lors d\u2019un voyage en train\u00a0? Racontez-nous dans <a href=\"https:\/\/www.ouest-france.fr\/contact\/%20\" target=\"_blank\" rel=\"nofollow noopener\">notre formulaire en ligne<\/a>\u00a0(choisissez \u201cCourrier des lecteurs\u201d en objet) ou envoyez-nous un mail \u00e0 courrierdeslecteurs@ouest-france.fr, sans oublier de mentionner votre nom et vos coordonn\u00e9es\u00a0(pr\u00e9cisez-nous si vous souhaitez que votre t\u00e9moignage reste anonyme).<\/p>\n<p>\u00a0<\/p>\n","protected":false},"excerpt":{"rendered":"Dans le cadre de notre rubrique \u00ab\u00a0Courrier des lectrices et des lecteurs\u00a0\u00bb, B. G.\u00a0(Morbihan) a r\u00e9pondu \u00e0 notre&hellip;\n","protected":false},"author":2,"featured_media":771839,"comment_status":"","ping_status":"","sticky":false,"template":"","format":"standard","meta":{"footnotes":"","_share_on_mastodon":"0"},"categories":[2821],"tags":[1111,11,47433,829,58789,18066,1777,674,1011,27,7397,12,70406,584,25,926],"class_list":["post-771838","post","type-post","status-publish","format-standard","has-post-thumbnail","category-rennes","tag-actu","tag-actualites","tag-aime","tag-bretagne","tag-conversations","tag-engager","tag-eu","tag-europe","tag-fr","tag-france","tag-gens","tag-news","tag-parlent","tag-rennes","tag-republique-francaise","tag-train"],"share_on_mastodon":{"url":"https:\/\/pubeurope.com\/@fr\/116163485750490671","error":""},"_links":{"self":[{"href":"https:\/\/www.europesays.com\/fr\/wp-json\/wp\/v2\/posts\/771838","targetHints":{"allow":["GET"]}}],"collection":[{"href":"https:\/\/www.europesays.com\/fr\/wp-json\/wp\/v2\/posts"}],"about":[{"href":"https:\/\/www.europesays.com\/fr\/wp-json\/wp\/v2\/types\/post"}],"author":[{"embeddable":true,"href":"https:\/\/www.europesays.com\/fr\/wp-json\/wp\/v2\/users\/2"}],"replies":[{"embeddable":true,"href":"https:\/\/www.europesays.com\/fr\/wp-json\/wp\/v2\/comments?post=771838"}],"version-history":[{"count":0,"href":"https:\/\/www.europesays.com\/fr\/wp-json\/wp\/v2\/posts\/771838\/revisions"}],"wp:featuredmedia":[{"embeddable":true,"href":"https:\/\/www.europesays.com\/fr\/wp-json\/wp\/v2\/media\/771839"}],"wp:attachment":[{"href":"https:\/\/www.europesays.com\/fr\/wp-json\/wp\/v2\/media?parent=771838"}],"wp:term":[{"taxonomy":"category","embeddable":true,"href":"https:\/\/www.europesays.com\/fr\/wp-json\/wp\/v2\/categories?post=771838"},{"taxonomy":"post_tag","embeddable":true,"href":"https:\/\/www.europesays.com\/fr\/wp-json\/wp\/v2\/tags?post=771838"}],"curies":[{"name":"wp","href":"https:\/\/api.w.org\/{rel}","templated":true}]}}