{"id":77195,"date":"2025-05-05T17:32:07","date_gmt":"2025-05-05T17:32:07","guid":{"rendered":"https:\/\/www.europesays.com\/fr\/77195\/"},"modified":"2025-05-05T17:32:07","modified_gmt":"2025-05-05T17:32:07","slug":"lyon-le-musicien-hubert-mounier-a-enfin-la-place-quil-merite","status":"publish","type":"post","link":"https:\/\/www.europesays.com\/fr\/77195\/","title":{"rendered":"Lyon : le musicien Hubert Mounier a enfin la place qu&rsquo;il m\u00e9rite"},"content":{"rendered":"<p>Avec son groupe L&rsquo;Affaire Louis&rsquo; Trio, il aura marqu\u00e9 la fin des ann\u00e9es 80. Le Lyonnais Hubert Mounier a d\u00e9sormais une place \u00e0 son nom, dans le 2e arrondissement de Lyon.<\/p>\n<p>Chanteur, compositeur, auteur de bandes dessin\u00e9es, bref artiste aux multiples facettes&#8230; <b>Hubert Mounier<\/b> a eu mille vies. N\u00e9 \u00e0 Sainte-Foy-l\u00e8s-Lyon en 1962, il est principalement connu pour \u00eatre le fondateur, avec son fr\u00e8re, du groupe <b>L&rsquo;Affaire Louis&rsquo; Trio<\/b>. <\/p>\n<p>\u00ab\u00a0C&rsquo;est super pour nous que cette place porte son nom. C&rsquo;est ici que tout a commenc\u00e9&#8230; On est vraiment content\u00a0\u00bb, sourit Juliette Mounier, l&rsquo;une de ses filles.<\/p>\n<p>M\u00e9lodie et po\u00e9sie<\/p>\n<p>Hubert Mounier avait choisi son pseudonyme : <b>Cleet Boris<\/b>, qu&rsquo;il a aussi utilis\u00e9 pour signer ses bandes dessin\u00e9es. <\/p>\n<p>Le groupe, qu&rsquo;il forme avec Vincent Mounier et Fran\u00e7ois Lebleu, conna\u00eet le succ\u00e8s d\u00e8s la fin des ann\u00e9es 80. Leurs chansons se classent r\u00e9guli\u00e8rement au Top 50, \u00e0 commencer par \u00ab\u00a0Tout mais pas \u00e7a\u00a0\u00bb. Le groupe se s\u00e9pare \u00e0 la fin des ann\u00e9es 90 et Hubert Mounier poursuit alors en solo. <\/p>\n<\/p>\n<p>Il collabore avec <b>\u00c9tienne Daho<\/b>, mais aussi un autre artiste Lyonnais : <b>Benjamin Biolay<\/b>. Pendant de nombreuses ann\u00e9es, les deux musiciens travaillent ensemble. Hubert Mounier d\u00e9c\u00e8de brutalement en 2016, \u00e0 l&rsquo;\u00e2ge de 53 ans.<\/p>\n<p>En 2018, deux ans apr\u00e8s sa disparition, Benjamin Biolay lui avait rendu un hommage tout en musique aux Nuits de Fourvi\u00e8re&#8230; Avec une reprise de l&rsquo;album Mobilis in Mobile, aux c\u00f4t\u00e9s de Pascal Obispo et Kent.<\/p>\n<p>Ce dernier, ainsi que Benjamin Biolay, ont pris la parole lors de l&rsquo;inauguration pour saluer leur ami et redire son talent. <\/p>\n<p>\u00ab\u00a0Je me rends compte que son \u0153uvre suit son chemin, que de plus en plus de gens sont convaincus par son sens de la m\u00e9lodie et sa po\u00e9sie\u00a0\u00bb, a d\u00e9clar\u00e9 le chanteur.<\/p>\n<p><\/p>\n","protected":false},"excerpt":{"rendered":"Avec son groupe L&rsquo;Affaire Louis&rsquo; Trio, il aura marqu\u00e9 la fin des ann\u00e9es 80. Le Lyonnais Hubert Mounier&hellip;\n","protected":false},"author":2,"featured_media":77196,"comment_status":"","ping_status":"","sticky":false,"template":"","format":"standard","meta":{"footnotes":""},"categories":[1889],"tags":[1111,11,2430,1777,674,1011,27,18276,2428,873,12,5536,25,18275],"class_list":{"0":"post-77195","1":"post","2":"type-post","3":"status-publish","4":"format-standard","5":"has-post-thumbnail","7":"category-lyon","8":"tag-actu","9":"tag-actualites","10":"tag-auvergne-rhone-alpes","11":"tag-eu","12":"tag-europe","13":"tag-fr","14":"tag-france","15":"tag-laffaire-louis-trio","16":"tag-lyon","17":"tag-musique","18":"tag-news","19":"tag-place","20":"tag-republique-francaise","21":"tag-vincent-mounier"},"share_on_mastodon":{"url":"https:\/\/pubeurope.com\/@fr\/114456425019264418","error":""},"_links":{"self":[{"href":"https:\/\/www.europesays.com\/fr\/wp-json\/wp\/v2\/posts\/77195","targetHints":{"allow":["GET"]}}],"collection":[{"href":"https:\/\/www.europesays.com\/fr\/wp-json\/wp\/v2\/posts"}],"about":[{"href":"https:\/\/www.europesays.com\/fr\/wp-json\/wp\/v2\/types\/post"}],"author":[{"embeddable":true,"href":"https:\/\/www.europesays.com\/fr\/wp-json\/wp\/v2\/users\/2"}],"replies":[{"embeddable":true,"href":"https:\/\/www.europesays.com\/fr\/wp-json\/wp\/v2\/comments?post=77195"}],"version-history":[{"count":0,"href":"https:\/\/www.europesays.com\/fr\/wp-json\/wp\/v2\/posts\/77195\/revisions"}],"wp:featuredmedia":[{"embeddable":true,"href":"https:\/\/www.europesays.com\/fr\/wp-json\/wp\/v2\/media\/77196"}],"wp:attachment":[{"href":"https:\/\/www.europesays.com\/fr\/wp-json\/wp\/v2\/media?parent=77195"}],"wp:term":[{"taxonomy":"category","embeddable":true,"href":"https:\/\/www.europesays.com\/fr\/wp-json\/wp\/v2\/categories?post=77195"},{"taxonomy":"post_tag","embeddable":true,"href":"https:\/\/www.europesays.com\/fr\/wp-json\/wp\/v2\/tags?post=77195"}],"curies":[{"name":"wp","href":"https:\/\/api.w.org\/{rel}","templated":true}]}}