{"id":772021,"date":"2026-03-03T06:50:14","date_gmt":"2026-03-03T06:50:14","guid":{"rendered":"https:\/\/www.europesays.com\/fr\/772021\/"},"modified":"2026-03-03T06:50:14","modified_gmt":"2026-03-03T06:50:14","slug":"lois-boisson-se-retire-du-wta-1000-de-miami-et-devrait-faire-son-retour-sur-terre-battue-en-avril-lequipe","status":"publish","type":"post","link":"https:\/\/www.europesays.com\/fr\/772021\/","title":{"rendered":"Lo\u00efs Boisson se retire du WTA 1000 de Miami et devrait faire son retour sur terre battue en avril &#8211; L&#039;\u00c9quipe"},"content":{"rendered":"<ol>\n<li><a href=\"https:\/\/news.google.com\/rss\/articles\/CBMi3wFBVV95cUxQcDhaNlFDbXZzRWtUMHZyZ0ZkcnVvb0tSY2NvUUc1QjBqeEwxcjBZQ2w3Y2QzaWlrZ2NLRTlOdk5wTkVIcERmMFc3aUJya2dvTEdOb3RUOW5jdW80eUc1TGZuVEFvWm1KMVhNLTR6c29oNkd4X2QyVjV1a1E5T1pSS0hPdmg1OFEzWVM5UFl4V2dIRGlZT2haUWxQTDZhTENzMXUtdWtmcHI4SFVNVThBNWo4T00yNnBwNEk2TjFZWHc2UklrcWJSUnhxdDVJbkJURVFVaGxQXy12MXJCcGNz?oc=5\" target=\"_blank\" rel=\"nofollow noopener\">Lo\u00efs Boisson se retire du WTA 1000 de Miami et devrait faire son retour sur terre battue en avril<\/a>&nbsp;&nbsp;L&rsquo;\u00c9quipe<\/li>\n<li><a href=\"https:\/\/news.google.com\/rss\/articles\/CBMiiwJBVV95cUxPRklMZXRZRWlBbk1KdGwwamxBR0l2d1dTaXJPZVN1MEgyTlgtZDg1X2V4QlhBZzhMRWdoYkwyXzVuVS1tVnU1bEdtWWpHZU9kVmxhU0phNXVUTmU3ZlJCRm1lUHJwVFZuaWhPODJTaE4tT2pOdjJqRmxfck5LNjZLNHVtRzNrZmlhYXk4Rk84aXotamVmSGxzdjBrSGJZWUNkMTl3UHlocFVmdDZoV1pqOFBTaWdjMTVNeTlCTmVCeU5TQndvcW5KSjFKV1luOC1yM2VPR3NKbGZfeWJod0JPWDlaUGFYTDZmcTNtUTEwRkwycWF4RF9RZEFscmFWNmxCNGV4cjBSN3VEYVE?oc=5\" target=\"_blank\" rel=\"nofollow noopener\">Tennis. Lo\u00efs Boisson ne jouera pas \u00e0 Miami et vise d\u00e9sormais un retour sur terre en avril<\/a>&nbsp;&nbsp;Ouest-France<\/li>\n<li><a href=\"https:\/\/news.google.com\/rss\/articles\/CBMiuAFBVV95cUxQaVdrLVlzQzZ4eFhRYm5wV196d0duckdjX0NZTk5hVUUzcFAwakpSMjJXN1h5bUF2WG9ZMVdDSXJiVVpLemZ1QTdZaGZPa201cmFhdlc2bkU4OU5jSWY0Q01sS3hBN0hVTUhwYi00ZVNpTmxEODczS29XOXBzOWxHbDJtanpBcFBhZ25RLXN4U3gwcWJkOUxzTVg4YWc5YWdOVndWY1d0b2VVcHB1QjdqcEstc1BQbTJa0gG3AUFVX3lxTE9jWVN4SVF0MVg2SlJiM3k2SVFiTGZ5anBkOVVZUGJqYmNyZE1UV3c2VE9KaHlTWHRoNFhYYXhaM19XSUNOVmp5RzFoN2UweFNsVlI1T25jNEYzTnNhUWMtY21ZeEZxb0FpdUxMc1d5N3l4SVVBZ3lNOTZkR2pSUmYxMjRCNF9MNGphc3pqclA5V0hyaERlV2UySFJLblk3dW4zR3RMZ1FneE5qd0Z5NHNQQUpsUDRUTQ?oc=5\" target=\"_blank\" rel=\"nofollow noopener\">Classement WTA : Boisson continue de grimper sans jouer : Sports &#8211; Orange<\/a>&nbsp;&nbsp;Sports &#8211; Orange<\/li>\n<li><a href=\"https:\/\/news.google.com\/rss\/articles\/CBMijAFBVV95cUxOcnV6Y1ltOXFzT0pvLVdUTHFTa2JlckxDZ3poS2R4QUlJNVhpMmt4aThJOUttUE5XODRIVkdtb1JvX3BraERsRW95ZWpuQ3JNczU3VDc1U3JyTnVhYmRXSHd6MHVfM2kzQlEwVHdlWHRVVlRuLWNLdFBCdUdsdUxXMHFZdnV5dTRGbmx4TA?oc=5\" target=\"_blank\" rel=\"nofollow noopener\">L\u2019ascension silencieuse de Lo\u00efs Boisson au classement WTA<\/a>&nbsp;&nbsp;lesinguliersete.fr<\/li>\n<li><a href=\"https:\/\/news.google.com\/rss\/articles\/CBMiugFBVV95cUxObi16LUJHamR1VnVidmV0alhOZ0ZGM1hFcmRfbVQwMmlidlBOZXZLbW9MQXhxQ1pCYlZDUU9aRWJKYXZhOVowb3Z3Qnh2dlpTUm13OHNxdzJaVzF6MHZnQnJfSUdKb1IzUzg0QWdjTmd6X2tkN1BJMEc5clFwYmFIUmMyZWJJak1HTjBEQkJ0a3Jmam9WQXVTTkdJTUpLNWRsTlRqYVZ2REptOVdZRS1lMmUtY1lGTGdkZ2fSAboBQVVfeXFMT2lTeVdvdGYxYnJ1MnpvaU1pTmwwWlg0b1VOaVFENW1DMUEyeWpqR0RQb1RDdExXUlNLM2pRUlY2amdHUDJ0bUJVRjBVNlBOZ3o3LUo4UTBCbXVaSmxBVEVlY3M3T1B6aU1jWWdsM3Zoa1F5TXdubURkUkczUzQzdmhJNWpNRVA1NHgtcGxFcWxrMUo4MEdMS2EwQ05CTjAyelowM0Y0NFFFZlZ6VGFZa0F0YlNqTG5qeHNR?oc=5\" target=\"_blank\" rel=\"nofollow noopener\">WTA &#8211; Indian Wells : Lo\u00efs Boisson absente, seules deux Fran\u00e7aises sont engag\u00e9es<\/a>&nbsp;&nbsp;Tennis Actu.<\/li>\n<\/ol>\n","protected":false},"excerpt":{"rendered":"Lo\u00efs Boisson se retire du WTA 1000 de Miami et devrait faire son retour sur terre battue en&hellip;\n","protected":false},"author":2,"featured_media":772022,"comment_status":"","ping_status":"","sticky":false,"template":"","format":"standard","meta":{"footnotes":""},"categories":[1415],"tags":[1011,27,60,1467],"class_list":{"0":"post-772021","1":"post","2":"type-post","3":"status-publish","4":"format-standard","5":"has-post-thumbnail","7":"category-tennis","8":"tag-fr","9":"tag-france","10":"tag-sports","11":"tag-tennis"},"share_on_mastodon":{"url":"https:\/\/pubeurope.com\/@fr\/116163918205048430","error":""},"_links":{"self":[{"href":"https:\/\/www.europesays.com\/fr\/wp-json\/wp\/v2\/posts\/772021","targetHints":{"allow":["GET"]}}],"collection":[{"href":"https:\/\/www.europesays.com\/fr\/wp-json\/wp\/v2\/posts"}],"about":[{"href":"https:\/\/www.europesays.com\/fr\/wp-json\/wp\/v2\/types\/post"}],"author":[{"embeddable":true,"href":"https:\/\/www.europesays.com\/fr\/wp-json\/wp\/v2\/users\/2"}],"replies":[{"embeddable":true,"href":"https:\/\/www.europesays.com\/fr\/wp-json\/wp\/v2\/comments?post=772021"}],"version-history":[{"count":0,"href":"https:\/\/www.europesays.com\/fr\/wp-json\/wp\/v2\/posts\/772021\/revisions"}],"wp:featuredmedia":[{"embeddable":true,"href":"https:\/\/www.europesays.com\/fr\/wp-json\/wp\/v2\/media\/772022"}],"wp:attachment":[{"href":"https:\/\/www.europesays.com\/fr\/wp-json\/wp\/v2\/media?parent=772021"}],"wp:term":[{"taxonomy":"category","embeddable":true,"href":"https:\/\/www.europesays.com\/fr\/wp-json\/wp\/v2\/categories?post=772021"},{"taxonomy":"post_tag","embeddable":true,"href":"https:\/\/www.europesays.com\/fr\/wp-json\/wp\/v2\/tags?post=772021"}],"curies":[{"name":"wp","href":"https:\/\/api.w.org\/{rel}","templated":true}]}}