{"id":772101,"date":"2026-03-03T07:43:18","date_gmt":"2026-03-03T07:43:18","guid":{"rendered":"https:\/\/www.europesays.com\/fr\/772101\/"},"modified":"2026-03-03T07:43:18","modified_gmt":"2026-03-03T07:43:18","slug":"toute-lactualite-du-mardi-3-mars-2026-a-lyon","status":"publish","type":"post","link":"https:\/\/www.europesays.com\/fr\/772101\/","title":{"rendered":"Toute l&rsquo;actualit\u00e9 du mardi 3 mars 2026 \u00e0 Lyon"},"content":{"rendered":"<p>&#13;<br \/>\n\t\t\t\t&#13;<br \/>\n\t\t\t\t\t&#13;<br \/>\n\t\t\t\t&#13;<br \/>\n\t&#13;<\/p>\n<p>\t\t\t\t<img width=\"1200\" height=\"675\" src=\"https:\/\/www.europesays.com\/fr\/wp-content\/uploads\/2026\/03\/actualite-de-ce-mardi-3-mars-2026.jpg\" class=\"attachment-post-thumbnail size-post-thumbnail wp-post-image\" alt=\"actualit\u00e9 de ce mardi 3 mars 2026 info \u00e0 Lyon\" decoding=\"async\" fetchpriority=\"high\"  \/>\t\t\t&#13;<br \/>\n&#13;<\/p>\n<p class=\"single-post-thumbnail-caption\">Retrouvez aussi le Quart d\u2019Heure Lyonnais de Lyon Demain sur les antennes de Radio Pluriel (Lyon). Radio Salam (Lyon, Saint-Etienne et Bourg) et Radio Arm\u00e9nie (Lyon et Vienne)<\/p>\n<p>&#13;<br \/>\n&#13;<\/p>\n<p>A la une de l\u2019info \u00e0 Lyon : le r\u00e9am\u00e9nagement de la Rive Droite du Rh\u00f4ne, un Tram-Bus entre Villeurbanne et la Part-Dieu, le Gault &amp; Millau d\u2019Or pour Christian Tetedoie, la 22e \u00e9dition du festival lyonnais Quais du Polar\u2026<\/p>\n<p>ECOUTEZ LE 1\/4H LYONNAIS\u2026 Toute l\u2019actualit\u00e9 du mardi 3 mars 2026<\/p>\n<p>LE 1\/4H LYONNAIS | mardi 3 mars 2026<\/p>\n<p>Projet de <strong>r\u00e9am\u00e9nagement de la Rive Droite du Rh\u00f4ne<\/strong> : la <strong>pr\u00e9fecture du Rh\u00f4ne<\/strong> vient de d\u00e9livrer l\u2019<strong>autorisation environnementale<\/strong>. Ce qui permet \u00e0 la <strong>M\u00e9tropole de Lyon<\/strong> de d\u00e9marrer la <strong>premi\u00e8re tranche de travaux\u00a0entre le pont Wilson et la passerelle du coll\u00e8ge<\/strong>\u2026 ou pas. L\u2019id\u00e9e est de transformer cet axe de circulation en une \u00ab <strong>promenade-jardin<\/strong> \u00bb sur 2,5 kilom\u00e8tres lin\u00e9aires de quai et ainsi \u00ab <strong>retrouver un lien au fleuve<\/strong> \u00bb.<\/p>\n<blockquote class=\"instagram-media\" data-instgrm-captioned=\"\" data-instgrm-permalink=\"https:\/\/www.instagram.com\/p\/DVV7vzDlgAi\/?utm_source=ig_embed&amp;utm_campaign=loading\" data-instgrm-version=\"14\" style=\" background:#FFF; border:0; border-radius:3px; box-shadow:0 0 1px 0 rgba(0,0,0,0.5),0 1px 10px 0 rgba(0,0,0,0.15); margin: 1px; max-width:540px; min-width:326px; padding:0; width:99.375%; width:-webkit-calc(100% - 2px); width:calc(100% - 2px);\"\/>\n<p>Un bus toutes les 7 minutes en heure de pointe\u2026 Un bus ou plut\u00f4t un <strong><a href=\"https:\/\/sytral-mobilites.fr\/fr\/travaux-en-cours\/tb12-kimmerling-sept-chemins_-r.html\" type=\"link\" id=\"https:\/\/sytral-mobilites.fr\/fr\/travaux-en-cours\/tb12-kimmerling-sept-chemins_-r.html\" rel=\"nofollow noopener\" target=\"_blank\">Tram<\/a><a href=\"https:\/\/sytral-mobilites.fr\/fr\/travaux-en-cours\/tb12-kimmerling-sept-chemins_-r.html\" type=\"link\" id=\"https:\/\/sytral-mobilites.fr\/fr\/travaux-en-cours\/tb12-kimmerling-sept-chemins_-r.html\" target=\"_blank\" rel=\"noreferrer noopener nofollow\">\u2013<\/a><a href=\"https:\/\/sytral-mobilites.fr\/fr\/travaux-en-cours\/tb12-kimmerling-sept-chemins_-r.html\" type=\"link\" id=\"https:\/\/sytral-mobilites.fr\/fr\/travaux-en-cours\/tb12-kimmerling-sept-chemins_-r.html\" rel=\"nofollow noopener\" target=\"_blank\">Bus<\/a><\/strong>. Le <strong>TB12<\/strong> a fait son apparition sur la carte TCL au terme de longs travaux. 12 stations sont desservies avec une voie r\u00e9serv\u00e9e, mais pas de rail car c\u2019est bien un trolley qui circule sur cette ligne <strong>entre Kimmerling-Genets et Gare Part-Dieu Vivier-Merle<\/strong><\/p>\n<p>Pour en savoir plus nous avons rencontr\u00e9 <strong>Alice M\u00fcller<\/strong>, chef de projet pour <strong>Sytral Mobilit\u00e9s<\/strong><\/p>\n<blockquote class=\"instagram-media\" data-instgrm-captioned=\"\" data-instgrm-permalink=\"https:\/\/www.instagram.com\/reel\/DVTupqQiOZ4\/?utm_source=ig_embed&amp;utm_campaign=loading\" data-instgrm-version=\"14\" style=\" background:#FFF; border:0; border-radius:3px; box-shadow:0 0 1px 0 rgba(0,0,0,0.5),0 1px 10px 0 rgba(0,0,0,0.15); margin: 1px; max-width:540px; min-width:326px; padding:0; width:99.375%; width:-webkit-calc(100% - 2px); width:calc(100% - 2px);\"\/>\n<p>Ecoutez aussi : <a href=\"https:\/\/www.lyondemain.fr\/rue-garibaldi-requalification-urbaine\/\" type=\"link\" id=\"https:\/\/www.lyondemain.fr\/rue-garibaldi-requalification-urbaine\/\" target=\"_blank\" rel=\"noreferrer noopener nofollow\">Rue Garibaldi : la vie apr\u00e8s la tr\u00e9mie\u2026<\/a><\/p>\n<p>Egalement dans l\u2019actualit\u00e9 du mardi 3 mars<\/p>\n<p><strong>Christian Tetedoie<\/strong> re\u00e7oit\u00a0le <strong>Gault &amp; Millau d\u2019Or <\/strong>pour la r\u00e9gion Auvergne Rh\u00f4ne-Alpes. Trente ans apr\u00e8s avoir \u00e9t\u00e9 Meilleur Ouvrier de France. <strong>Hubert Vergoin<\/strong>, le chef du tout nouveau restaurant d\u00e9di\u00e9 aux plaisirs du vin, <strong>WineYouWant<\/strong>, a re\u00e7u le <strong>prix de la Tradition d\u2019aujourd\u2019hui<\/strong>.\u00a0<\/p>\n<p>La 22e \u00e9dition du <strong>festival lyonnais Quais du Polar<\/strong> va rassembler <strong>132 auteurs du 3 au 5 avril<\/strong>. Avec un th\u00e8me principal : <strong>les liens entre science et polar<\/strong>. Des figures incontournables du polar fran\u00e7ais (<strong>Bernard Minier, Franck Thilliez, C\u00e9line Denjean, Olivier Norek<\/strong>\u2026) sont attendus. Mais aussi des invit\u00e9s comme <strong>Paul Gasnier,<\/strong> le journaliste de Quotidien qui a sorti \u00e0 l\u2019automne 2025 \u00ab\u00a0<strong>La collision\u00a0\u00bb<\/strong>\u2026<\/p>\n<p>Apr\u00e8s deux concerts la semaine derni\u00e8re, <strong>Orelsan<\/strong> ajoute deux nouvelles dates \u00e0 Lyon.\u00a0<strong>Gims<\/strong> vient, lui aussi, d\u2019annoncer sa venue \u00e0 D\u00e9cines\u2026<\/p>\n<p>Ecoutez aussi : <a href=\"https:\/\/www.lyondemain.fr\/actualite-du-lundi-2-mars-info-lyon-programme-grand-coeur-lyonnais\/\" type=\"link\" id=\"https:\/\/www.lyondemain.fr\/actualite-du-lundi-2-mars-info-lyon-programme-grand-coeur-lyonnais\/\" target=\"_blank\" rel=\"noreferrer noopener nofollow\">Toute l\u2019actualit\u00e9 du lundi 2 mars 2026 \u00e0 Lyon<\/a><\/p>\n<p><img loading=\"lazy\" decoding=\"async\" width=\"1200\" height=\"675\" src=\"https:\/\/www.europesays.com\/fr\/wp-content\/uploads\/2026\/03\/actualite-de-ce-mardi-3-mars-2026.jpg\" alt=\"actualit\u00e9 de ce mardi 3 mars 2026 info \u00e0 Lyon\" class=\"wp-image-253587\"  \/>Retrouvez aussi le Quart d\u2019Heure Lyonnais de Lyon Demain sur les antennes de Radio Pluriel (Lyon). Radio Salam (Lyon, Saint-Etienne et Bourg) et Radio Arm\u00e9nie (Lyon et Vienne)<br \/>\n\t&#13;<br \/>\n&#13;<br \/>\n\t&#13;<br \/>\n<script async src=\"\/\/www.instagram.com\/embed.js\"><\/script><\/p>\n","protected":false},"excerpt":{"rendered":"&#13; &#13; &#13; &#13; &#13; &#13; &#13; Retrouvez aussi le Quart d\u2019Heure Lyonnais de Lyon Demain sur les&hellip;\n","protected":false},"author":2,"featured_media":772102,"comment_status":"","ping_status":"","sticky":false,"template":"","format":"standard","meta":{"footnotes":"","_share_on_mastodon":"0"},"categories":[1889],"tags":[1111,11,2430,85512,49121,4156,1777,674,849,1011,27,85513,13444,7602,2428,12,21953,6125,51314,3313,25,40129,85514,48284,2004,24003,85515,32109,85516,10792,6345],"class_list":["post-772101","post","type-post","status-publish","format-standard","has-post-thumbnail","category-lyon","tag-actu","tag-actualites","tag-auvergne-rhone-alpes","tag-axe-nord-sud","tag-bhns","tag-concerts","tag-eu","tag-europe","tag-festival","tag-fr","tag-france","tag-gault-millau","tag-gims","tag-ldlc-arena","tag-lyon","tag-news","tag-orelsan","tag-part-dieu","tag-paul-gasnier","tag-quais-du-polar","tag-republique-francaise","tag-requalification","tag-reseau-tcl","tag-rive-droite","tag-roman","tag-sytral-mobilites","tag-tb12","tag-tetedoie","tag-tram-bus","tag-vegetalisation","tag-villeurbanne"],"share_on_mastodon":{"url":"https:\/\/pubeurope.com\/@fr\/116164126737183087","error":""},"_links":{"self":[{"href":"https:\/\/www.europesays.com\/fr\/wp-json\/wp\/v2\/posts\/772101","targetHints":{"allow":["GET"]}}],"collection":[{"href":"https:\/\/www.europesays.com\/fr\/wp-json\/wp\/v2\/posts"}],"about":[{"href":"https:\/\/www.europesays.com\/fr\/wp-json\/wp\/v2\/types\/post"}],"author":[{"embeddable":true,"href":"https:\/\/www.europesays.com\/fr\/wp-json\/wp\/v2\/users\/2"}],"replies":[{"embeddable":true,"href":"https:\/\/www.europesays.com\/fr\/wp-json\/wp\/v2\/comments?post=772101"}],"version-history":[{"count":0,"href":"https:\/\/www.europesays.com\/fr\/wp-json\/wp\/v2\/posts\/772101\/revisions"}],"wp:featuredmedia":[{"embeddable":true,"href":"https:\/\/www.europesays.com\/fr\/wp-json\/wp\/v2\/media\/772102"}],"wp:attachment":[{"href":"https:\/\/www.europesays.com\/fr\/wp-json\/wp\/v2\/media?parent=772101"}],"wp:term":[{"taxonomy":"category","embeddable":true,"href":"https:\/\/www.europesays.com\/fr\/wp-json\/wp\/v2\/categories?post=772101"},{"taxonomy":"post_tag","embeddable":true,"href":"https:\/\/www.europesays.com\/fr\/wp-json\/wp\/v2\/tags?post=772101"}],"curies":[{"name":"wp","href":"https:\/\/api.w.org\/{rel}","templated":true}]}}