{"id":77215,"date":"2025-05-05T17:42:08","date_gmt":"2025-05-05T17:42:08","guid":{"rendered":"https:\/\/www.europesays.com\/fr\/77215\/"},"modified":"2025-05-05T17:42:08","modified_gmt":"2025-05-05T17:42:08","slug":"liran-exhorte-les-etats-unis-a-eviter-les-demandes-irrealistes","status":"publish","type":"post","link":"https:\/\/www.europesays.com\/fr\/77215\/","title":{"rendered":"l&rsquo;Iran exhorte les \u00c9tats-Unis \u00e0 \u00e9viter les demandes \u00abirr\u00e9alistes\u00bb"},"content":{"rendered":"<p class=\"fig-paragraph\">Le chef de la diplomatie iranienne Abbas Araghchi a appel\u00e9 lundi les\u00a0<a href=\"http:\/\/www.lefigaro.fr\/sciences\/aux-etats-unis-le-sabotage-en-regle-de-la-recherche-sur-l-environnement-par-l-administration-trump-20250505\" target=\"_blank\" data-fig-type=\"Article\" rel=\"noopener\" data-gtm-custom-categorie=\"navigation\" data-gtm-custom-action=\"crossclick\" data-gtm-custom-label=\"Contextuel\" data-gtm-event=\"customEventSPE\" data-fig-domain=\"LEFIGARO\">\u00c9tats-Unis<\/a>\u00a0\u00e0 \u00e9viter les demandes \u00abirr\u00e9alistes\u00bb au moment o\u00f9 les deux pays ennemis sont engag\u00e9s dans de d\u00e9licats pourparlers sur le\u00a0<a href=\"http:\/\/www.lefigaro.fr\/international\/nucleaire-iranien-le-pays-fustige-les-menaces-de-nouvelles-sanctions-de-la-france-20250430\" data-fig-type=\"NewsFlash\" data-gtm-custom-categorie=\"navigation\" data-gtm-custom-action=\"crossclick\" data-gtm-custom-label=\"Contextuel\" data-gtm-event=\"customEventSPE\" data-fig-domain=\"LEFIGARO\" target=\"_blank\" rel=\"noopener\">nucl\u00e9aire iranien<\/a>.<\/p>\n<p class=\"fig-paragraph\">\u00abLa conclusion d&rsquo;un accord \u00e0 cet \u00e9gard est tout \u00e0 fait possible, mais il faut \u00e9viter les positions irr\u00e9alistes et illogiques\u00bb, a indiqu\u00e9 par t\u00e9l\u00e9phone Abbas Araghchi \u00e0 la cheffe de la diplomatie europ\u00e9enne Kaja Kallas, selon des propos rapport\u00e9s par T\u00e9h\u00e9ran.<\/p>\n","protected":false},"excerpt":{"rendered":"Le chef de la diplomatie iranienne Abbas Araghchi a appel\u00e9 lundi les\u00a0\u00c9tats-Unis\u00a0\u00e0 \u00e9viter les demandes \u00abirr\u00e9alistes\u00bb au moment&hellip;\n","protected":false},"author":2,"featured_media":77216,"comment_status":"","ping_status":"","sticky":false,"template":"","format":"standard","meta":{"footnotes":""},"categories":[1589],"tags":[1111,47,11,1109,1112,73,1866,118,1108,107,1106,1107,27,1110,1114,14,3019,12,1113,316,1864,1865,1863,308],"class_list":{"0":"post-77215","1":"post","2":"type-post","3":"status-publish","4":"format-standard","5":"has-post-thumbnail","7":"category-etats-unis","8":"tag-actu","9":"tag-actualite","10":"tag-actualites","11":"tag-breves","12":"tag-depeches","13":"tag-etats-unis","14":"tag-etats-unis-damerique","15":"tag-faits-divers","16":"tag-fil","17":"tag-fil-info","18":"tag-flash","19":"tag-flash-actu","20":"tag-france","21":"tag-informations","22":"tag-infos","23":"tag-international","24":"tag-iran","25":"tag-news","26":"tag-nouvelles","27":"tag-politique","28":"tag-united-states","29":"tag-united-states-of-america","30":"tag-us","31":"tag-usa"},"share_on_mastodon":{"url":"https:\/\/pubeurope.com\/@fr\/114456464159537164","error":""},"_links":{"self":[{"href":"https:\/\/www.europesays.com\/fr\/wp-json\/wp\/v2\/posts\/77215","targetHints":{"allow":["GET"]}}],"collection":[{"href":"https:\/\/www.europesays.com\/fr\/wp-json\/wp\/v2\/posts"}],"about":[{"href":"https:\/\/www.europesays.com\/fr\/wp-json\/wp\/v2\/types\/post"}],"author":[{"embeddable":true,"href":"https:\/\/www.europesays.com\/fr\/wp-json\/wp\/v2\/users\/2"}],"replies":[{"embeddable":true,"href":"https:\/\/www.europesays.com\/fr\/wp-json\/wp\/v2\/comments?post=77215"}],"version-history":[{"count":0,"href":"https:\/\/www.europesays.com\/fr\/wp-json\/wp\/v2\/posts\/77215\/revisions"}],"wp:featuredmedia":[{"embeddable":true,"href":"https:\/\/www.europesays.com\/fr\/wp-json\/wp\/v2\/media\/77216"}],"wp:attachment":[{"href":"https:\/\/www.europesays.com\/fr\/wp-json\/wp\/v2\/media?parent=77215"}],"wp:term":[{"taxonomy":"category","embeddable":true,"href":"https:\/\/www.europesays.com\/fr\/wp-json\/wp\/v2\/categories?post=77215"},{"taxonomy":"post_tag","embeddable":true,"href":"https:\/\/www.europesays.com\/fr\/wp-json\/wp\/v2\/tags?post=77215"}],"curies":[{"name":"wp","href":"https:\/\/api.w.org\/{rel}","templated":true}]}}