{"id":77248,"date":"2025-05-05T18:01:08","date_gmt":"2025-05-05T18:01:08","guid":{"rendered":"https:\/\/www.europesays.com\/fr\/77248\/"},"modified":"2025-05-05T18:01:08","modified_gmt":"2025-05-05T18:01:08","slug":"il-sort-un-livre-de-recettes-pour-les-malades-du-cancer","status":"publish","type":"post","link":"https:\/\/www.europesays.com\/fr\/77248\/","title":{"rendered":"il sort un livre de recettes pour les malades du cancer"},"content":{"rendered":"<p>            Par<br \/>\n        <strong><br \/>\n            <a href=\"https:\/\/actu.fr\/auteur\/lea-mosco\" title=\"Consulter tous les articles de L\u00e9a Mosco\" target=\"_blank\" rel=\"noopener\">L\u00e9a Mosco<\/a><br \/>\n        <\/strong><\/p>\n<p>        Publi\u00e9 le<\/p>\n<p>            5 mai 2025 \u00e0 19h52        <\/p>\n<p>C\u2019est une approche unique qui allie nutrition, science et gastronomie. Pour accompagner les patients atteints de cancer, le <strong>docteur Philippe Pouillart, enseignant-chercheur<\/strong> \u00e0 l\u2019\u00e9cole d\u2019ing\u00e9nieurs UniLaSalle de Beauvais, dans l\u2019<a href=\"https:\/\/actu.fr\/oise\/\" target=\"_blank\" rel=\"noopener\">Oise<\/a>, vient de publier son deuxi\u00e8me ouvrage\u00a0intitul\u00e9 Soigner son assiette pour mieux vivre pendant un cancer, r\u00e9alis\u00e9 en collaboration avec <strong>35 chefs de renom<\/strong>.<\/p>\n<p>Un livre pour redonner du sens et du go\u00fbt \u00e0 l\u2019assiette<\/p>\n<p class=\" wall-content\">Apr\u00e8s un premier livre qui a re\u00e7u le <strong>Prix mondial de cuisine sant\u00e9<\/strong>, vendu \u00e0 plus 5\u2009000 exemplaires, ce sp\u00e9cialiste pratiques culinaires et sant\u00e9 poursuit l\u2019aventure avec un nouvel ouvrage, d\u00e9j\u00e0 \u00e9coul\u00e9 \u00e0 1\u2009500 exemplaires depuis sa <strong>sortie le 24 avril !<\/strong><\/p>\n<p class=\" wall-content\">Ce livre va plus loin que le premier\u2009: il fait le lien avec la plateforme \u00ab\u00a0<a href=\"https:\/\/vite-fait-bienfaits.fr\/\" target=\"_blank\" rel=\"noopener\">Vite fait, Bienfaits\u00a0\u00bb<\/a> qui f\u00eate cette ann\u00e9e son anniversaire. Un site qui propose des recettes issues du livre dans des versions simplifi\u00e9es, accessibles \u00e0 tous. L\u2019objectif\u2009: permettre \u00e0 chacun de <strong>cuisiner facilement des plats de chefs<\/strong>, m\u00eame dans un contexte de maladie ou de fatigue.<\/p>\n<blockquote class=\"ac-article-quote wall-content\">\n<p>Des proches de malades me disaient qu&rsquo;ils n&rsquo;osaient plus offrir de livres de cuisine. Avec celui-ci, on veut leur redonner envie de cuisiner ensemble. Il n&rsquo;y a pas de mal \u00e0 offrir \u00e0 ce type de livre pour aider les personnes dans le besoin.<\/p>\n<p>    <strong>Philippe Pouillart<\/strong><br \/>\n        Docteur en immunopharmacologie et enseignant-chercheur en pratiques culinaires et sant\u00e9 \u00e0 UniLaSalle Beauvais    <\/p><\/blockquote>\n<p>Un chef et chercheur engag\u00e9 au service de la sant\u00e9<\/p>\n<p class=\" wall-content\">Philippe Pouillart est une personnalit\u00e9 aux multiples casquettes. Chef cuisinier dipl\u00f4m\u00e9,\u00a0docteur en immunopharmacologie (l\u2019\u00e9tude de l\u2019interaction entre les m\u00e9dicaments et le syst\u00e8me immunitaire, ndlr), chercheur en pratiques culinaires et sant\u00e9, membre des Toques fran\u00e7aises, il consacre depuis plus de dix ans ses travaux \u00e0 <strong>l\u2019onconutrition\u2009: l\u2019\u00e9tude de l\u2019alimentation comme levier dans le traitement du cancer. <\/strong><\/p>\n<p class=\" wall-content\">\u00c0 UniLaSalle Beauvais, il forme les \u00e9l\u00e8ves-ing\u00e9nieurs du parcours \u00ab\u00a0Alimentation et Sant\u00e9\u00a0\u00bb \u00e0 cette discipline \u00e0 travers une formation m\u00ealant biologie, cuisine et accompagnement du patient.<\/p>\n<blockquote class=\"ac-article-quote wall-content\">\n<p>J&rsquo;ai voulu cr\u00e9er un pont entre le savoir-faire culinaire des grands chefs et les connaissances scientifiques sur les effets de l&rsquo;alimentation chez les malades.<\/p>\n<p>    <strong>Philippe Pouillart<\/strong><br \/>\n        Docteur en immunopharmacologie et enseignant-chercheur en pratiques culinaires et sant\u00e9 \u00e0 UniLaSalle Beauvais    <\/p><\/blockquote>\n<p>35 chefs internationaux pour des recettes in\u00e9dites<\/p>\n<p class=\" wall-content\">Parmi les 35 chefs contributeurs, des noms bien connus du grand public\u2009: <strong>Thierry Marx<\/strong>, Guillaume Gomez, ancien chef de l\u2019\u00c9lys\u00e9e, Christian T\u00eatedoie, Nadia Sammut, mais aussi des chefs du Canada, du Liban, de Suisse, de Belgique, du Luxembourg, de Monaco\u2026 Tous ont apport\u00e9 leur expertise pour co-cr\u00e9er des recettes <strong>pens\u00e9es pour r\u00e9pondre aux sympt\u00f4mes courants<\/strong> des patients sous traitement.<\/p>\n<p class=\" wall-content\">Certaines recettes sont totalement originales, invent\u00e9es pour ce livre. D\u2019autres ont \u00e9t\u00e9 adapt\u00e9es en <strong>tenant compte de contraintes pr\u00e9cises avec l\u2019aide de professionnels de sant\u00e9<\/strong>. \u00ab\u2009Certains ingr\u00e9dients ne peuvent pas \u00eatre utilis\u00e9s, comme la sauge par exemple, qui ne convient pas pour les personnes atteintes d\u2019un cancer du sein hormonaux d\u00e9pendant\u00a0\u00bb, explique-t-il. \u00ab\u00a0Il y aurait une diminution de l\u2019effet du traitement. On appelle cela une interaction m\u00e9dicamenteuse\u00a0\u00bb.\u00a0<\/p>\n<p class=\" wall-content\">Le livre recense <strong>13 sympt\u00f4mes ou situations fr\u00e9quentes<\/strong>, servant de porte d\u2019entr\u00e9e \u00e0 des suggestions de <strong>plats vari\u00e9s, color\u00e9s, savoureux pour ne jamais renoncer au plaisir de manger<\/strong>, m\u00eame pendant la maladie.<\/p>\n<p>Une cuisine plaisir dans les h\u00f4pitaux<\/p>\n<p class=\" wall-content\">La d\u00e9marche d\u00e9passe le cadre de l\u2019\u00e9dition. Plusieurs \u00e9tablissements hospitaliers d\u2019<a href=\"https:\/\/actu.fr\/ile-de-france\/\" target=\"_blank\" rel=\"noopener\">\u00cele-de-France<\/a> ont d\u00e9j\u00e0 pr\u00e9vu d\u2019<strong>int\u00e9grer certaines recettes \u00e0 leurs services de restauration<\/strong>.<\/p>\n<p class=\" wall-content\">Une di\u00e9t\u00e9ticienne cadre pilote un programme pour adapter les recettes des livres aux cuisines collectives, avec l\u2019ambition de g\u00e9n\u00e9raliser cette approche gourmande et bienveillante dans les h\u00f4pitaux.<\/p>\n<blockquote class=\"ac-article-quote wall-content\">\n<p>Le but, c&rsquo;est que ces recettes soient non seulement belles et bonnes, mais aussi reproductibles. Que l&rsquo;on puisse les retrouver \u00e0 l&rsquo;h\u00f4pital comme \u00e0 la maison.<\/p>\n<p>    <strong>Philippe Pouillart<\/strong><br \/>\n        Docteur en immunopharmacologie et enseignant-chercheur en pratiques culinaires et sant\u00e9 \u00e0 UniLaSalle Beauvais    <\/p><\/blockquote>\n<p>Un projet humain et scientifique au service de tous<\/p>\n<p class=\" wall-content\">Ce livre <strong>s\u2019adresse \u00e0 un large public<\/strong>\u2009: patients, aidants, professionnels de sant\u00e9, mais aussi enseignants et futurs ing\u00e9nieurs en nutrition. Il m\u00eale <strong>rigueur scientifique<\/strong>, <strong>p\u00e9dagogie<\/strong> et <strong>\u00e9motion<\/strong>, avec pour ambition de <strong>rompre l\u2019isolement des malades<\/strong> et de leur redonner un peu de contr\u00f4le sur leur quotidien.<\/p>\n<p class=\" wall-content\">Le projet s\u2019inscrit aussi dans un <strong>effort de sensibilisation nationale \u00e0 l\u2019onconutrition<\/strong>, un domaine encore peu connu.<\/p>\n<blockquote class=\"ac-article-quote wall-content\">\n<p>L&rsquo;alimentation est trop souvent rel\u00e9gu\u00e9e au second plan dans le parcours de soins. Pourtant, bien manger, c&rsquo;est aussi mieux se battre. Ce livre veut le rappeler, sans jugement ni complexit\u00e9.<\/p>\n<p>    <strong>Philippe Pouillart<\/strong><br \/>\n        Docteur en immunopharmacologie et enseignant-chercheur en pratiques culinaires et sant\u00e9 \u00e0 UniLaSalle Beauvais    <\/p><\/blockquote>\n<p class=\" wall-content\">Plus qu\u2019un simple livre de recettes, Soigner son assiette pour mieux vivre pendant un cancer est un <strong>outil de soutien<\/strong>, <strong>d\u2019information<\/strong> et de <strong>lien<\/strong>. Un livre disponible en librairie, vendu \u00e0 25,90 euros, et sur le site Internet de \u00ab\u00a0Vite fait, Bienfaits\u00a0\u00bb.<\/p>\n<p class=\" wall-content\">Suivez toute l\u2019actualit\u00e9 de vos villes et m\u00e9dias favoris en vous inscrivant \u00e0 <a href=\"https:\/\/moncompte.actu.fr\" title=\"D\u00e9couvez Mon Actu\" rel=\"nofollow noopener\" data-trk=\"{&quot;cta&quot;:{&quot;action&quot;:&quot;https:\\\/\\\/moncompte.actu.fr&quot;,&quot;category&quot;:&quot;mon compte&quot;,&quot;from&quot;:&quot;article footer&quot;,&quot;name&quot;:&quot;Mon actu&quot;,&quot;type&quot;:&quot;cta&quot;}}\" target=\"_blank\">Mon Actu<\/a>.<\/p>\n","protected":false},"excerpt":{"rendered":"Par L\u00e9a Mosco Publi\u00e9 le 5 mai 2025 \u00e0 19h52 C\u2019est une approche unique qui allie nutrition, science&hellip;\n","protected":false},"author":2,"featured_media":77249,"comment_status":"","ping_status":"","sticky":false,"template":"","format":"standard","meta":{"footnotes":""},"categories":[1357],"tags":[1379,902,58,59,1011,27,7364,1380,2673,104],"class_list":{"0":"post-77248","1":"post","2":"type-post","3":"status-publish","4":"format-standard","5":"has-post-thumbnail","7":"category-livres","8":"tag-books","9":"tag-cuisine","10":"tag-divertissement","11":"tag-entertainment","12":"tag-fr","13":"tag-france","14":"tag-loise","15":"tag-livres","16":"tag-medecins","17":"tag-societe"},"share_on_mastodon":{"url":"https:\/\/pubeurope.com\/@fr\/114456538988917146","error":""},"_links":{"self":[{"href":"https:\/\/www.europesays.com\/fr\/wp-json\/wp\/v2\/posts\/77248","targetHints":{"allow":["GET"]}}],"collection":[{"href":"https:\/\/www.europesays.com\/fr\/wp-json\/wp\/v2\/posts"}],"about":[{"href":"https:\/\/www.europesays.com\/fr\/wp-json\/wp\/v2\/types\/post"}],"author":[{"embeddable":true,"href":"https:\/\/www.europesays.com\/fr\/wp-json\/wp\/v2\/users\/2"}],"replies":[{"embeddable":true,"href":"https:\/\/www.europesays.com\/fr\/wp-json\/wp\/v2\/comments?post=77248"}],"version-history":[{"count":0,"href":"https:\/\/www.europesays.com\/fr\/wp-json\/wp\/v2\/posts\/77248\/revisions"}],"wp:featuredmedia":[{"embeddable":true,"href":"https:\/\/www.europesays.com\/fr\/wp-json\/wp\/v2\/media\/77249"}],"wp:attachment":[{"href":"https:\/\/www.europesays.com\/fr\/wp-json\/wp\/v2\/media?parent=77248"}],"wp:term":[{"taxonomy":"category","embeddable":true,"href":"https:\/\/www.europesays.com\/fr\/wp-json\/wp\/v2\/categories?post=77248"},{"taxonomy":"post_tag","embeddable":true,"href":"https:\/\/www.europesays.com\/fr\/wp-json\/wp\/v2\/tags?post=77248"}],"curies":[{"name":"wp","href":"https:\/\/api.w.org\/{rel}","templated":true}]}}