{"id":772550,"date":"2026-03-03T12:08:12","date_gmt":"2026-03-03T12:08:12","guid":{"rendered":"https:\/\/www.europesays.com\/fr\/772550\/"},"modified":"2026-03-03T12:08:12","modified_gmt":"2026-03-03T12:08:12","slug":"on-connait-la-date-de-reouverture-et-cest-imminent","status":"publish","type":"post","link":"https:\/\/www.europesays.com\/fr\/772550\/","title":{"rendered":"on conna\u00eet la date de r\u00e9ouverture (et c&rsquo;est imminent)"},"content":{"rendered":"<p>                    Par<br \/>\n        <strong><br \/>\n            <a href=\"https:\/\/actu.fr\/auteur\/ivan-capecchi\" title=\"Consulter tous les articles de Ivan CAPECCHI\" rel=\"nofollow noopener\" target=\"_blank\">Ivan CAPECCHI<\/a><br \/>\n                    <\/strong><\/p>\n<p>        Publi\u00e9 le<\/p>\n<p>            3 mars 2026 \u00e0 12h56<br \/>\n        ; mis \u00e0 jour le 3 mars 2026 \u00e0 12h58    <\/p>\n<p>Ferm\u00e9 depuis pr\u00e8s de deux mois \u00e0 cause d\u2019une importante <strong>inondation<\/strong>, le <a href=\"https:\/\/actu.fr\/grand-est\/strasbourg_67482\/video-intervention-des-pompiers-au-monoprix-de-la-place-kleber-a-strasbourg-ce-qu-il-s-est-passe_63676265.html\" rel=\"nofollow noopener\" target=\"_blank\">Monoprix de la place Kl\u00e9ber \u00e0 Strasbourg<\/a> s\u2019appr\u00eate \u00e0<strong> rouvrir ses portes<\/strong>. C\u2019est ce que nous confirme le <strong>groupe Casino<\/strong> par mail. Voici ce qu\u2019il faut savoir.<\/p>\n<p>Monoprix de la place Kl\u00e9ber inond\u00e9 : voici la date de r\u00e9ouverture<\/p>\n<p class=\" wall-content\">Le Monoprix de la place Kl\u00e9ber \u00e0 Strasbourg <strong>rouvrira ses portes ce jeudi 5 mars<\/strong>.<\/p>\n<p class=\" wall-content\">\u00ab\u00a0Une communication sur les vitrines ainsi qu\u2019\u00e0 nos clients encart\u00e9s (carte de fid\u00e9lit\u00e9) est pr\u00e9vue\u00a0\u00bb, indique le groupe Casino joint par nos soins.<\/p>\n<blockquote class=\"tiktok-embed\" cite=\"https:\/\/www.tiktok.com\/@lorraine.actu\/video\/7593322147993373974\" data-video-id=\"7593322147993373974\" data-embed-from=\"oembed\" style=\"max-width:605px; min-width:325px;\"><p>\n<a target=\"_blank\" title=\"@lorraine.actu\" href=\"https:\/\/www.tiktok.com\/@lorraine.actu?refer=embed\" rel=\"nofollow noopener\">@lorraine.actu<\/a> <\/p>\n<p>T\u00f4t ce vendredi matin, les sapeurs-pompiers ont \u00e9t\u00e9 appel\u00e9s pour intervenir au sein du Monoprix de la place Kl\u00e9ber \u00e0 Strasbourg. L\u2019intervention est en train de se terminer \u00e0 la mi-journ\u00e9e, mais le magasin, lui, est toujours ferm\u00e9. Voici ce qu\u2019il s\u2019est pass\u00e9. Inondation au Monoprix de la place Kl\u00e9ber Les pompiers ont \u00e9t\u00e9 appel\u00e9s peu avant 6h ce vendredi \u00ab\u00a0pour une fuite d\u2019eau sur le r\u00e9seau de sprinklage [syst\u00e8me automatique de lutte contre l\u2019incendie, NDLR], ce qui a impact\u00e9 tous les \u00e9tages du b\u00e2timent\u00a0\u00bb, explique le Lieutenant Aymeric Florent, chef de groupe. Les op\u00e9rations des pompiers ont alors consist\u00e9 en \u00ab\u00a0de l\u2019aspiration de l\u2019eau \u00e0 tous les \u00e9tages pour limiter les d\u00e9g\u00e2ts\u00a0\u00bb.\u00a0 Concr\u00e8tement, on trouvait \u00ab\u00a04 \u00e0 5 cm d\u2019eau\u00a0\u00bb dans les \u00e9tages les plus inond\u00e9s. Le magasin ferm\u00e9 jusqu\u2019\u00e0 nouvel ordre Le Monoprix de la place Kl\u00e9ber devrait rester ferm\u00e9 toute cette journ\u00e9e. A ce stade, on ne sait pas quand il pourrait rouvrir. <a title=\"inondation\" target=\"_blank\" href=\"https:\/\/www.tiktok.com\/tag\/inondation?refer=embed\" rel=\"nofollow noopener\">#inondation<\/a> <a title=\"pompiers\" target=\"_blank\" href=\"https:\/\/www.tiktok.com\/tag\/pompiers?refer=embed\" rel=\"nofollow noopener\">#pompiers<\/a> <a title=\"monoprix\" target=\"_blank\" href=\"https:\/\/www.tiktok.com\/tag\/monoprix?refer=embed\" rel=\"nofollow noopener\">#monoprix<\/a> <\/p>\n<p> <a target=\"_blank\" title=\"\u266c son original - Lorraine Actu\" href=\"https:\/\/www.tiktok.com\/music\/son-original-7593322163701173014?refer=embed\" rel=\"nofollow noopener\">\u266c son original \u2013 Lorraine Actu<\/a> <\/p>\n<\/blockquote>\n<p>Fuite d\u2019eau sur le r\u00e9seau de sprinklage<\/p>\n<p class=\" wall-content\">D\u00e9but janvier 2026, les pompiers \u00e9taient intervenus sur le site du Monoprix de la place Kl\u00e9ber en raison d\u2019une <strong>fuite d\u2019eau sur le r\u00e9seau de sprinklage<\/strong>, autrement dit le syst\u00e8me automatique de lutte contre l\u2019<a href=\"https:\/\/actu.fr\/tag\/incendie\" rel=\"nofollow noopener\" target=\"_blank\">incendie<\/a>.\u00a0<\/p>\n<p class=\" wall-content\">Tous les \u00e9tages du b\u00e2timent avaient \u00e9t\u00e9 inond\u00e9s, ce qui avait contraint \u00e0 la fermeture totale de ce dernier.\u00a0<\/p>\n<p class=\" wall-content\">Personnalisez votre actualit\u00e9 en ajoutant vos villes et m\u00e9dias en favori avec <a href=\"https:\/\/moncompte.actu.fr\" title=\"D\u00e9couvez Mon Actu\" rel=\"nofollow noopener\" data-trk=\"{&quot;cta&quot;:{&quot;action&quot;:&quot;https:\\\/\\\/moncompte.actu.fr&quot;,&quot;category&quot;:&quot;mon compte&quot;,&quot;from&quot;:&quot;article footer&quot;,&quot;name&quot;:&quot;Mon actu&quot;,&quot;type&quot;:&quot;cta&quot;}}\" target=\"_blank\">Mon Actu<\/a>.<\/p>\n<p>                    <script async src=\"\/\/www.tiktok.com\/embed.js\"><\/script><\/p>\n","protected":false},"excerpt":{"rendered":"Par Ivan CAPECCHI Publi\u00e9 le 3 mars 2026 \u00e0 12h56 ; mis \u00e0 jour le 3 mars 2026&hellip;\n","protected":false},"author":2,"featured_media":772551,"comment_status":"","ping_status":"","sticky":false,"template":"","format":"standard","meta":{"footnotes":"","_share_on_mastodon":"0"},"categories":[2820],"tags":[1111,11,1777,674,1011,27,775,34256,12,1311,25,104,640],"class_list":["post-772550","post","type-post","status-publish","format-standard","has-post-thumbnail","category-strasbourg","tag-actu","tag-actualites","tag-eu","tag-europe","tag-fr","tag-france","tag-grand-est","tag-monoprix","tag-news","tag-pompiers","tag-republique-francaise","tag-societe","tag-strasbourg"],"share_on_mastodon":{"url":"https:\/\/pubeurope.com\/@fr\/116165168816170338","error":""},"_links":{"self":[{"href":"https:\/\/www.europesays.com\/fr\/wp-json\/wp\/v2\/posts\/772550","targetHints":{"allow":["GET"]}}],"collection":[{"href":"https:\/\/www.europesays.com\/fr\/wp-json\/wp\/v2\/posts"}],"about":[{"href":"https:\/\/www.europesays.com\/fr\/wp-json\/wp\/v2\/types\/post"}],"author":[{"embeddable":true,"href":"https:\/\/www.europesays.com\/fr\/wp-json\/wp\/v2\/users\/2"}],"replies":[{"embeddable":true,"href":"https:\/\/www.europesays.com\/fr\/wp-json\/wp\/v2\/comments?post=772550"}],"version-history":[{"count":0,"href":"https:\/\/www.europesays.com\/fr\/wp-json\/wp\/v2\/posts\/772550\/revisions"}],"wp:featuredmedia":[{"embeddable":true,"href":"https:\/\/www.europesays.com\/fr\/wp-json\/wp\/v2\/media\/772551"}],"wp:attachment":[{"href":"https:\/\/www.europesays.com\/fr\/wp-json\/wp\/v2\/media?parent=772550"}],"wp:term":[{"taxonomy":"category","embeddable":true,"href":"https:\/\/www.europesays.com\/fr\/wp-json\/wp\/v2\/categories?post=772550"},{"taxonomy":"post_tag","embeddable":true,"href":"https:\/\/www.europesays.com\/fr\/wp-json\/wp\/v2\/tags?post=772550"}],"curies":[{"name":"wp","href":"https:\/\/api.w.org\/{rel}","templated":true}]}}