{"id":77270,"date":"2025-05-05T18:12:08","date_gmt":"2025-05-05T18:12:08","guid":{"rendered":"https:\/\/www.europesays.com\/fr\/77270\/"},"modified":"2025-05-05T18:12:08","modified_gmt":"2025-05-05T18:12:08","slug":"3000-agneaux-tues-un-poulain-foudroye-des-voitures-fracassees-les-images-des-violents-orages-en-france","status":"publish","type":"post","link":"https:\/\/www.europesays.com\/fr\/77270\/","title":{"rendered":"3000 agneaux tu\u00e9s, un poulain foudroy\u00e9, des voitures fracass\u00e9es\u2026 Les images des violents orages en France"},"content":{"rendered":"<p>            Par<br \/>\n        <strong><br \/>\n            <a href=\"https:\/\/actu.fr\/auteur\/redaction-actu\" title=\"Consulter tous les articles de R\u00e9daction Actu\" target=\"_blank\" rel=\"noopener\">R\u00e9daction Actu<\/a><br \/>\n        <\/strong><\/p>\n<p>        Publi\u00e9 le<\/p>\n<p>            5 mai 2025 \u00e0 17h36        <\/p>\n<p>Des gr\u00ealons de cinq centim\u00e8tres : un <a href=\"https:\/\/actu.fr\/tag\/orages\" target=\"_blank\" rel=\"noopener\">orage<\/a> supercellulaire a balay\u00e9 <a href=\"https:\/\/actu.fr\/paris\/\" target=\"_blank\" rel=\"noopener\">Paris<\/a> ce samedi 3 mai 2025 apr\u00e8s-midi, avec \u00ab 170 \u00e9clairs d\u00e9tect\u00e9s, dont 10 qui ont touch\u00e9 le sol sur le territoire communal \u00bb, a comptabilis\u00e9 Keraunos, l\u2019observatoire fran\u00e7ais des tornades et orages violents. <a href=\"https:\/\/actu.fr\/meteo\/violents-orages-ce-week-end-puis-air-polaire-un-impressionnant-changement-de-temps-va-secouer-la-france_62586962.html\" target=\"_blank\" rel=\"noopener\">Ils \u00e9taient annonc\u00e9s<\/a>, ils ont \u00e9t\u00e9 violents, et ont fait des d\u00e9g\u00e2ts, \u00e0 Paris, <a href=\"https:\/\/actu.fr\/ile-de-france\/paris_75056\/video-paris-un-impressionnant-orage-de-grele-s-abat-sur-la-capitale-le-metro-perturbe-par-les-inondations_62592097.html\" target=\"_blank\" rel=\"noopener\">comme l\u2019explique notre r\u00e9daction locale<\/a>, mais pas seulement.<\/p>\n<p class=\" wall-content\">Apr\u00e8s <a href=\"https:\/\/actu.fr\/meteo\/un-1er-mai-digne-d-aout-plus-de-31-c-dans-le-nord-de-la-france-la-foule-envahit-les-plages_62587516.html\" target=\"_blank\" rel=\"noopener\">la chaleur remarquable des jeudi 1\u1d49\u02b3 mai et vendredi 2 mai 2025<\/a>, un net conflit de masse d\u2019air s\u2019est mis en place ce week-end des samedi 3 et dimanche 4 mai en France. Des orages organis\u00e9s \u00ab le long de l\u2019axe de convergence \u00bb se sont notamment d\u00e9velopp\u00e9s sur le nord de la r\u00e9gion Centre-Val de Loire puis ont gagn\u00e9 <a href=\"https:\/\/actu.fr\/planete\/videos-orage-de-grele-dans-les-yvelines-stupefaits-les-habitants-temoignent-voici-leurs-images_62593242.html\" target=\"_blank\" rel=\"noopener\">les Yvelines<\/a> avant de balayer Paris et sa petite couronne samedi.<\/p>\n<p class=\" wall-content\">Mais plusieurs foyers d\u2019orages forts ont aussi \u00e9t\u00e9 observ\u00e9s entre le nord des Pays de la Loire et l\u2019Alsace, en passant par la Champagne et la Lorraine. L\u00e0 aussi, des lames d\u2019eau significatives et des chutes de gr\u00eale de deux \u00e0 quatre centim\u00e8tres de diam\u00e8tre ont \u00e9t\u00e9 relev\u00e9es.<\/p>\n<p class=\" wall-content\">\n<p class=\" wall-content\">Il en a \u00e9t\u00e9 de m\u00eame sur le sud-ouest du pays, entre le sud Aquitaine et l\u2019ouest Occitanie. \u00ab On retiendra notamment le passage d\u2019une supercellule qui a produit des gr\u00ealons de quatre \u00e0 cinq centim\u00e8tres localement entre le B\u00e9arn et l\u2019Armagnac, puis une seconde sur la Bigorre (Hautes-Pyr\u00e9n\u00e9es) et le Comminges (Haute-Garonne) \u00bb, retrace Keraunos.<\/p>\n<p class=\" wall-content\">Et ce lundi 5 mai, c\u2019est l\u2019heure de constater les d\u00e9g\u00e2ts. Carrosseries ab\u00eem\u00e9es, pare-brises fissur\u00e9s, toitures endommag\u00e9es\u2026 Et m\u00eame animaux morts. Le bilan est parfois lourd.<\/p>\n<p>Vid\u00e9os : en ce moment sur ActuUn poulain foudroy\u00e9 dans un pr\u00e9 et 400 poulets tu\u00e9s par la gr\u00eale\u2026\u00a0<\/p>\n<p class=\" wall-content\">Un orage particuli\u00e8rement violent a \u00e9clat\u00e9 sur les communes de Vautorte et Ch\u00e2tillon-sur-Colmont, en <a href=\"https:\/\/actu.fr\/pays-de-la-loire\/mayenne_53\" target=\"_blank\" rel=\"noopener\">Mayenne<\/a>, samedi soir. Et un poulain d\u2019un an y a \u00e9t\u00e9 retrouv\u00e9 mort dans un pr\u00e9, foudroy\u00e9, \u00ab une trace de br\u00fblure sur le front \u00bb, <a href=\"https:\/\/www.ouest-france.fr\/pays-de-la-loire\/mayenne\/il-gisait-au-milieu-dune-parcelle-en-mayenne-un-cheval-tue-par-la-foudre-8b834292-28fc-11f0-9633-ffbffb0813f8\" target=\"_blank\" rel=\"noopener\">relate Ouest-France<\/a>.<\/p>\n<p class=\" wall-content\">La foudre a aussi provoqu\u00e9 la mort de 3 000 agneaux dans une exploitation du nord du Tarn, \u00ab transformant une installation high-tech en pi\u00e8ge mortel \u00bb, d\u00e9taille de son c\u00f4t\u00e9 <a href=\"https:\/\/www.ladepeche.fr\/2025\/05\/05\/orage-meurtrier-dans-le-tarn-une-exploitation-prend-la-foudre-3-000-agneaux-meurent-asphyxies-12676355.php\" target=\"_blank\" rel=\"noopener\">La D\u00e9p\u00eache<\/a>. Les b\u00eates sont mortes asphyxi\u00e9es.<\/p>\n<p class=\" wall-content\">\n<p class=\" wall-content\">Environ 400\u00a0poulets ont aussi \u00e9t\u00e9 tu\u00e9s lors d\u2019un violent orage de gr\u00eale qui s\u2019est abattu sur la commune de Lombia, pr\u00e8s de Pau\u00a0(<a href=\"https:\/\/actu.fr\/nouvelle-aquitaine\/pyrenees-atlantiques_64\" target=\"_blank\" rel=\"noopener\">Pyr\u00e9n\u00e9es-Atlantiques<\/a>), samedi 3 mai, raconte <a href=\"https:\/\/www.larepubliquedespyrenees.fr\/pyrenees-atlantiques\/chute-de-grele-en-bearn-des-balles-de-tennis-qui-fusaient-temoigne-une-habitante-de-lombia-ou-400-poulets-ont-ete-tues-24286263.php\" target=\"_blank\" rel=\"noopener\">La R\u00e9publique des Pyr\u00e9n\u00e9es<\/a>. Les volailles se sont fait surprendre par l\u2019averse \u00ab et les balles de tennis qui fusaient \u00bb, et n\u2019ont pas eu le temps de se mettre \u00e0 l\u2019abri.<\/p>\n<p>Comment prot\u00e9ger sa maison et sa voiture en cas de gr\u00eale ? <\/p>\n<p>Pour se prot\u00e9ger des averses de gr\u00eale, la compagnie d&rsquo;assurance Generali donne quelques conseils. Pour minimiser les risques de dommages sur votre habitation :<br \/>&#8211; \u00c9vitez de fermer vos volets roulants\u00a0car les vitres des fen\u00eatres sont bien plus r\u00e9sistantes \u00e0 la gr\u00eale.<br \/>&#8211; \u00c9quipez-vous de b\u00e2ches, indispensables pour \u00e9viter les infiltrations d\u2019eau en cas de dommages sur votre toiture ou vos fen\u00eatres.<br \/>&#8211; Rangez votre mobilier de jardin, vos biens ext\u00e9rieurs et vos plantes en pot qui pourraient \u00eatre endommag\u00e9s.<br \/>&#8211; Nettoyez vos goutti\u00e8res\u00a0pour faciliter l\u2019\u00e9vacuation des larges quantit\u00e9s d\u2019eau ou de gr\u00ealons.<br \/>&#8211; Entretenez vos ext\u00e9rieurs\u00a0en coupant les branches mortes des arbres \u00e0 proximit\u00e9 de votre habitation.<\/p>\n<p>Pour prot\u00e9ger sa voiture de la gr\u00eale ?<br \/>&#8211; Garez votre voiture dans un garage\u00a0ou sous un abri couvert. Dans tous les cas, \u00e9vitez les zones bois\u00e9es.<br \/>&#8211; Si vous ne pouvez pas mettre votre v\u00e9hicule \u00e0 l\u2019abri,\u00a0couvrez-le\u00a0avec une housse gonflable anti-gr\u00eale ou une b\u00e2che. Vous pouvez aussi utiliser une couverture \u00e9paisse, un surmatelas ou une vieille couette de lit.<br \/>&#8211; Orientez votre v\u00e9hicule de fa\u00e7on \u00e0 ce que les gr\u00ealons frappent l\u2019avant de la voiture et le pare-brise qui sont plus r\u00e9sistants aux chocs que les fen\u00eatres lat\u00e9rales ou arri\u00e8res.<\/p>\n<p class=\" wall-content\">\u00c0 <a href=\"https:\/\/actu.fr\/lyon\/\" target=\"_blank\" rel=\"noopener\">Lyon<\/a> (Rh\u00f4ne), c\u2019est un impressionnant effondrement de la chauss\u00e9e sur la route de la mont\u00e9e de la Boucle, qui fait l\u2019actualit\u00e9 apr\u00e8s ces intemp\u00e9ries, <a href=\"https:\/\/actu.fr\/auvergne-rhone-alpes\/lyon_69123\/lyon-un-gros-trou-se-forme-sur-la-route-et-surprend-les-automobilistes-en-galere_62594324.html\" target=\"_blank\" rel=\"noopener\">montre notre r\u00e9daction<\/a>\u00a0qui revient sur <a href=\"https:\/\/actu.fr\/auvergne-rhone-alpes\/lyon_69123\/un-deluge-de-grele-soudain-et-des-orages-s-abattent-sur-lyon-et-le-rhone-les-images_62592262.html\" target=\"_blank\" rel=\"noopener\">les images du d\u00e9luge de ce samedi.<\/a><\/p>\n<p class=\" wall-content\">\n<p class=\" wall-content\">De violents orages se sont abattus aussi sur le <a href=\"https:\/\/actu.fr\/nouvelle-aquitaine\/lot-et-garonne_47\" target=\"_blank\" rel=\"noopener\">Lot-et-Garonne<\/a> ce dimanche 4 mai 2025, provoquant d\u2019importants d\u00e9g\u00e2ts, notamment sur le secteur d\u2019Agen et ses environs, avec des d\u00e9bordements de cours d\u2019eau, <a href=\"https:\/\/actu.fr\/nouvelle-aquitaine\/agen_47001\/les-orages-font-de-gros-degats-en-lot-et-garonne-des-rivieres-placees-en-vigilance-crues_62594611.html\" target=\"_blank\" rel=\"noopener\">d\u00e9taille notre r\u00e9daction locale<\/a>.<\/p>\n<p>Une \u00e9cole inond\u00e9e a \u00e9t\u00e9 ferm\u00e9e ce lundi en Haute-Garonne\u00a0<\/p>\n<p class=\" wall-content\">\u00c0 Labarthe-Rivi\u00e8re (Haute-Garonne), au sud-ouest de Toulouse, l\u2019eau s\u2019est infiltr\u00e9e dans des maisons et l\u2019\u00e9cole a \u00e9t\u00e9 inond\u00e9e. La mairie a annonc\u00e9 sa fermeture pour la journ\u00e9e de ce lundi 5 mai. <a href=\"https:\/\/station.illiwap.com\/fr\/public\/31247\/actu\/episode-orageux-exceptionnel-1\" target=\"_blank\" rel=\"noopener\">Dans un message publi\u00e9 sur son site<\/a>, la commune appelle les habitants \u00e0 lui transmettre des photos des dommages et indique qu\u2019elle compte demander le classement en catastrophe naturelle.<\/p>\n<p class=\" wall-content\">\n<p class=\" wall-content\">Et si les temp\u00e9ratures ont chut\u00e9 depuis la fin du week-end, r\u00e9duisant ce risque d\u2019orages (<a href=\"https:\/\/actu.fr\/meteo\/encore-des-orages-violents-en-france-mardi-dizaine-departements-en-vigilance-voici-ou-la-foudre-va-frapper_62596997.html\" target=\"_blank\" rel=\"noopener\">qui demeureront n\u00e9anmoins ce mardi dans quelques d\u00e9partements<\/a>), d\u2019autres, plus nombreux, sont d\u00e9j\u00e0 anticip\u00e9s par les mod\u00e8les m\u00e9t\u00e9o, <a href=\"https:\/\/actu.fr\/meteo\/des-temperatures-fraiches-et-le-retour-des-orages-quelle-meteo-en-france-pour-le-pont-du-8-mai_62595274.html\" target=\"_blank\" rel=\"noopener\">comme nous l\u2019expliquons dans cet article<\/a>, durant le week-end des samedi 10 et dimanche 11 mai.<\/p>\n<p>Les temp\u00eates, la gr\u00eale et la neige ont co\u00fbt\u00e9 2,2 milliards aux assureurs en 2024<\/p>\n<p class=\" wall-content\">Le co\u00fbt des \u00e9v\u00e9nements climatiques en France a atteint cinq milliards d\u2019euros pour les assureurs en 2024, moins que la moyenne 2020-2024 (5,6 milliards), mais beaucoup plus que la moyenne des ann\u00e9es 1982-1989 (1,5 milliard), selon France Assureurs. Ce chiffre de cinq milliards d\u2019euros classe 2024 au 9\u1d49 rang en termes de co\u00fbts pour la profession depuis 1982, date de la cr\u00e9ation du r\u00e9gime des catastrophes naturelles.<\/p>\n<p class=\" wall-content\">\n<p class=\" wall-content\">Dans le d\u00e9tail, les temp\u00eates, la gr\u00eale et la neige ont co\u00fbt\u00e9 <strong>2,2 milliards d\u2019euros<\/strong> aux assureurs, les catastrophes naturelles ont pes\u00e9 pour deux milliards et l\u2019assurance r\u00e9coltes 800 millions. Les temp\u00eates comme la gr\u00eale sont couvertes dans les contrats dommages des assureurs, tandis que les inondations et les s\u00e9cheresses d\u00e9pendent du r\u00e9gime \u00ab cat nat \u00bb. L\u2019\u00c9tat prend alors la moiti\u00e9 des co\u00fbts \u00e0 sa charge, permettant de r\u00e9duire la facture des assureurs.<\/p>\n<p class=\" wall-content\">Au cours de l\u2019ann\u00e9e 2024, les dommages caus\u00e9s par <strong>les temp\u00eates Kirk et Leslie<\/strong> en octobre, et les \u00e9pisodes c\u00e9venols et m\u00e9diterran\u00e9ens, se sont \u00e9lev\u00e9s \u00e0 785 millions d\u2019euros. Les inondations qui ont frapp\u00e9 le Nord et le Pas-de-Calais entre novembre 2023 et janvier 2024 ont eux co\u00fbt\u00e9 430 millions d\u2019euros au total.<\/p>\n<p class=\" wall-content\">Suivez toute l\u2019actualit\u00e9 de vos villes et m\u00e9dias favoris en vous inscrivant \u00e0 <a href=\"https:\/\/moncompte.actu.fr\" title=\"D\u00e9couvez Mon Actu\" rel=\"nofollow noopener\" data-trk=\"{&quot;cta&quot;:{&quot;action&quot;:&quot;https:\\\/\\\/moncompte.actu.fr&quot;,&quot;category&quot;:&quot;mon compte&quot;,&quot;from&quot;:&quot;article footer&quot;,&quot;name&quot;:&quot;Mon actu&quot;,&quot;type&quot;:&quot;cta&quot;}}\" target=\"_blank\">Mon Actu<\/a>.<\/p>\n","protected":false},"excerpt":{"rendered":"Par R\u00e9daction Actu Publi\u00e9 le 5 mai 2025 \u00e0 17h36 Des gr\u00ealons de cinq centim\u00e8tres : un orage&hellip;\n","protected":false},"author":2,"featured_media":74266,"comment_status":"","ping_status":"","sticky":false,"template":"","format":"standard","meta":{"footnotes":""},"categories":[2],"tags":[11,1011,27,2487,2357,12,4594],"class_list":{"0":"post-77270","1":"post","2":"type-post","3":"status-publish","4":"format-standard","5":"has-post-thumbnail","7":"category-actualites","8":"tag-actualites","9":"tag-fr","10":"tag-france","11":"tag-meteo","12":"tag-meteo-france","13":"tag-news","14":"tag-orages"},"share_on_mastodon":{"url":"https:\/\/pubeurope.com\/@fr\/114456582103056566","error":""},"_links":{"self":[{"href":"https:\/\/www.europesays.com\/fr\/wp-json\/wp\/v2\/posts\/77270","targetHints":{"allow":["GET"]}}],"collection":[{"href":"https:\/\/www.europesays.com\/fr\/wp-json\/wp\/v2\/posts"}],"about":[{"href":"https:\/\/www.europesays.com\/fr\/wp-json\/wp\/v2\/types\/post"}],"author":[{"embeddable":true,"href":"https:\/\/www.europesays.com\/fr\/wp-json\/wp\/v2\/users\/2"}],"replies":[{"embeddable":true,"href":"https:\/\/www.europesays.com\/fr\/wp-json\/wp\/v2\/comments?post=77270"}],"version-history":[{"count":0,"href":"https:\/\/www.europesays.com\/fr\/wp-json\/wp\/v2\/posts\/77270\/revisions"}],"wp:featuredmedia":[{"embeddable":true,"href":"https:\/\/www.europesays.com\/fr\/wp-json\/wp\/v2\/media\/74266"}],"wp:attachment":[{"href":"https:\/\/www.europesays.com\/fr\/wp-json\/wp\/v2\/media?parent=77270"}],"wp:term":[{"taxonomy":"category","embeddable":true,"href":"https:\/\/www.europesays.com\/fr\/wp-json\/wp\/v2\/categories?post=77270"},{"taxonomy":"post_tag","embeddable":true,"href":"https:\/\/www.europesays.com\/fr\/wp-json\/wp\/v2\/tags?post=77270"}],"curies":[{"name":"wp","href":"https:\/\/api.w.org\/{rel}","templated":true}]}}