{"id":772715,"date":"2026-03-03T13:43:12","date_gmt":"2026-03-03T13:43:12","guid":{"rendered":"https:\/\/www.europesays.com\/fr\/772715\/"},"modified":"2026-03-03T13:43:12","modified_gmt":"2026-03-03T13:43:12","slug":"nouvelle-execution-prevue-dun-detenu-dans-le-couloir-de-la-mort-depuis-1991-en-floride","status":"publish","type":"post","link":"https:\/\/www.europesays.com\/fr\/772715\/","title":{"rendered":"Nouvelle ex\u00e9cution pr\u00e9vue d\u2019un d\u00e9tenu dans le couloir de la mort depuis\u00a01991 en Floride"},"content":{"rendered":"<p>Un homme de 53 ans reconnu coupable du meurtre d\u2019un policier en\u00a01991 doit \u00eatre ex\u00e9cut\u00e9 mardi soir en <a href=\"https:\/\/www.20minutes.fr\/dossier\/floride\" class=\"c-link c-link--is-underlined\" rel=\"nofollow noopener\" target=\"_blank\">Floride<\/a>, selon le Centre d\u2019information sur la <a href=\"https:\/\/www.20minutes.fr\/monde\/peine-de-mort\/\" class=\"c-link c-link--is-underlined\" rel=\"nofollow noopener\" target=\"_blank\">peine de mort<\/a>. Il s\u2019agira de la cinqui\u00e8me ex\u00e9cution r\u00e9alis\u00e9e aux <a href=\"https:\/\/www.20minutes.fr\/monde\/etats-unis\/\" class=\"c-link c-link--is-underlined\" rel=\"nofollow noopener\" target=\"_blank\">Etats-Unis<\/a> depuis le d\u00e9but de l\u2019ann\u00e9e et de la troisi\u00e8me en Floride. Le pr\u00e9c\u00e9dent date du 25\u00a0f\u00e9vrier, lorsque <a href=\"https:\/\/www.20minutes.fr\/monde\/etats-unis\/4203304-20260225-etats-unis-condamne-mort-execute-floride-apres-pres-quarante-ans-couloir-mort\" class=\"c-link c-link--is-underlined\" rel=\"nofollow noopener\" target=\"_blank\">Melvin Trotter<\/a>, condamn\u00e9 pour un meurtre commis en juin\u00a01986, a \u00e9t\u00e9 ex\u00e9cut\u00e9 par injection l\u00e9tale.<\/p>\n<\/p>\n<p>Billy Kearse doit recevoir une injection l\u00e9tale \u00e0 partir de 18 heures (minuit en France) \u00e0 la prison d\u2019Etat de Floride. Alors \u00e2g\u00e9 de 18 ans, il avait mortellement bless\u00e9 un policier avec l\u2019arme de service de ce dernier lors d\u2019un contr\u00f4le routier en janvier\u00a01991. Condamn\u00e9 une premi\u00e8re fois \u00e0 la peine de mort en\u00a01991, il avait \u00e9t\u00e9 rejug\u00e9 en\u00a01997 et \u00e9cop\u00e9 de nouveau de la peine capitale.<\/p>\n<p>L\u2019an dernier, 19 personnes ont \u00e9t\u00e9 ex\u00e9cut\u00e9es en Floride, plus que dans n\u2019importe quel autre Etat am\u00e9ricain. Le gouverneur r\u00e9publicain Ron DeSantis, auquel revient la responsabilit\u00e9 ultime de signer l\u2019arr\u00eat\u00e9 d\u2019ex\u00e9cution des condamn\u00e9s \u00e0 mort, a supervis\u00e9 plus d\u2019ex\u00e9cutions l\u2019an dernier que tout autre gouverneur de Floride depuis le r\u00e9tablissement de la peine de mort aux Etats-Unis en\u00a01976.<\/p>\n<p>Cinq autres ex\u00e9cutions pr\u00e9vues en mars<\/p>\n<p>Deux autres ex\u00e9cutions sont pour l\u2019instant programm\u00e9es en Floride, les 17 et 31\u00a0mars. Des ex\u00e9cutions sont \u00e9galement pr\u00e9vues en mars au Texas (le 11), en Alabama (le 12) pour un condamn\u00e9 \u00e0 mort aujourd\u2019hui \u00e2g\u00e9 de 75 ans et en Pennsylvanie (le 24) sauf si le gouverneur d\u00e9mocrate Josh Shapiro, hostile \u00e0 la peine de mort, accorde un sursis au condamn\u00e9.<\/p>\n<p>Au total, 47 condamn\u00e9s \u00e0 mort ont \u00e9t\u00e9 <a href=\"https:\/\/www.20minutes.fr\/monde\/4163953-20250716-etats-unis-pays-enregistre-26e-execution-depuis-janvier-floride-place-tete\" class=\"c-link c-link--is-underlined\" rel=\"nofollow noopener\" target=\"_blank\">ex\u00e9cut\u00e9s aux Etats-Unis<\/a> en\u00a02025, soit le plus haut niveau depuis\u00a02009 (52). La peine de mort a \u00e9t\u00e9 abolie dans 23 des 50 Etats am\u00e9ricains.<\/p>\n","protected":false},"excerpt":{"rendered":"Un homme de 53 ans reconnu coupable du meurtre d\u2019un policier en\u00a01991 doit \u00eatre ex\u00e9cut\u00e9 mardi soir en&hellip;\n","protected":false},"author":2,"featured_media":772716,"comment_status":"","ping_status":"","sticky":false,"template":"","format":"standard","meta":{"footnotes":"","_share_on_mastodon":"0"},"categories":[1589],"tags":[47,11,73,1866,6189,5797,74,12,942,1864,1865,1863,308],"class_list":["post-772715","post","type-post","status-publish","format-standard","has-post-thumbnail","category-etats-unis","tag-actualite","tag-actualites","tag-etats-unis","tag-etats-unis-damerique","tag-execution","tag-floride","tag-monde","tag-news","tag-peine-de-mort","tag-united-states","tag-united-states-of-america","tag-us","tag-usa"],"share_on_mastodon":{"url":"https:\/\/pubeurope.com\/@fr\/116165542289519072","error":""},"_links":{"self":[{"href":"https:\/\/www.europesays.com\/fr\/wp-json\/wp\/v2\/posts\/772715","targetHints":{"allow":["GET"]}}],"collection":[{"href":"https:\/\/www.europesays.com\/fr\/wp-json\/wp\/v2\/posts"}],"about":[{"href":"https:\/\/www.europesays.com\/fr\/wp-json\/wp\/v2\/types\/post"}],"author":[{"embeddable":true,"href":"https:\/\/www.europesays.com\/fr\/wp-json\/wp\/v2\/users\/2"}],"replies":[{"embeddable":true,"href":"https:\/\/www.europesays.com\/fr\/wp-json\/wp\/v2\/comments?post=772715"}],"version-history":[{"count":0,"href":"https:\/\/www.europesays.com\/fr\/wp-json\/wp\/v2\/posts\/772715\/revisions"}],"wp:featuredmedia":[{"embeddable":true,"href":"https:\/\/www.europesays.com\/fr\/wp-json\/wp\/v2\/media\/772716"}],"wp:attachment":[{"href":"https:\/\/www.europesays.com\/fr\/wp-json\/wp\/v2\/media?parent=772715"}],"wp:term":[{"taxonomy":"category","embeddable":true,"href":"https:\/\/www.europesays.com\/fr\/wp-json\/wp\/v2\/categories?post=772715"},{"taxonomy":"post_tag","embeddable":true,"href":"https:\/\/www.europesays.com\/fr\/wp-json\/wp\/v2\/tags?post=772715"}],"curies":[{"name":"wp","href":"https:\/\/api.w.org\/{rel}","templated":true}]}}