{"id":77274,"date":"2025-05-05T18:15:11","date_gmt":"2025-05-05T18:15:11","guid":{"rendered":"https:\/\/www.europesays.com\/fr\/77274\/"},"modified":"2025-05-05T18:15:11","modified_gmt":"2025-05-05T18:15:11","slug":"operation-de-gendarmerie-chez-des-gens-du-voyage-au-sud-de-nancy","status":"publish","type":"post","link":"https:\/\/www.europesays.com\/fr\/77274\/","title":{"rendered":"op\u00e9ration de gendarmerie chez des gens du voyage, au sud de Nancy"},"content":{"rendered":"<p>M\u00e9nage de printemps pour la gendarmerie. Depuis le mois de mars, les militaires de la compagnie de Nancy s\u2019invitent en nombre sur les aires d\u2019accueil ou terrains occup\u00e9s par les gens du voyage. Des op\u00e9rations pr\u00e9par\u00e9es et destin\u00e9es \u00e0 traquer les v\u00e9hicules vol\u00e9s et\/ou maquill\u00e9s.<\/p>\n<p>J\u00e9zainville, Rosi\u00e8res-aux-Salines, Pompey, Moncel-sur-Seille\u2026 et Neuves-Maisons, ce lundi 5\u00a0mai. Au bout&#8230;<\/p>\n","protected":false},"excerpt":{"rendered":"M\u00e9nage de printemps pour la gendarmerie. Depuis le mois de mars, les militaires de la compagnie de Nancy&hellip;\n","protected":false},"author":2,"featured_media":77275,"comment_status":"","ping_status":"","sticky":false,"template":"","format":"standard","meta":{"footnotes":""},"categories":[9635],"tags":[1111,11,9848,271,272,1704,1777,674,274,1011,27,775,3457,1702,9847,12,25],"class_list":{"0":"post-77274","1":"post","2":"type-post","3":"status-publish","4":"format-standard","5":"has-post-thumbnail","7":"category-nancy","8":"tag-actu","9":"tag-actualites","10":"tag-cc-moselle-et-madon-54b","11":"tag-crime","12":"tag-delit-et-contravention","13":"tag-edition-nancy-et-agglomeration","14":"tag-eu","15":"tag-europe","16":"tag-faits-divers-justice","17":"tag-fr","18":"tag-france","19":"tag-grand-est","20":"tag-meurthe-et-moselle","21":"tag-nancy","22":"tag-neuves-maisons","23":"tag-news","24":"tag-republique-francaise"},"share_on_mastodon":{"url":"https:\/\/pubeurope.com\/@fr\/114456593943737907","error":""},"_links":{"self":[{"href":"https:\/\/www.europesays.com\/fr\/wp-json\/wp\/v2\/posts\/77274","targetHints":{"allow":["GET"]}}],"collection":[{"href":"https:\/\/www.europesays.com\/fr\/wp-json\/wp\/v2\/posts"}],"about":[{"href":"https:\/\/www.europesays.com\/fr\/wp-json\/wp\/v2\/types\/post"}],"author":[{"embeddable":true,"href":"https:\/\/www.europesays.com\/fr\/wp-json\/wp\/v2\/users\/2"}],"replies":[{"embeddable":true,"href":"https:\/\/www.europesays.com\/fr\/wp-json\/wp\/v2\/comments?post=77274"}],"version-history":[{"count":0,"href":"https:\/\/www.europesays.com\/fr\/wp-json\/wp\/v2\/posts\/77274\/revisions"}],"wp:featuredmedia":[{"embeddable":true,"href":"https:\/\/www.europesays.com\/fr\/wp-json\/wp\/v2\/media\/77275"}],"wp:attachment":[{"href":"https:\/\/www.europesays.com\/fr\/wp-json\/wp\/v2\/media?parent=77274"}],"wp:term":[{"taxonomy":"category","embeddable":true,"href":"https:\/\/www.europesays.com\/fr\/wp-json\/wp\/v2\/categories?post=77274"},{"taxonomy":"post_tag","embeddable":true,"href":"https:\/\/www.europesays.com\/fr\/wp-json\/wp\/v2\/tags?post=77274"}],"curies":[{"name":"wp","href":"https:\/\/api.w.org\/{rel}","templated":true}]}}