{"id":77278,"date":"2025-05-05T18:17:11","date_gmt":"2025-05-05T18:17:11","guid":{"rendered":"https:\/\/www.europesays.com\/fr\/77278\/"},"modified":"2025-05-05T18:17:11","modified_gmt":"2025-05-05T18:17:11","slug":"a-la-garde-dans-la-peau-du-jury-du-festival-de-cannes","status":"publish","type":"post","link":"https:\/\/www.europesays.com\/fr\/77278\/","title":{"rendered":"\u00c0 La Garde, dans la peau du jury du Festival de Cannes"},"content":{"rendered":"<p>                    <img loading=\"lazy\" decoding=\"async\" src=\"https:\/\/www.europesays.com\/fr\/wp-content\/uploads\/2025\/05\/8b5da168e534f66e7a4eee5770ccb0.jpg\" class=\"img-responsive post-image\" width=\"680\" height=\"510\" alt=\"\u00c0 La Garde, dans la (\u2026)\" title=\"\u00c0 La Garde, dans la peau du jury du Festival de Cannes\"\/><\/p>\n<p class=\"chapo\">Chaque ann\u00e9e, une collaboration entre le minist\u00e8re de l\u2019\u00c9ducation nationale et l\u2019Acad\u00e9mie des Arts et Techniques du Cin\u00e9ma offre aux jeunes g\u00e9n\u00e9rations l\u2019occasion de s\u2019immerger dans le monde fascinant du cin\u00e9ma.<\/p>\n<p>Avec le C\u00e9sar des Lyc\u00e9ens, les \u00e9l\u00e8ves de terminale du Lyc\u00e9e du Coudon ont pu d\u00e9couvrir les cinq films favoris des C\u00e9sars 2025, choisis pour leur qualit\u00e9 artistique et leur impact culturel. Ils ont ainsi pris part \u00e0 une exp\u00e9rience unique en votant pour le film qu\u2019ils estiment \u00eatre le meilleur.<br class=\"texte\"\/><br \/>\nAnn\u00e9e apr\u00e8s ann\u00e9e, le C\u00e9sar des Lyc\u00e9ens ouvre des portes aux jeunes g\u00e9n\u00e9rations, leur permettant d\u2019explorer l\u2019art cin\u00e9matographique sous un angle \u00e0 la fois ludique et formateur.<\/p>\n<p>UNIVERS DU CIN\u00c9MA<\/p>\n<p>D\u00e9but mars, les \u00e9l\u00e8ves de terminale, option cin\u00e9ma audiovisuel, ont particip\u00e9 au vote tant attendu. En amont de cet \u00e9v\u00e9nement, les lyc\u00e9ens ont visionn\u00e9 les films en comp\u00e9tition et se sont plong\u00e9s dans un travail d\u2019analyse approfondi. Ainsi, des projets ont \u00e9t\u00e9 r\u00e9alis\u00e9s tels que des teasers de pr\u00e9sentation des films, des podcasts d\u2019analyses et de critiques, permettant \u00e0 chaque \u00e9l\u00e8ve d\u2019exprimer son opinion et de d\u00e9velopper ses comp\u00e9tences critiques.<br class=\"autobr\"\/><br \/>\nLes \u00e9l\u00e8ves ont choisi de r\u00e9compenser \u00ab\u00a0 Le Comte de Monte-Cristo\u00a0\u00bb, un film qui les a particuli\u00e8rement marqu\u00e9s.<br class=\"autobr\"\/><br \/>\n<strong>Blanche<\/strong>, une \u00e9l\u00e8ve de terminale, explique\u00a0: \u00ab\u00a0 J\u2019ai choisi ce film car j\u2019ai \u00e9norm\u00e9ment appr\u00e9ci\u00e9 la bande-son, les d\u00e9cors et les paysages. L\u2019\u00e9poque a \u00e9t\u00e9 tr\u00e8s bien retranscrite gr\u00e2ce au travail des costumes. L\u2019histoire \u00e9tait captivante et m\u2019a tenue en haleine jusqu\u2019\u00e0 la fin\u00a0! La distribution \u00e9tait aussi exceptionnelle. Pierre Niney en t\u00eate d\u2019affiche, mais aussi d\u2019autres com\u00e9diens moins connus mais tout aussi talentueux\u00a0! Cette adaptation cin\u00e9matographique du roman est, pour moi, une r\u00e9ussite\u00a0\u00bb.<br class=\"autobr\"\/><br \/>\nLa jeune femme a \u00e9galement \u00e9t\u00e9 s\u00e9duite par Mis\u00e9ricorde, un film aux tonalit\u00e9s d\u00e9cal\u00e9es, qui l\u2019a beaucoup amus\u00e9e. \u00ab\u00a0Ce long-m\u00e9trage n\u2019a rien \u00e0 voir avec mon premier choix mais le c\u00f4t\u00e9 humoristique et burlesque du huis-clos dans un village m\u2019a interpell\u00e9e\u00a0\u00bb.<\/p>\n<p>LIEN PLUS FORT<\/p>\n<p>Ce projet, port\u00e9 par les professeurs de cin\u00e9ma <strong>Mme\u00a0Giannoni et Mme\u00a0Colangelo<\/strong>, vise \u00e0 sensibiliser les jeunes \u00e0 l\u2019importance de la culture cin\u00e9matographique. Il les invite \u00e0 r\u00e9fl\u00e9chir sur les th\u00e8mes abord\u00e9s dans les films, \u00e0 analyser la mise en sc\u00e8ne, \u00e0 observer les performances des acteurs et \u00e0 d\u00e9crypter les messages v\u00e9hicul\u00e9s par ces \u0153uvres. Ainsi, les \u00e9l\u00e8ves enrichissent leur r\u00e9flexion tout en d\u00e9veloppant une appr\u00e9ciation plus fine et nuanc\u00e9e du cin\u00e9ma.<br class=\"autobr\"\/><br \/>\nAu-del\u00e0 du simple vote, ce projet leur permet de tisser un lien plus fort avec la culture cin\u00e9matographique, en leur offrant une exp\u00e9rience enrichissante et participative. En se mettant dans la peau d\u2019un jury du Festival de Cannes, les \u00e9l\u00e8ves d\u00e9couvrent le processus de s\u00e9lection et de reconnaissance d\u2019une \u0153uvre cin\u00e9matographique. Ce projet leur offre une occasion unique de d\u00e9velopper leur esprit critique et leur sensibilit\u00e9 artistique.<\/p>\n<p><strong>Les films en comp\u00e9tition pour le C\u00e9sar des Lyc\u00e9ens 2025 <\/strong> <br class=\"autobr\"\/><br \/>\nLe Comte de Monte-Cristo,<br class=\"autobr\"\/><br \/>\nEmilia P\u00e9rez,<br class=\"autobr\"\/><br \/>\nEn Fanfare,<br class=\"autobr\"\/><br \/>\nL\u2019Histoire de Souleymane,<br class=\"autobr\"\/><br \/>\nMis\u00e9ricorde.<\/p>\n<p>Photo de Une \u00a9PRESSE AGENCE<\/p>\n","protected":false},"excerpt":{"rendered":"Chaque ann\u00e9e, une collaboration entre le minist\u00e8re de l\u2019\u00c9ducation nationale et l\u2019Acad\u00e9mie des Arts et Techniques du Cin\u00e9ma&hellip;\n","protected":false},"author":2,"featured_media":77279,"comment_status":"","ping_status":"","sticky":false,"template":"","format":"standard","meta":{"footnotes":""},"categories":[9619],"tags":[1111,11,2408,1777,674,1011,27,12,882,25,2310],"class_list":{"0":"post-77278","1":"post","2":"type-post","3":"status-publish","4":"format-standard","5":"has-post-thumbnail","7":"category-toulon","8":"tag-actu","9":"tag-actualites","10":"tag-appels-d","11":"tag-eu","12":"tag-europe","13":"tag-fr","14":"tag-france","15":"tag-news","16":"tag-provence-alpes-cote-dazur","17":"tag-republique-francaise","18":"tag-toulon"},"share_on_mastodon":{"url":"https:\/\/pubeurope.com\/@fr\/114456601755407010","error":""},"_links":{"self":[{"href":"https:\/\/www.europesays.com\/fr\/wp-json\/wp\/v2\/posts\/77278","targetHints":{"allow":["GET"]}}],"collection":[{"href":"https:\/\/www.europesays.com\/fr\/wp-json\/wp\/v2\/posts"}],"about":[{"href":"https:\/\/www.europesays.com\/fr\/wp-json\/wp\/v2\/types\/post"}],"author":[{"embeddable":true,"href":"https:\/\/www.europesays.com\/fr\/wp-json\/wp\/v2\/users\/2"}],"replies":[{"embeddable":true,"href":"https:\/\/www.europesays.com\/fr\/wp-json\/wp\/v2\/comments?post=77278"}],"version-history":[{"count":0,"href":"https:\/\/www.europesays.com\/fr\/wp-json\/wp\/v2\/posts\/77278\/revisions"}],"wp:featuredmedia":[{"embeddable":true,"href":"https:\/\/www.europesays.com\/fr\/wp-json\/wp\/v2\/media\/77279"}],"wp:attachment":[{"href":"https:\/\/www.europesays.com\/fr\/wp-json\/wp\/v2\/media?parent=77278"}],"wp:term":[{"taxonomy":"category","embeddable":true,"href":"https:\/\/www.europesays.com\/fr\/wp-json\/wp\/v2\/categories?post=77278"},{"taxonomy":"post_tag","embeddable":true,"href":"https:\/\/www.europesays.com\/fr\/wp-json\/wp\/v2\/tags?post=77278"}],"curies":[{"name":"wp","href":"https:\/\/api.w.org\/{rel}","templated":true}]}}