{"id":772790,"date":"2026-03-03T14:30:18","date_gmt":"2026-03-03T14:30:18","guid":{"rendered":"https:\/\/www.europesays.com\/fr\/772790\/"},"modified":"2026-03-03T14:30:18","modified_gmt":"2026-03-03T14:30:18","slug":"a-strasbourg-le-monoprix-de-la-place-kleber-rouvre-ce-jeudi","status":"publish","type":"post","link":"https:\/\/www.europesays.com\/fr\/772790\/","title":{"rendered":"\u00e0 Strasbourg, le Monoprix de la place Kl\u00e9ber rouvre ce jeudi !"},"content":{"rendered":"<p>    <img loading=\"lazy\" width=\"1800\" height=\"900\" src=\"https:\/\/www.europesays.com\/fr\/wp-content\/uploads\/2025\/11\/jeanne-callthepolice.jpg\" class=\"attachment-full size-full\" alt=\"\" id=\"imageLove\" decoding=\"async\"  \/><\/p>\n<p id=\"breadcrumbs\"><a href=\"https:\/\/pokaa.fr\/\" rel=\"nofollow noopener\" target=\"_blank\">Accueil<\/a> \/ <a href=\"https:\/\/pokaa.fr\/actu\/\" rel=\"nofollow noopener\" target=\"_blank\">Info locale<\/a> \/ Apr\u00e8s l\u2019inondation : \u00e0 Strasbourg, le Monoprix de la place Kl\u00e9ber rouvre ce jeudi !<\/p>\n<p>                    Info locale<\/p>\n<p><strong>Apr\u00e8s quasiment deux mois de fermeture \u00e0 la suite d\u2019une s\u00e9v\u00e8re inondation le 9 janvier, le Monoprix de la place Kl\u00e9ber va rouvrir dans les prochains jours. Selon la direction de la communication de Casino, le magasin accueillera \u00e0 nouveau les Strasbourgeois(es) le jeudi 5 mars.\u00a0<\/strong><\/p>\n<p>La fin de presque deux mois compliqu\u00e9s pour le Monoprix de la place Kl\u00e9ber. <strong>Le 9 janvier dernier, les Strasbourgeois(es) et client(e)s faisaient face \u00e0 des portes closes<\/strong>.<\/p>\n<p>Et pour cause : <strong>\u00e0 la suite d\u2019une grosse inondation li\u00e9e aux intemp\u00e9ries du 8 janvier et d\u2019un d\u00e9faut du circuit incendie, le magasin \u00e9tait depuis ferm\u00e9 pour une dur\u00e9e ind\u00e9termin\u00e9e<\/strong>.<\/p>\n<p>                <a href=\"https:\/\/pokaa.fr\/2026\/01\/09\/strasbourg-le-monoprix-de-la-place-kleber-inonde-et-ferme-pour-une-duree-indeterminee\/\" rel=\"nofollow noopener\" target=\"_blank\"><br \/>\n                    <img width=\"450\" height=\"270\" src=\"https:\/\/www.europesays.com\/fr\/wp-content\/uploads\/2026\/03\/img-5245-450x270.jpeg\" class=\"attachment-card-horizontal--same-subject size-card-horizontal--same-subject wp-post-image\" alt=\"\" decoding=\"async\" loading=\"lazy\"\/>                <\/a><\/p>\n<p>Une r\u00e9ouverture pr\u00e9vue le jeudi 5 mars<\/p>\n<p>Une fermeture qui touche tr\u00e8s bient\u00f4t \u00e0 sa fin. Ayant contact\u00e9 par courriel le 27 f\u00e9vrier la direction de la communication de Casino, propri\u00e9taire du magasin, <strong>celle-ci nous a inform\u00e9 ce 3 mars \u00e0 12h30 que le magasin rouvrirait ses portes le jeudi 5 mars<\/strong>.<\/p>\n<p>La direction de la communication pr\u00e9cise \u00e9galement qu\u2019\u00ab une communication sur les vitrines ainsi qu\u2019\u00e0 nos clients encart\u00e9s (cartes de fid\u00e9lit\u00e9) est pr\u00e9vue \u00bb.<\/p>\n","protected":false},"excerpt":{"rendered":"Accueil \/ Info locale \/ Apr\u00e8s l\u2019inondation : \u00e0 Strasbourg, le Monoprix de la place Kl\u00e9ber rouvre ce&hellip;\n","protected":false},"author":2,"featured_media":772791,"comment_status":"","ping_status":"","sticky":false,"template":"","format":"standard","meta":{"footnotes":"","_share_on_mastodon":"0"},"categories":[2820],"tags":[1111,917,11,18579,1777,674,1011,27,775,34256,12,42445,25,640,58524],"class_list":["post-772790","post","type-post","status-publish","format-standard","has-post-thumbnail","category-strasbourg","tag-actu","tag-actu-locale","tag-actualites","tag-en-direct","tag-eu","tag-europe","tag-fr","tag-france","tag-grand-est","tag-monoprix","tag-news","tag-place-kleber","tag-republique-francaise","tag-strasbourg","tag-strasbourg-actualite"],"share_on_mastodon":{"url":"https:\/\/pubeurope.com\/@fr\/116165727562426306","error":""},"_links":{"self":[{"href":"https:\/\/www.europesays.com\/fr\/wp-json\/wp\/v2\/posts\/772790","targetHints":{"allow":["GET"]}}],"collection":[{"href":"https:\/\/www.europesays.com\/fr\/wp-json\/wp\/v2\/posts"}],"about":[{"href":"https:\/\/www.europesays.com\/fr\/wp-json\/wp\/v2\/types\/post"}],"author":[{"embeddable":true,"href":"https:\/\/www.europesays.com\/fr\/wp-json\/wp\/v2\/users\/2"}],"replies":[{"embeddable":true,"href":"https:\/\/www.europesays.com\/fr\/wp-json\/wp\/v2\/comments?post=772790"}],"version-history":[{"count":0,"href":"https:\/\/www.europesays.com\/fr\/wp-json\/wp\/v2\/posts\/772790\/revisions"}],"wp:featuredmedia":[{"embeddable":true,"href":"https:\/\/www.europesays.com\/fr\/wp-json\/wp\/v2\/media\/772791"}],"wp:attachment":[{"href":"https:\/\/www.europesays.com\/fr\/wp-json\/wp\/v2\/media?parent=772790"}],"wp:term":[{"taxonomy":"category","embeddable":true,"href":"https:\/\/www.europesays.com\/fr\/wp-json\/wp\/v2\/categories?post=772790"},{"taxonomy":"post_tag","embeddable":true,"href":"https:\/\/www.europesays.com\/fr\/wp-json\/wp\/v2\/tags?post=772790"}],"curies":[{"name":"wp","href":"https:\/\/api.w.org\/{rel}","templated":true}]}}