{"id":77326,"date":"2025-05-05T18:42:30","date_gmt":"2025-05-05T18:42:30","guid":{"rendered":"https:\/\/www.europesays.com\/fr\/77326\/"},"modified":"2025-05-05T18:42:30","modified_gmt":"2025-05-05T18:42:30","slug":"metropole-de-lyon-invite-par-les-bad-gones-pierre-oliver-mouille-le-maillot-au-stade","status":"publish","type":"post","link":"https:\/\/www.europesays.com\/fr\/77326\/","title":{"rendered":"M\u00e9tropole de Lyon. \u00ab\u00a0Invit\u00e9 par les Bad Gones\u00a0\u00bb, Pierre Oliver mouille le maillot au stade"},"content":{"rendered":"<p>Non, <a href=\"https:\/\/www.leprogres.fr\/p\/jean-michel-aulas\" target=\"_blank\" rel=\"noopener\">Jean-Michel Aulas<\/a>, candidat putatif aux prochaines municipales n\u2019est pas le seul \u00e0 pouvoir se parer des couleurs de l\u2019Olympique Lyonnais dont il a \u00e9t\u00e9 le pr\u00e9sident pendant 36 ans.\u00a0<a href=\"https:\/\/www.leprogres.fr\/p\/pierre-oliver\" target=\"_blank\" rel=\"noopener\">Pierre Oliver<\/a> (LR), <a href=\"https:\/\/www.leprogres.fr\/politique\/2025\/03\/24\/pierre-oliver-candidat-aux-municipales-2026-en-terminer-avec-cette-experience-ecologiste\" target=\"_blank\" rel=\"noopener\">candidat d\u00e9clar\u00e9 \u00e0 la mairie de Lyon<\/a> et vrai supporter, le maillot du club sous le costume, s\u2019est pay\u00e9 le luxe de parler au micro, au <a href=\"https:\/\/www.leprogres.fr\/p\/groupama-stadium\" target=\"_blank\" rel=\"noopener\">Groupama Stadium<\/a> de D\u00e9cines-Charpieu, ce dimanche 4\u00a0mai, lors de la mi-temps OL-Lens.<\/p>\n<p>  \u00ab Honor\u00e9 ceux qui ont aid\u00e9 notre pays\u00a0\u00bb<\/p>\n<p>Flanqu\u00e9 de Jean-St\u00e9phane Chaillet, son 1er adjoint \u00e0 la S\u00e9curit\u00e9 \u00e0 la mairie du 2e\u00a0 d\u2019arrondissement et de Bastien Joint, conseiller municipal (LR) \u00e0 Caluire-et-Cuire et d\u00e9l\u00e9gu\u00e9 g\u00e9n\u00e9ral adjoint du Souvenir Fran\u00e7ais dans le Rh\u00f4ne, l\u2019\u00e9lu a \u00ab\u00a0honor\u00e9 ceux qui ont aid\u00e9 notre pays\u00a0\u00bb.<\/p>\n<p>\u00c0 quelques jours du 80e anniversaire du 8\u00a0mai 1945, les Bad Gones et le Kop Virage Nord ont d\u00e9ploy\u00e9 <a href=\"https:\/\/www.leprogres.fr\/sport\/2025\/05\/04\/groupama-stadium-une-banderole-qui-fait-debat\" target=\"_blank\" rel=\"noopener\"> une immense banderole \u00e0 l\u2019effigie de soldats fran\u00e7ais<\/a> au fil du temps, sous-titr\u00e9 de \u00ab\u00a0Mon petit c\u0153ur, lui, restera fran\u00e7ais\u00a0\u00bb, l\u2019une des paroles de La Strasbourgeoise.<\/p>\n<p>  \u00ab\u00a0Invit\u00e9 par les Bad Gones\u00a0\u00bb<\/p>\n<p>Contact\u00e9 ce lundi par Le Progr\u00e8s, Pierre Oliver explique avoir \u00ab\u00a0\u00e9t\u00e9 invit\u00e9 par les Bad Gones\u00a0\u00bb, une association de supporters dont \u00ab\u00a0Jean-St\u00e9phane Chaillet est proche\u00a0\u00bb. Apr\u00e8s avoir fait scander le message \u00ab\u00a0Lyonnais\u00a0\u00bb, Pierre Oliver a conclu son propos par une pirouette\u00a0: \u00ab\u00a0Vous comme moi, on a un adversaire commun, c\u2019est les Verts\u00a0!\u00a0\u00bb, recueillant des applaudissements. Le tout, en pr\u00e9sence du maire \u00e9cologiste de Lyon, assis dans la tribune pr\u00e9sidentielle.<\/p>\n<p>Qu\u2019a pens\u00e9 <a href=\"https:\/\/www.leprogres.fr\/p\/gregory-doucet\" target=\"_blank\" rel=\"noopener\">Gr\u00e9gory Doucet<\/a> de la sortie peu am\u00e8ne du chef de file de son opposition au conseil municipal de Lyon\u00a0? \u00ab\u00a0Sans commentaire\u00a0\u00bb a r\u00e9agi son entourage, contact\u00e9 \u00e9galement ce lundi.<\/p>\n","protected":false},"excerpt":{"rendered":"Non, Jean-Michel Aulas, candidat putatif aux prochaines municipales n\u2019est pas le seul \u00e0 pouvoir se parer des couleurs&hellip;\n","protected":false},"author":2,"featured_media":77327,"comment_status":"","ping_status":"","sticky":false,"template":"","format":"standard","meta":{"footnotes":""},"categories":[1889],"tags":[1111,11,2430,4624,3152,2757,1777,674,107,1011,27,1757,3539,6319,2428,12353,12,2755,18283,316,25,2429,3151],"class_list":{"0":"post-77326","1":"post","2":"type-post","3":"status-publish","4":"format-standard","5":"has-post-thumbnail","7":"category-lyon","8":"tag-actu","9":"tag-actualites","10":"tag-auvergne-rhone-alpes","11":"tag-decines-charpieu","12":"tag-edition-est-lyonnais","13":"tag-edition-lyon-villeurbanne","14":"tag-eu","15":"tag-europe","16":"tag-fil-info","17":"tag-fr","18":"tag-france","19":"tag-insolite","20":"tag-les-ecologistes","21":"tag-les-republicains","22":"tag-lyon","23":"tag-lyon-2e-arrondissement","24":"tag-news","25":"tag-ol-olympique-lyonnais-football","26":"tag-plaine-de-lest","27":"tag-politique","28":"tag-republique-francaise","29":"tag-rhone","30":"tag-selection-de-la-redaction-69"},"share_on_mastodon":{"url":"https:\/\/pubeurope.com\/@fr\/114456700103506874","error":""},"_links":{"self":[{"href":"https:\/\/www.europesays.com\/fr\/wp-json\/wp\/v2\/posts\/77326","targetHints":{"allow":["GET"]}}],"collection":[{"href":"https:\/\/www.europesays.com\/fr\/wp-json\/wp\/v2\/posts"}],"about":[{"href":"https:\/\/www.europesays.com\/fr\/wp-json\/wp\/v2\/types\/post"}],"author":[{"embeddable":true,"href":"https:\/\/www.europesays.com\/fr\/wp-json\/wp\/v2\/users\/2"}],"replies":[{"embeddable":true,"href":"https:\/\/www.europesays.com\/fr\/wp-json\/wp\/v2\/comments?post=77326"}],"version-history":[{"count":0,"href":"https:\/\/www.europesays.com\/fr\/wp-json\/wp\/v2\/posts\/77326\/revisions"}],"wp:featuredmedia":[{"embeddable":true,"href":"https:\/\/www.europesays.com\/fr\/wp-json\/wp\/v2\/media\/77327"}],"wp:attachment":[{"href":"https:\/\/www.europesays.com\/fr\/wp-json\/wp\/v2\/media?parent=77326"}],"wp:term":[{"taxonomy":"category","embeddable":true,"href":"https:\/\/www.europesays.com\/fr\/wp-json\/wp\/v2\/categories?post=77326"},{"taxonomy":"post_tag","embeddable":true,"href":"https:\/\/www.europesays.com\/fr\/wp-json\/wp\/v2\/tags?post=77326"}],"curies":[{"name":"wp","href":"https:\/\/api.w.org\/{rel}","templated":true}]}}