{"id":77338,"date":"2025-05-05T18:48:09","date_gmt":"2025-05-05T18:48:09","guid":{"rendered":"https:\/\/www.europesays.com\/fr\/77338\/"},"modified":"2025-05-05T18:48:09","modified_gmt":"2025-05-05T18:48:09","slug":"paris-la-propulse-sur-le-devant-de-la-scene-luis-fernandez-raconte-son-mikel-arteta-avant-psg-arsenal","status":"publish","type":"post","link":"https:\/\/www.europesays.com\/fr\/77338\/","title":{"rendered":"\u00ab\u00a0Paris l\u2019a propuls\u00e9 sur le devant de la sc\u00e8ne\u00a0\u00bb\u00a0: Luis Fernandez raconte son Mikel Arteta avant PSG-Arsenal"},"content":{"rendered":"<p class=\"paragraph text_align_left\">D\u00e9barqu\u00e9 \u00e0 18 ans, le milieu de terrain espagnol a fait ses d\u00e9buts en professionnel dans le club de la capitale et s\u2019est r\u00e9v\u00e9l\u00e9 sous les ordres de Luis Fernandez, \u00e0 l\u2019origine de sa venue en pr\u00eat en provenance du FC Barcelone. L\u2019ancien entra\u00eeneur du club parisien garde une profonde affection pour son ancien prot\u00e9g\u00e9 et retrace, avec plaisir, leur aventure commune. Il esp\u00e8re profiter de la pr\u00e9sence des <a href=\"https:\/\/www.leparisien.fr\/sports\/football\/rage-colere-frustration-arteta-bouscule-ses-joueurs-defaits-a-bournemouth-a-quatre-jours-de-psg-arsenal-04-05-2025-3VYAL4QJKJFVJAY5ZME2G44VKE.php\" target=\"_blank\" rel=\"nofollow noopener\">Gunners<\/a> \u00e0 Paris pour recroiser celui qui est devenu un technicien de haut niveau.<\/p>\n","protected":false},"excerpt":{"rendered":"D\u00e9barqu\u00e9 \u00e0 18 ans, le milieu de terrain espagnol a fait ses d\u00e9buts en professionnel dans le club&hellip;\n","protected":false},"author":2,"featured_media":77339,"comment_status":"","ping_status":"","sticky":false,"template":"","format":"standard","meta":{"footnotes":""},"categories":[1888],"tags":[11,1777,674,63,1011,27,447,12,626,25,60],"class_list":{"0":"post-77338","1":"post","2":"type-post","3":"status-publish","4":"format-standard","5":"has-post-thumbnail","7":"category-paris","8":"tag-actualites","9":"tag-eu","10":"tag-europe","11":"tag-football","12":"tag-fr","13":"tag-france","14":"tag-ligue-des-champions","15":"tag-news","16":"tag-paris","17":"tag-republique-francaise","18":"tag-sports"},"share_on_mastodon":{"url":"https:\/\/pubeurope.com\/@fr\/114456723671495743","error":""},"_links":{"self":[{"href":"https:\/\/www.europesays.com\/fr\/wp-json\/wp\/v2\/posts\/77338","targetHints":{"allow":["GET"]}}],"collection":[{"href":"https:\/\/www.europesays.com\/fr\/wp-json\/wp\/v2\/posts"}],"about":[{"href":"https:\/\/www.europesays.com\/fr\/wp-json\/wp\/v2\/types\/post"}],"author":[{"embeddable":true,"href":"https:\/\/www.europesays.com\/fr\/wp-json\/wp\/v2\/users\/2"}],"replies":[{"embeddable":true,"href":"https:\/\/www.europesays.com\/fr\/wp-json\/wp\/v2\/comments?post=77338"}],"version-history":[{"count":0,"href":"https:\/\/www.europesays.com\/fr\/wp-json\/wp\/v2\/posts\/77338\/revisions"}],"wp:featuredmedia":[{"embeddable":true,"href":"https:\/\/www.europesays.com\/fr\/wp-json\/wp\/v2\/media\/77339"}],"wp:attachment":[{"href":"https:\/\/www.europesays.com\/fr\/wp-json\/wp\/v2\/media?parent=77338"}],"wp:term":[{"taxonomy":"category","embeddable":true,"href":"https:\/\/www.europesays.com\/fr\/wp-json\/wp\/v2\/categories?post=77338"},{"taxonomy":"post_tag","embeddable":true,"href":"https:\/\/www.europesays.com\/fr\/wp-json\/wp\/v2\/tags?post=77338"}],"curies":[{"name":"wp","href":"https:\/\/api.w.org\/{rel}","templated":true}]}}