{"id":77346,"date":"2025-05-05T18:52:15","date_gmt":"2025-05-05T18:52:15","guid":{"rendered":"https:\/\/www.europesays.com\/fr\/77346\/"},"modified":"2025-05-05T18:52:15","modified_gmt":"2025-05-05T18:52:15","slug":"aneanti-le-prince-harry-pose-ses-conditions-pour-se-reconcilier-avec-sa-famille","status":"publish","type":"post","link":"https:\/\/www.europesays.com\/fr\/77346\/","title":{"rendered":"\u00ab\u00a0An\u00e9anti\u00a0\u00bb, le Prince Harry pose ses conditions pour se r\u00e9concilier avec sa famille"},"content":{"rendered":"<p class=\"ap-StoryElement ap-StoryElement--mb js-paywall-target ap-StoryText\">L&rsquo;affaire d\u00e9bute en janvier 2020. Harry et son \u00e9pouse <a href=\"https:\/\/www.lalibre.be\/lifestyle\/people\/2025\/04\/23\/pourquoi-meghan-markle-a-du-changer-le-nom-de-sa-marque-de-lifestyle-VBFYIRLFUBDBNMJQVQDLQYDARE\/\" target=\"_blank\" rel=\"noopener\">Meghan<\/a> annoncent vouloir se \u00ab\u00a0placer en retrait pour ne plus \u00eatre des membres \u00ab\u00a0majeurs\u00a0\u00bb de la famille royale et travailler pour devenir financi\u00e8rement ind\u00e9pendants, tout en continuant \u00e0 soutenir enti\u00e8rement sa majest\u00e9 la reine\u00a0\u00bb afin de pr\u00e9server leur vie priv\u00e9e. Pour cela, ils d\u00e9cident de d\u00e9m\u00e9nager en Am\u00e9rique du Nord. Avant leur d\u00e9part, ils apprennent qu&rsquo;ils perdront l&rsquo;usage de leur titre d&rsquo;altesse royale, leur aide financi\u00e8re et la s\u00e9curit\u00e9 polici\u00e8re permanente dont ils b\u00e9n\u00e9ficiaient, qui sera \u00e9valu\u00e9e au cas par cas lors de leurs venues au Royaume-Uni.<\/p>\n<p class=\"ap-StoryElement ap-StoryElement--mb ap-StoryText\">\u00ab\u00a0J&rsquo;\u00e9tais class\u00e9 comme le membre de la famille royale contre qui le plus grand risque existait, loin m\u00eame devant ma grand-m\u00e8re\u00a0\u00bb, assure-t-il. \u00ab\u00a0Du jour au lendemain, j&rsquo;ai \u00e9t\u00e9 d\u00e9class\u00e9 comme celui contre qui le risque \u00e9tait le plus faible. Toute une liste de risques et de menaces \u00e9tait connue, qui n&rsquo;a fait qu&rsquo;augmenter au fil du temps, y compris venue d&rsquo;Al-Qa\u00efda. Mais tout cela a \u00e9t\u00e9 compl\u00e8tement ignor\u00e9.\u00a0\u00bb Ancien <a href=\"https:\/\/www.lalibre.be\/belgique\/politique-belge\/2025\/05\/05\/les-militaires-en-colere-contre-les-mesures-de-larizona-cette-reforme-nest-pas-bonne-elle-coutera-4-milliards-deuros-PL44MSYXDNC4DG7LOHCKE6ABJE\/\" target=\"_blank\" rel=\"noopener\">militaire<\/a> ayant servi pendant la guerre en Afghanistan, il avait expliqu\u00e9 dans son autobiographie parue il y a deux ans y avoir tu\u00e9 vingt-cinq talibans. Une mention gu\u00e8re subtile pour quelqu&rsquo;un d\u00e9j\u00e0 consid\u00e9r\u00e9 comme une potentielle cible de choix pour des terroristes\u2026<\/p>\n<p><a href=\"https:\/\/www.lalibre.be\/lifestyle\/people\/2024\/12\/06\/le-prince-harry-pret-a-quitter-les-etats-unis-suite-a-lelection-de-donald-trump-cest-la-vie-que-ma-mere-voulait-pour-moi-DNBKDGRMUVH3HJ2OIOF5G4L45I\/\" target=\"_blank\" rel=\"noopener noreferrer\" class=\"ap-StoryInterstitialLink ap-StoryElement ap-StoryElement--mb\">Le prince Harry pr\u00eat \u00e0 quitter les \u00c9tats-Unis suite \u00e0 l&rsquo;\u00e9lection de Donald Trump ? \u00ab\u00a0C&rsquo;est la vie que ma m\u00e8re voulait pour moi\u00a0\u00bb<\/a>Guerre ouverte avec les tablo\u00efds<\/p>\n<p class=\"ap-StoryElement ap-StoryElement--mb ap-StoryText\">Depuis, les tablo\u00efds britanniques se d\u00e9cha\u00eenent contre Harry et son \u00e9pouse. Ils leur en veulent d&rsquo;avoir quitt\u00e9 la famille royale et de l&rsquo;avoir tra\u00een\u00e9e dans la boue contre le versement de 110 millions par <a href=\"https:\/\/www.lalibre.be\/culture\/cinema\/2025\/05\/02\/ravage-tom-hardy-joue-les-flics-ripoux-sur-netflix-R6SBNDVSDBBMJCWT6NCVBDLBMI\/\" target=\"_blank\" rel=\"noopener\">Netflix<\/a> pour la r\u00e9alisation de documentaires sur leur relation et 22 millions pour son livre. Mais aussi d&rsquo;avoir poursuivi plusieurs d&rsquo;entre eux en justice pour les avoir espionn\u00e9s.<\/p>\n<p class=\"ap-StoryElement ap-StoryElement--mb ap-StoryText\">Le duc et la duchesse de Sussex, leur titre officiel, ne sont pas \u00e0 plaindre. Les contrats sign\u00e9s pour leurs documentaires, leurs podcasts et son livre leur permettent de vivre luxueusement dans une maison de la c\u00f4te <a href=\"https:\/\/www.lalibre.be\/international\/amerique\/2025\/04\/16\/il-na-pas-le-pouvoir-unilateral-de-bouleverser-radicalement-le-paysage-economique-du-pays-la-californie-serige-contre-donald-trump-IH3Z7EKHJVGDVCFNJVH4J2QMEE\/\" target=\"_blank\" rel=\"noopener\">californienne<\/a>, entour\u00e9s de vedettes et de richissimes voisins, dans une zone \u00e9pargn\u00e9e par les incendies de cet hiver. Mais pour la premi\u00e8re fois Harry a laiss\u00e9 entendre qu&rsquo;il \u00e9tait triste suite \u00e0 sa rupture avec sa famille. \u00ab\u00a0Il y a eu tellement de d\u00e9saccords, de diff\u00e9rends entre moi et certains membres de ma famille. [\u2026] Bien s\u00fbr, certains membres de ma famille ne me pardonneront jamais d&rsquo;avoir \u00e9crit un livre, bien s\u00fbr ils ne me pardonneront jamais beaucoup de choses, mais\u2026 j&rsquo;aimerais me r\u00e9concilier avec ma famille. Cela ne sert \u00e0 rien de continuer \u00e0 se battre. La vie est pr\u00e9cieuse. Je ne sais pas combien de temps il reste \u00e0 vivre \u00e0 mon p\u00e8re. Il ne veut pas me parler \u00e0 cause de cette histoire de s\u00e9curit\u00e9. Mais ce serait bien de se r\u00e9concilier.\u00a0\u00bb<\/p>\n<p><a href=\"https:\/\/www.lalibre.be\/lifestyle\/people\/2025\/05\/05\/stephane-bern-contredit-le-prince-harry-et-evoque-une-autre-raison-pour-laquelle-le-roi-charles-ne-parle-plus-a-son-fils-IRGPKSRVVRCMVDBUZWBXF4NMLU\/\" target=\"_blank\" rel=\"noopener noreferrer\" class=\"ap-StoryInterstitialLink ap-StoryElement ap-StoryElement--mb\">St\u00e9phane Bern contredit le prince Harry et \u00e9voque une autre raison \u00ab\u00a0pour laquelle le roi Charles ne parle plus \u00e0 son fils\u00a0\u00bb<\/a>\u00c9ternelle victimisation<\/p>\n<p class=\"ap-StoryElement ap-StoryElement--mb ap-StoryText\">Le message est fort. Pourtant, \u00e0 son habitude, le Prince Harry se place en \u00e9ternelle victime et revisite le pass\u00e9. Il accuse les m\u00e9dias de l&rsquo;avoir pris en grippe depuis son mariage, alors que l&rsquo;enthousiasme \u00e9tait g\u00e9n\u00e9ralis\u00e9 suite \u00e0 ses fian\u00e7ailles avec l&rsquo;actrice de s\u00e9rie am\u00e9ricaine. Le couple a choisi de rompre avec la presse britannique et avec la <a href=\"https:\/\/www.lalibre.be\/international\/europe\/2025\/05\/05\/la-famille-royale-au-balcon-de-buckingham-pour-les-celebrations-de-la-fin-de-la-seconde-guerre-mondiale-3KUIAUQIUBB4JPOQ455566YZWQ\/\" target=\"_blank\" rel=\"noopener\">famille royale<\/a>, de vouloir une vie \u00e0 l&rsquo;\u00e9tranger sans devoirs et obligations, en conservant des subventions publiques et familiales, et un titre prestigieux. Ils ont quitt\u00e9 Londres pour pr\u00e9server leur vie priv\u00e9e mais passent leur temps \u00e0 raconter leur quotidien. Sans parler du fait qu&rsquo;ils ont fait fuiter des \u00e9l\u00e9ments tr\u00e8s priv\u00e9s de leurs disputes familiales dans la presse \u00e0 de multiples reprises.<\/p>\n<p class=\"ap-StoryElement ap-StoryElement--mb ap-StoryText\">Enfin, grand seigneur, le<a href=\"https:\/\/www.lalibre.be\/lifestyle\/people\/2025\/03\/30\/le-prince-harry-accuse-de-harcelement-par-la-patronne-de-long-quil-a-cofondee-CT6Z67XWSNDF5I342FVIHUBYH4\/\" target=\"_blank\" rel=\"noopener\"> Prince Harry<\/a> s&rsquo;est dit pr\u00eat \u00e0 pardonner \u00e0 tout le monde, y compris \u00ab\u00a0mon p\u00e8re, mon fr\u00e8re (William le duc de Cambridge) et ma belle-m\u00e8re (la reine Camilla)\u00a0\u00bb et m\u00eame \u00ab\u00a0aux m\u00e9dias\u00a0\u00bb, sans admettre qu&rsquo;il ait pu lui-m\u00eame agir de mani\u00e8re inconsid\u00e9r\u00e9e \u00e0 leur \u00e9gard. Il pose aussi ses conditions : \u00ab\u00a0La situation actuelle, qui dure maintenant depuis cinq ans, est bloqu\u00e9e par cette question de s\u00e9curit\u00e9. C&rsquo;est la seule chose qui reste. La seule chose que je demande c&rsquo;est de la s\u00e9curit\u00e9.\u00a0\u00bb Tout en leur faisant porter la responsabilit\u00e9 de leur friction : \u00ab\u00a0S&rsquo;ils ne veulent pas [d&rsquo;une r\u00e9conciliation], cela d\u00e9pend enti\u00e8rement d&rsquo;eux.\u00a0\u00bb<\/p>\n","protected":false},"excerpt":{"rendered":"L&rsquo;affaire d\u00e9bute en janvier 2020. Harry et son \u00e9pouse Meghan annoncent vouloir se \u00ab\u00a0placer en retrait pour ne&hellip;\n","protected":false},"author":2,"featured_media":77347,"comment_status":"","ping_status":"","sticky":false,"template":"","format":"standard","meta":{"footnotes":""},"categories":[1588],"tags":[11,581,1777,674,18285,12,18284,473,1853,1851,1850,1852],"class_list":{"0":"post-77346","1":"post","2":"type-post","3":"status-publish","4":"format-standard","5":"has-post-thumbnail","7":"category-royaume-uni","8":"tag-actualites","9":"tag-charles-iii","10":"tag-eu","11":"tag-europe","12":"tag-le-prince-harry","13":"tag-news","14":"tag-procedure-en-destitution","15":"tag-royaume-uni","16":"tag-royaume-uni-de-grande-bretagne-et-dirlande-du-nord","17":"tag-uk","18":"tag-united-kingdom","19":"tag-united-kingdom-of-great-britain-and-northern-ireland"},"share_on_mastodon":{"url":"https:\/\/pubeurope.com\/@fr\/114456739381665720","error":""},"_links":{"self":[{"href":"https:\/\/www.europesays.com\/fr\/wp-json\/wp\/v2\/posts\/77346","targetHints":{"allow":["GET"]}}],"collection":[{"href":"https:\/\/www.europesays.com\/fr\/wp-json\/wp\/v2\/posts"}],"about":[{"href":"https:\/\/www.europesays.com\/fr\/wp-json\/wp\/v2\/types\/post"}],"author":[{"embeddable":true,"href":"https:\/\/www.europesays.com\/fr\/wp-json\/wp\/v2\/users\/2"}],"replies":[{"embeddable":true,"href":"https:\/\/www.europesays.com\/fr\/wp-json\/wp\/v2\/comments?post=77346"}],"version-history":[{"count":0,"href":"https:\/\/www.europesays.com\/fr\/wp-json\/wp\/v2\/posts\/77346\/revisions"}],"wp:featuredmedia":[{"embeddable":true,"href":"https:\/\/www.europesays.com\/fr\/wp-json\/wp\/v2\/media\/77347"}],"wp:attachment":[{"href":"https:\/\/www.europesays.com\/fr\/wp-json\/wp\/v2\/media?parent=77346"}],"wp:term":[{"taxonomy":"category","embeddable":true,"href":"https:\/\/www.europesays.com\/fr\/wp-json\/wp\/v2\/categories?post=77346"},{"taxonomy":"post_tag","embeddable":true,"href":"https:\/\/www.europesays.com\/fr\/wp-json\/wp\/v2\/tags?post=77346"}],"curies":[{"name":"wp","href":"https:\/\/api.w.org\/{rel}","templated":true}]}}