{"id":773464,"date":"2026-03-03T21:05:32","date_gmt":"2026-03-03T21:05:32","guid":{"rendered":"https:\/\/www.europesays.com\/fr\/773464\/"},"modified":"2026-03-03T21:05:32","modified_gmt":"2026-03-03T21:05:32","slug":"les-distributeurs-ajustent-leurs-line-ups-7","status":"publish","type":"post","link":"https:\/\/www.europesays.com\/fr\/773464\/","title":{"rendered":"Les distributeurs ajustent leurs line-ups"},"content":{"rendered":"<p>                                <a href=\"https:\/\/www.boxofficepro.fr\/app\/uploads\/2026\/03\/LAbandon-\u00a9-Guy-Ferrandis-UGC.jpg\" target=\"_blank\" rel=\"noopener nofollow\"><img width=\"600\" height=\"300\" src=\"https:\/\/www.europesays.com\/fr\/wp-content\/uploads\/2026\/03\/LAbandon-\u00a9-Guy-Ferrandis-UGC-600x300.jpg\" class=\"attachment-mobile size-mobile wp-post-image\" alt=\"\" decoding=\"async\" fetchpriority=\"high\"  \/><\/a><br \/>\n                                L&rsquo;Abandon \u00a9 Guy Ferrandis UGC                            <\/p>\n<p><strong>Le r\u00e9capitulatif hebdomadaire des nouveaux films, modifications de dates et changements de titres.<\/strong><\/p>\n<p><strong>UGC <\/strong>annonce la sortie prochaine de <strong>L\u2019Abandon<\/strong>, adapt\u00e9 du livre de St\u00e9phane Simon \u201cLes Derniers Jours de Samuel Paty\u201d<strong> <\/strong>(Plon 2023). Le film est r\u00e9alis\u00e9 par Vincent Garenq, et r\u00e9unit Antoine Reinartz, dans le r\u00f4le du professeur assassin\u00e9 en 2020, et Emmanuelle Bercot.<br \/>\u00ab Le film a \u00e9t\u00e9 tourn\u00e9 \u00e0 l\u2019\u00e9t\u00e9 2025, pr\u00e9cise le distributeur. Nous avons choisi de ne pas communiquer pour donner la priorit\u00e9 \u00e0 la justice et au proc\u00e8s en appel. Le verdict ayant \u00e9t\u00e9 rendu, nous esp\u00e9rons que ce film prendra le relais, pour que l\u2019histoire de Samuel Paty ne tombe pas dans l\u2019oubli. \u00bb La date n\u2019est pas encore pr\u00e9cis\u00e9e mais le film sera en salles en 2026.<br \/>Date annonc\u00e9e en revanche pour <strong>Claude<\/strong>, au 2 d\u00e9cembre 2026. Dans cette com\u00e9die \u00e9crite et r\u00e9alis\u00e9 par Cl\u00e9ment Michel, Claude, 76 ans et aussi charmant qu\u2019irresponsable, est mis \u00e0 la porte par sa (quatri\u00e8me) femme, et se retrouve en garde altern\u00e9e chez ses enfants, qu\u2019il a pourtant \u00e9vit\u00e9 toute sa vie. Avec Andr\u00e9 Dussolier, Val\u00e9rie Donzelli et Kyan Khojandi.<\/p>\n<p><strong>Metropolitan <\/strong>date <strong>Good Luck, Have Fun, Don\u2019t Die <\/strong>au 15 avril prochain. Dans cette com\u00e9die SF mise en sc\u00e8ne par Gore Verbinski (Pirates de cara\u00efbes, The Ring\u2026), avec Sam Rockwell et Juno Temple, un \u00ab\u00a0homme du futur\u00a0\u00bb d\u00e9barque \u00e0 Los Angeles afin de recruter des troupes pour sauver le monde, face \u00e0 une menace prof\u00e9r\u00e9e par une intelligence artificielle.<\/p>\n<p><strong>Arizona <\/strong>sortira <strong>Les Fleurs du manguier<\/strong> le 22 avril. Prix du Jury Orizzonti \u00e0 la Biennale de Venise 2025, ce film sign\u00e9 Akio Fujimoto retrace la travers\u00e9e p\u00e9rilleuse de deux jeunes enfants, qui quittent un camp Rohingyas du Bangladesh pour rejoindre la Malaisie, dans l\u2019espoir de retrouver leur famille. Le film sera propos\u00e9 en \u201ctous publics avec avertissement\u201d.<\/p>\n<p><strong>Le Pacte<\/strong> annonce l\u2019arriv\u00e9e de <strong>Fjord<\/strong>, le nouveau film du Roumain Cristian Mungiu (R.M.N, 4 mois, 3 semaines, 2 Jours\u2026) pour le 19 ao\u00fbt 2026. Il ausculte la relation entre deux familles d\u2019un petit village norv\u00e9gien, l\u2019une roumaine, l\u2019autre su\u00e9do-norv\u00e9gienne, qui commence \u00e0 s\u2019effilocher quand leurs diff\u00e9rences culturelles apparaissent, notamment sur l\u2019\u00e9ducation et les valeurs soci\u00e9tales. Avec Sebastian Stan (le Trump de The Apprentice), et Renate Reinsve (l\u2019actrice f\u00e9tiche de Joachim Trier).<\/p>\n<p><strong>Path\u00e9<\/strong> avance d\u2019une semaine <strong>La Bataille de Gaulle : L\u2019\u00e2ge de fer<\/strong>, qui sortira donc le 3 juin 2026 au lieu du 10. Par ailleurs, un Untitled Path\u00e9 Films, sous visa exceptionnel, est annonc\u00e9 pour le jeudi 28 mai.<\/p>\n<p>Chez <strong>Paramount<\/strong>,<strong>Teenage Mutant Ninja Turtles 2<\/strong>, initialement pr\u00e9vu le 20 octobre 2027, est avanc\u00e9 au 11 ao\u00fbt 2027.<\/p>\n<p><strong>Studiocanal <\/strong>Kangourou pr\u00e9vu pour le 22 juillet 2026 a d\u00e9sormais pour titre <strong>Charlie et les Kangourous.<\/strong><\/p>\n","protected":false},"excerpt":{"rendered":"L&rsquo;Abandon \u00a9 Guy Ferrandis UGC Le r\u00e9capitulatif hebdomadaire des nouveaux films, modifications de dates et changements de titres.&hellip;\n","protected":false},"author":2,"featured_media":773465,"comment_status":"","ping_status":"","sticky":false,"template":"","format":"standard","meta":{"footnotes":"","_share_on_mastodon":"0"},"categories":[1354],"tags":[58,59,1346,1011,27,1360],"class_list":["post-773464","post","type-post","status-publish","format-standard","has-post-thumbnail","category-films","tag-divertissement","tag-entertainment","tag-films","tag-fr","tag-france","tag-movies"],"share_on_mastodon":{"url":"https:\/\/pubeurope.com\/@fr\/116167280469435790","error":""},"_links":{"self":[{"href":"https:\/\/www.europesays.com\/fr\/wp-json\/wp\/v2\/posts\/773464","targetHints":{"allow":["GET"]}}],"collection":[{"href":"https:\/\/www.europesays.com\/fr\/wp-json\/wp\/v2\/posts"}],"about":[{"href":"https:\/\/www.europesays.com\/fr\/wp-json\/wp\/v2\/types\/post"}],"author":[{"embeddable":true,"href":"https:\/\/www.europesays.com\/fr\/wp-json\/wp\/v2\/users\/2"}],"replies":[{"embeddable":true,"href":"https:\/\/www.europesays.com\/fr\/wp-json\/wp\/v2\/comments?post=773464"}],"version-history":[{"count":0,"href":"https:\/\/www.europesays.com\/fr\/wp-json\/wp\/v2\/posts\/773464\/revisions"}],"wp:featuredmedia":[{"embeddable":true,"href":"https:\/\/www.europesays.com\/fr\/wp-json\/wp\/v2\/media\/773465"}],"wp:attachment":[{"href":"https:\/\/www.europesays.com\/fr\/wp-json\/wp\/v2\/media?parent=773464"}],"wp:term":[{"taxonomy":"category","embeddable":true,"href":"https:\/\/www.europesays.com\/fr\/wp-json\/wp\/v2\/categories?post=773464"},{"taxonomy":"post_tag","embeddable":true,"href":"https:\/\/www.europesays.com\/fr\/wp-json\/wp\/v2\/tags?post=773464"}],"curies":[{"name":"wp","href":"https:\/\/api.w.org\/{rel}","templated":true}]}}