{"id":77376,"date":"2025-05-05T19:08:14","date_gmt":"2025-05-05T19:08:14","guid":{"rendered":"https:\/\/www.europesays.com\/fr\/77376\/"},"modified":"2025-05-05T19:08:14","modified_gmt":"2025-05-05T19:08:14","slug":"laurence-boccolini-choquee-par-les-remarques-violentes-quelle-a-recues-apres-lannonce-de-sa-tumeur","status":"publish","type":"post","link":"https:\/\/www.europesays.com\/fr\/77376\/","title":{"rendered":"Laurence Boccolini choqu\u00e9e par les remarques violentes qu&rsquo;elle a re\u00e7ues apr\u00e8s l&rsquo;annonce de sa tumeur"},"content":{"rendered":"<p>Laurence Boccolini avait r\u00e9v\u00e9l\u00e9 \u00eatre atteinte d&rsquo;une tumeur rare le 2 avril dernier. Dans un extrait d\u00e9voil\u00e9 de l&rsquo;\u00e9mission Dans le r\u00e9tro, l&rsquo;animatrice t\u00e9l\u00e9 de 61 ans revient sur les remarques violentes qu&rsquo;elle a re\u00e7ues apr\u00e8s avoir fait cette annonce. <\/p>\n<p>Laurence Boccolini est une figure incontournable de la t\u00e9l\u00e9vision fran\u00e7aise. Celle qui pr\u00e9sente Les enfants de la t\u00e9l\u00e9 sur France 2 apr\u00e8s le d\u00e9part de Laurent Ruquier, a sorti son autobiographie intitul\u00e9e Showtime\u00a0: Souvenirs du chaos, le 2 avril dernier. <a href=\"https:\/\/www.programme-tv.net\/news\/people\/374602-on-ne-peut-rien-faire-laurence-boccolini-leve-le-voile-sur-la-tumeur-rare-et-inoperable-dont-elle-est-atteinte\/\" data-api-deeplink=\"teleloisirs:\/\/news\/374602\" rel=\"nofollow noopener\" target=\"_blank\">L&rsquo;animatrice t\u00e9l\u00e9 de 61 ans y r\u00e9v\u00e8le notamment \u00eatre atteinte d&rsquo;une tumeur rare<\/a>, non canc\u00e9reuse, dans l&rsquo;oreille gauche. Dans un extrait d\u00e9voil\u00e9 de l&rsquo;\u00e9mission Dans le r\u00e9tro, elle revient sur les remarques violentes qu&rsquo;elle a re\u00e7ues apr\u00e8s s&rsquo;\u00eatre livr\u00e9e sur son probl\u00e8me de sant\u00e9.<\/p>\n<p>Laurence Boccolini \u00e9voque les remarques violentes qu&rsquo;elle a re\u00e7ues apr\u00e8s avoir annonc\u00e9 \u00eatre atteinte d&rsquo;une tumeur rare et inop\u00e9rable<\/p>\n<p>Laurence Boccolini a d\u00fb faire face \u00e0 des messages de haine apr\u00e8s la publication de son livre. \u00ab\u00a0J&rsquo;ai re\u00e7u des messages de haines, il n&rsquo;y a pas longtemps avec le livre, qui disaient : &lsquo;arr\u00eatez de vous plaindre parce que si \u00e7a vous est arriv\u00e9, c&rsquo;est que la soupe \u00e9tait bonne et que le ch\u00e8que \u00e9tait gros'\u00a0\u00bb, a-t-elle d\u00e9clar\u00e9. Face \u00e0 D\u00e9borah Grunwald, l&rsquo;animatrice a \u00e9galement expliqu\u00e9 avoir re\u00e7u quelques remarques violentes apr\u00e8s avoir r\u00e9v\u00e9l\u00e9 <a href=\"https:\/\/www.programme-tv.net\/news\/people\/374912-on-m-a-dit-d-arreter-de-le-faire-laurence-boccolini-a-adopte-un-geste-dans-les-enfants-de-la-tele-pour-apaiser-la-douleur-provoquee-par-sa-tumeur-rare-et-inoperable\/\" data-api-deeplink=\"teleloisirs:\/\/news\/374912\" rel=\"nofollow noopener\" target=\"_blank\">la maladie dont elle est atteinte<\/a>. <b>\u00ab\u00a0Par rapport \u00e0 mon probl\u00e8me m\u00e9dical : &lsquo;Vous \u00eates connue, vous mourrez comme tout le monde. Vous n&rsquo;allez pas vous plaindre d&rsquo;une tumeur'\u00a0\u00bb<\/b><b>,<\/b> a racont\u00e9 l&rsquo;animatrice avant d&rsquo;ajouter : \u00ab\u00a0\u00c7a je m&rsquo;y attendais, parce que \u00e7a fait tellement plaisir aux gens de savoir que, vous aussi, vous allez mal. Certaines personnes projettent leur propre haine d\u2019eux-m\u00eames, leur propre haine du monde, leur propre mal-\u00eatre, sur quelqu\u2019un qui est \u00e0 la t\u00e9l\u00e9\u00a0\u00bb. \u00ab\u00a0Donc c&rsquo;est vous qui prenez, j&rsquo;ai l&rsquo;habitude\u00a0\u00bb, a-t-elle conclu.<\/p>\n<p>                        \u00ab\u00a0C&rsquo;est l\u00e0 qu&rsquo;elle habite !\u00a0\u00bb : Laurence Boccolini interpell\u00e9e dans la rue et m\u00eame chez elle<\/p>\n<p>Outre sa sant\u00e9, <a href=\"https:\/\/www.programme-tv.net\/news\/tv\/377209-et-la-je-panique-laurence-boccolini-raconte-sa-mesaventure-au-supermarche-et-les-reactions-moqueuses-des-gens-autour-d-elle\/\" data-api-deeplink=\"teleloisirs:\/\/news\/377209\" rel=\"nofollow noopener\" target=\"_blank\">Laurence Boccolini <\/a>aborde \u00e9galement dans son autobiographie la grossophobie dont elle a \u00e9t\u00e9 victime ou encore ses d\u00e9buts compliqu\u00e9s \u00e0 la t\u00e9l\u00e9. \u00ab\u00a0\u00c0 l&rsquo;\u00e9poque du Maillon Faible, dans la rue, dans les magasins, on vous interpellait : &lsquo;la grosse, la sorci\u00e8re, l&rsquo;autre c*nne, la m\u00e9chante. On jetait des pierres \u00e0 vos fen\u00eatres, c&rsquo;est d&rsquo;une violence inou\u00efe. Comment ont fait pour tenir ?\u00a0\u00bb, a demand\u00e9 D\u00e9borah Grunwald. Laurence Boccolini a alors racont\u00e9 que le dimanche, certaines personnes \u00ab\u00a0montaient sur la grille et regardaient par la fen\u00eatre\u00a0\u00bb de chez elle. \u00ab\u00a0J&rsquo;entendais tout : &lsquo;Ah, c&rsquo;est l\u00e0 qu&rsquo;elle habite l&rsquo;autre c*nne, la m\u00e9chante, eh le Maillon Faible&rsquo; en pleine nuit\u00a0\u00bb, a-t-elle expliqu\u00e9.<\/p>\n<blockquote class=\"instagram-media\" data-instgrm-captioned=\"\" data-instgrm-permalink=\"https:\/\/www.instagram.com\/reel\/DJRyN5OMBjd\/?utm_source=ig_embed&amp;utm_campaign=loading\" data-instgrm-version=\"14\" style=\" background:#FFF; border:0; border-radius:3px; box-shadow:0 0 1px 0 rgba(0,0,0,0.5),0 1px 10px 0 rgba(0,0,0,0.15); margin: 1px; max-width:658px; min-width:326px; padding:0; width:99.375%; width:-webkit-calc(100% - 2px); width:calc(100% - 2px);\"\/>\n<p>        <script async src=\"\/\/www.instagram.com\/embed.js\"><\/script><\/p>\n","protected":false},"excerpt":{"rendered":"Laurence Boccolini avait r\u00e9v\u00e9l\u00e9 \u00eatre atteinte d&rsquo;une tumeur rare le 2 avril dernier. Dans un extrait d\u00e9voil\u00e9 de&hellip;\n","protected":false},"author":2,"featured_media":77377,"comment_status":"","ping_status":"","sticky":false,"template":"","format":"standard","meta":{"footnotes":""},"categories":[1359],"tags":[244,58,59,18287,1011,27,3219,973],"class_list":{"0":"post-77376","1":"post","2":"type-post","3":"status-publish","4":"format-standard","5":"has-post-thumbnail","7":"category-people","8":"tag-commentaire","9":"tag-divertissement","10":"tag-entertainment","11":"tag-extraits","12":"tag-fr","13":"tag-france","14":"tag-laurence-boccolini","15":"tag-people"},"share_on_mastodon":{"url":"https:\/\/pubeurope.com\/@fr\/114456802428262314","error":""},"_links":{"self":[{"href":"https:\/\/www.europesays.com\/fr\/wp-json\/wp\/v2\/posts\/77376","targetHints":{"allow":["GET"]}}],"collection":[{"href":"https:\/\/www.europesays.com\/fr\/wp-json\/wp\/v2\/posts"}],"about":[{"href":"https:\/\/www.europesays.com\/fr\/wp-json\/wp\/v2\/types\/post"}],"author":[{"embeddable":true,"href":"https:\/\/www.europesays.com\/fr\/wp-json\/wp\/v2\/users\/2"}],"replies":[{"embeddable":true,"href":"https:\/\/www.europesays.com\/fr\/wp-json\/wp\/v2\/comments?post=77376"}],"version-history":[{"count":0,"href":"https:\/\/www.europesays.com\/fr\/wp-json\/wp\/v2\/posts\/77376\/revisions"}],"wp:featuredmedia":[{"embeddable":true,"href":"https:\/\/www.europesays.com\/fr\/wp-json\/wp\/v2\/media\/77377"}],"wp:attachment":[{"href":"https:\/\/www.europesays.com\/fr\/wp-json\/wp\/v2\/media?parent=77376"}],"wp:term":[{"taxonomy":"category","embeddable":true,"href":"https:\/\/www.europesays.com\/fr\/wp-json\/wp\/v2\/categories?post=77376"},{"taxonomy":"post_tag","embeddable":true,"href":"https:\/\/www.europesays.com\/fr\/wp-json\/wp\/v2\/tags?post=77376"}],"curies":[{"name":"wp","href":"https:\/\/api.w.org\/{rel}","templated":true}]}}