{"id":77378,"date":"2025-05-05T19:09:09","date_gmt":"2025-05-05T19:09:09","guid":{"rendered":"https:\/\/www.europesays.com\/fr\/77378\/"},"modified":"2025-05-05T19:09:09","modified_gmt":"2025-05-05T19:09:09","slug":"une-maison-coloree-de-notting-hill-amenagee-en-un-temps-record","status":"publish","type":"post","link":"https:\/\/www.europesays.com\/fr\/77378\/","title":{"rendered":"Une maison color\u00e9e de Notting Hill am\u00e9nag\u00e9e en un temps record"},"content":{"rendered":"<p><strong>Une maison de Notting Hill am\u00e9nag\u00e9e en \u00e0 peine un mois par l\u2019architecte d\u2019int\u00e9rieur Tiffany Duggan.<\/strong><\/p>\n<p>Lorsqu\u2019un <a href=\"https:\/\/www.admagazine.fr\/galerie\/pied-a-terre-parisien-architecte-interieur\" rel=\"nofollow noopener\" target=\"_blank\">architecte d\u2019int\u00e9rieur<\/a> dispose d\u2019\u00e0 peine un mois apr\u00e8s la signature d\u2019un projet pour concevoir les installations, les finitions et les am\u00e9nagements, il a tout int\u00e9r\u00eat \u00e0 s\u2019impr\u00e9gner d\u00e8s le d\u00e9part des aspirations esth\u00e9tiques de ses clients. Heureusement pour Tiffany Duggan, du Studio Duggan \u00e0 Londres, c\u2019est exactement ce qui s\u2019est pass\u00e9 avec un couple cr\u00e9atif et collectionneur d\u2019art, pour qui elle vient de terminer l\u2019am\u00e9nagement d\u2019une maison victorienne de quatre \u00e9tages \u00e0 Notting Hill.<\/p>\n<p>\u00ab Ils ont beaucoup de go\u00fbt et de <a href=\"https:\/\/www.admagazine.fr\/article\/apprenez-reconnaitre-style-architectural\" rel=\"nofollow noopener\" target=\"_blank\">style<\/a> \u00bb, confie Tiffany Duggan \u00e0 propos des propri\u00e9taires, parents de trois enfants. En revanche, ils n\u2019avaient pas de temps \u00e0 perdre : leur nouvelle maison \u00e9tait d\u00e9j\u00e0 bien avanc\u00e9e dans sa r\u00e9novation compl\u00e8te \u2013 l\u2019\u00e9quipe de construction, Pembridge Developments, \u00e9tant plus que pr\u00eate \u00e0 finaliser les d\u00e9cisions en mati\u00e8re de design \u2013 lorsque l\u2019architecte d\u2019int\u00e9rieur a rejoint le projet. Et cela s\u2019est r\u00e9v\u00e9l\u00e9 \u00eatre un vrai avantage : \u00ab On \u00e9tait vraiment sur la m\u00eame longueur d\u2019onde en mati\u00e8re de style et de pr\u00e9f\u00e9rences \u00bb, explique-t-elle. \u00ab \u00c7a a permis d\u2019acc\u00e9l\u00e9rer tout le processus. \u00bb<\/p>\n<p>Comme beaucoup d\u2019autres espaces de la <a href=\"https:\/\/www.admagazine.fr\/article\/a-paris-une-petite-maison-sculpturale-dans-une-cour-paisible\" rel=\"nofollow noopener\" target=\"_blank\">maison<\/a>, le salon associe un rose riche \u00e0 des tons verts plus doux. Ici, la teinte Celadon d\u2019Edward Bulmer orne les murs, tandis qu\u2019un canap\u00e9 de la collection Trove de Duggan porte un velours rouge-rose de chez Pollack. L\u2019aile de la chemin\u00e9e est recouverte d\u2019un ikat de Schumacher dans les m\u00eames tons. Les clients ont apport\u00e9 leur propre moquette en laine \u00e0 poils coup\u00e9s ainsi que leur collection d\u2019\u0153uvres d\u2019art, qui comprend ici une gravure sur bois de Tom Hammick, install\u00e9e au-dessus d\u2019une chemin\u00e9e ancienne de Lassco. Un portrait de famille est accroch\u00e9 \u00e0 droite.<\/p>\n<p>Art: Tom Hammick \u00a9 2025 Artists Rights Society (ARS), New York \/ DACS, London. Tim Braden\/Frestonian Gallery, London.<\/p>\n<p>Leur sensibilit\u00e9 commune va de l\u2019<a href=\"https:\/\/www.admagazine.fr\/adactualites\/article\/exposition-love-songs-10-photographies-intime-mep\" rel=\"nofollow noopener\" target=\"_blank\">amour<\/a> partag\u00e9 de la couleur \u00e0 la conviction que tout int\u00e9rieur gagne \u00e0 m\u00ealer l\u2019ancien et le contemporain. Les clients voulaient que le d\u00e9cor donne l\u2019impression d\u2019avoir \u00e9t\u00e9 assembl\u00e9 progressivement, \u00ab comme s\u2019il s\u2019\u00e9tait d\u00e9velopp\u00e9 au fil du temps \u00bb. Un objectif plut\u00f4t simple \u00e0 atteindre, puisque les propri\u00e9taires disposaient d\u00e9j\u00e0 d\u2019un bel ensemble d\u2019antiquit\u00e9s, de pi\u00e8ces vintage et d\u2019une vaste collection d\u2019\u0153uvres d\u2019art. L\u2019\u00e9l\u00e9ment cl\u00e9 de leur entente ? \u00ab Ils voulaient cr\u00e9er quelque chose de ludique et d\u2019int\u00e9ressant \u00bb, souligne Tiffany Duggan.<\/p>\n<p>C\u2019est exactement ce que l\u2019architecte a mis en \u0153uvre, en commen\u00e7ant par la <a href=\"https:\/\/www.admagazine.fr\/article\/petites-salles-bains-dictent-codes-decoration\" rel=\"nofollow noopener\" target=\"_blank\">salle de bains<\/a> des enfants au dernier \u00e9tage. Elle a associ\u00e9 des carreaux en zellige dans une douce teinte lilas \u00e0 un lavabo, une baignoire et des toilettes jaune beurre, tous sign\u00e9s The Water Monopoly. \u00ab Normalement, on n\u2019aurait jamais commenc\u00e9 par la salle de bains, mais comme le d\u00e9lai \u00e9tait serr\u00e9, on s\u2019est concentr\u00e9s sur les \u00e9l\u00e9ments indispensables \u00e0 la construction. \u00bb<\/p>\n","protected":false},"excerpt":{"rendered":"Une maison de Notting Hill am\u00e9nag\u00e9e en \u00e0 peine un mois par l\u2019architecte d\u2019int\u00e9rieur Tiffany Duggan. Lorsqu\u2019un architecte&hellip;\n","protected":false},"author":2,"featured_media":77379,"comment_status":"","ping_status":"","sticky":false,"template":"","format":"standard","meta":{"footnotes":""},"categories":[1358],"tags":[1348,1384,1385,1386,58,59,1011,27,4534],"class_list":{"0":"post-77378","1":"post","2":"type-post","3":"status-publish","4":"format-standard","5":"has-post-thumbnail","7":"category-arts-et-design","8":"tag-arts","9":"tag-arts-and-design","10":"tag-arts-et-design","11":"tag-design","12":"tag-divertissement","13":"tag-entertainment","14":"tag-fr","15":"tag-france","16":"tag-londres"},"share_on_mastodon":{"url":"https:\/\/pubeurope.com\/@fr\/114456806222355505","error":""},"_links":{"self":[{"href":"https:\/\/www.europesays.com\/fr\/wp-json\/wp\/v2\/posts\/77378","targetHints":{"allow":["GET"]}}],"collection":[{"href":"https:\/\/www.europesays.com\/fr\/wp-json\/wp\/v2\/posts"}],"about":[{"href":"https:\/\/www.europesays.com\/fr\/wp-json\/wp\/v2\/types\/post"}],"author":[{"embeddable":true,"href":"https:\/\/www.europesays.com\/fr\/wp-json\/wp\/v2\/users\/2"}],"replies":[{"embeddable":true,"href":"https:\/\/www.europesays.com\/fr\/wp-json\/wp\/v2\/comments?post=77378"}],"version-history":[{"count":0,"href":"https:\/\/www.europesays.com\/fr\/wp-json\/wp\/v2\/posts\/77378\/revisions"}],"wp:featuredmedia":[{"embeddable":true,"href":"https:\/\/www.europesays.com\/fr\/wp-json\/wp\/v2\/media\/77379"}],"wp:attachment":[{"href":"https:\/\/www.europesays.com\/fr\/wp-json\/wp\/v2\/media?parent=77378"}],"wp:term":[{"taxonomy":"category","embeddable":true,"href":"https:\/\/www.europesays.com\/fr\/wp-json\/wp\/v2\/categories?post=77378"},{"taxonomy":"post_tag","embeddable":true,"href":"https:\/\/www.europesays.com\/fr\/wp-json\/wp\/v2\/tags?post=77378"}],"curies":[{"name":"wp","href":"https:\/\/api.w.org\/{rel}","templated":true}]}}