{"id":773921,"date":"2026-03-04T01:41:16","date_gmt":"2026-03-04T01:41:16","guid":{"rendered":"https:\/\/www.europesays.com\/fr\/773921\/"},"modified":"2026-03-04T01:41:16","modified_gmt":"2026-03-04T01:41:16","slug":"a-beuzec-cap-sizun-marion-cotillard-et-benoit-magimel-se-font-discrets-mais-attirent-les-curieux","status":"publish","type":"post","link":"https:\/\/www.europesays.com\/fr\/773921\/","title":{"rendered":"\u00c0 Beuzec-Cap-Sizun, Marion Cotillard et Beno\u00eet Magimel se font discrets mais attirent les curieux"},"content":{"rendered":"<p>Depuis lundi 23 f\u00e9vrier 2026, les camions de la r\u00e9gie se sont install\u00e9s sur le parking de la <a href=\"https:\/\/www.letelegramme.fr\/finistere\/beuzec-cap-sizun-29790\/a-beuzec-cap-sizun-le-conseil-municipal-avance-sur-le-parking-de-la-pointe-du-millier-6972645.php\" target=\"_blank\" rel=\"nofollow noopener\">pointe du Millier<\/a> mis \u00e0 disposition par la mairie de Beuzec-Cap-Sizun. Jusqu\u2019au vendredi 6 mars, c\u2019est ici que la r\u00e9alisatrice Emmanuelle Bercot et son \u00e9quipe tournent \u00ab\u00a0L\u2019Enrag\u00e9\u00a0\u00bb, une adaptation cin\u00e9matographique du roman de Sorj Chalandon produite par Les Films du Worso. Avec, en t\u00eates d\u2019affiche, les acteurs <a href=\"https:\/\/www.letelegramme.fr\/france\/ca-je-lai-rate-marion-cotillard-revient-pour-le-papotin-sur-sa-mort-dans-batman-the-dark-knight-rises-6757345.php\" target=\"_blank\" rel=\"nofollow noopener\">Marion Cotillard<\/a> et Beno\u00eet Magimel.<\/p>\n<p>Yveline, Jo et Jean-Pierre habitent en face de la cantine de l\u2019\u00e9quipe de tournage. Depuis leur arriv\u00e9e, ils observent un ballet de voitures sur la route du Millier, surtout \u00ab\u00a0des curieux\u00a0\u00bb venus observer les cam\u00e9ras et le dispositif mis en place.<\/p>\n<p>\u00ab\u00a0Ils sont discrets\u00a0\u00bb<\/p>\n<p>Jean-Pierre indique louer un g\u00eete \u00e0 une partie de l\u2019\u00e9quipe qui l\u2019investit la journ\u00e9e pour travailler. Et les acteurs stars dans tout \u00e7a\u00a0? \u00ab\u00a0Ce sont des gens discrets, que l\u2019on ne peut pas approcher comme \u00e7a\u00a0\u00bb, raconte Jo.<\/p>\n<p>Ce mardi 3 mars, Sylvie et Anne-Laure s\u2019en rendent compte en accompagnant un petit groupe de personnes sur les sentiers laiss\u00e9s libres par la production. \u00ab\u00a0Ils pourraient ouvrir un peu plus le tournage quand m\u00eame. <a href=\"https:\/\/www.letelegramme.fr\/finistere\/le-juch-29100\/tourne-au-juch-le-film-les-petites-victoires-a-rassemble-plus-de-4-millions-de-telespectateurs-dimanche-soir-6794460.php\" target=\"_blank\" rel=\"nofollow noopener\">Pour \u00ab\u00a0Les petites victoires\u00a0\u00bb<\/a> (film tourn\u00e9 au Juch avec Michel Blanc et Julia Piaton, NDLR), les r\u00e9alisateurs avaient jou\u00e9 le jeu\u00a0\u00bb, regrette Sylvie.<\/p>\n<p>\u00c0 une poign\u00e9e de kilom\u00e8tres de l\u00e0, dans le bourg de Beuzec-Cap-Sizun, Pierre n\u2019a rien observ\u00e9 de sp\u00e9cial non plus derri\u00e8re son comptoir du Mac Laughlin\u2019s. \u00ab\u00a0Pour le moment, ils sont discrets\u00a0\u00bb, confirme-t-il. Le commer\u00e7ant pose surtout un regard int\u00e9ress\u00e9 sur ce nouveau tournage dans la r\u00e9gion. \u00ab\u00a0\u00c7a fait parler de la commune et du Cap. \u00c0 quelques mois du d\u00e9but de la saison, c\u2019est toujours bien\u00a0\u00bb, affirme Pierre.<\/p>\n<p>Vers \u00ab\u00a0une petite hausse d\u2019affluence\u00a0\u00bb\u00a0?<\/p>\n<p>\u00c0 Poullan-sur-Mer, Bernard n\u2019a pas eu plus de chance\u00a0: ni Beno\u00eet Magimel, ni Marion Cotillard n\u2019ont pass\u00e9 les portes du Pen Duick. \u00ab\u00a0Et m\u00eame si je les avais vus, j\u2019aurais \u00e9t\u00e9 capable de ne pas les reconna\u00eetre\u00a0\u00bb, se marre-t-il en regardant les quelques habitu\u00e9s attabl\u00e9s.<\/p>\n<p>Comme Pierre, Bernard estime que ce genre d\u2019\u00e9v\u00e9nements est \u00ab\u00a0toujours un plus pour le coin\u00a0\u00bb. Mais autour de <a href=\"https:\/\/www.letelegramme.fr\/tourisme\/visiter-bretagne\/visiter-finistere-sud\/cap-sizun-douarnenez\/phare-du-millier-histoire-et-visite-de-la-maison-phare-au-cap-sizun-6705849.php\" target=\"_blank\" rel=\"nofollow noopener\">la maison-phare du Millier<\/a>, ils ne partagent pas tous le m\u00eame avis\u00a0: \u00ab\u00a0On n\u2019a pas besoin de pub. La publicit\u00e9 elle est l\u00e0\u00a0\u00bb, illustre un promeneur en encerclant la c\u00f4te de ses bras.<\/p>\n<p>Interrog\u00e9 \u00e0 la h\u00e2te entre deux coups de p\u00e9dale, un cycliste du coin va plus loin\u00a0: \u00ab\u00a0\u00c0 chaque fois qu\u2019il y a un tournage les routes sont bloqu\u00e9es. C\u2019est fatigant. <a href=\"https:\/\/www.letelegramme.fr\/culture-loisirs\/cinema\/pourquoi-la-bretagne-est-une-terre-de-cinema-video-6565396.php\" title=\"www.letelegramme.fr\" rel=\"nofollow noopener\" target=\"_blank\">La Bretagne n\u2019est pas une terre de cin\u00e9ma<\/a>.\u00a0\u00bb<\/p>\n<p><img decoding=\"async\" src=\"https:\/\/www.europesays.com\/fr\/wp-content\/uploads\/2026\/03\/69a723349d39b075080eded0.1.jpeg\" width=\"480\" height=\"300\" class=\"web_golden_m\" loading=\"lazy\" alt=\"Pour les besoins du tournage, le parking de la pointe du Millier a \u00e9t\u00e9 pr\u00eat\u00e9 par la mairie de Beuzec-Cap-Sizun. La maison-phare, elle, appartient au Conservatoire du littoral qui la met \u00e0 disposition de la production.\"\/>Pour les besoins du tournage, le parking de la pointe du Millier a \u00e9t\u00e9 pr\u00eat\u00e9 par la mairie de Beuzec-Cap-Sizun. La maison-phare, elle, appartient au Conservatoire du littoral qui la met \u00e0 disposition de la production. (Le T\u00e9l\u00e9gramme\/Victor Bolzer)Retour \u00e0 la fin du mois<\/p>\n<p>Toujours est-il que la pr\u00e9sence de l\u2019\u00e9quipe de tournage alimente les rumeurs de comptoirs\u00a0: ici, <a href=\"https:\/\/www.letelegramme.fr\/culture-loisirs\/cinema\/marion-cotillard-une-vie-de-cinema-52589.php\" target=\"_blank\" rel=\"nofollow noopener\">l\u2019actrice oscaris\u00e9e aurait \u00e9t\u00e9 aper\u00e7ue \u00e0 Audierne<\/a>\u00a0; l\u00e0, on l\u2019imagine d\u00eener dans un restaurant de Plogoff\u2026 \u00ab\u00a0Mais il y a peu de chance qu\u2019on voit ces acteurs, estime Gilles Sergent, le maire de Beuzec-Cap-Sizun. Ils ne sont pas tr\u00e8s bavards sur ce qu\u2019ils font. C\u2019est leur mani\u00e8re de travailler.\u00a0\u00bb<\/p>\n<p>L\u2019\u00e9dile parle en connaissance de cause puisque, \u00ab\u00a0en douze ans, <a href=\"https:\/\/www.letelegramme.fr\/culture-loisirs\/cinema\/a-lancienne-pour-didier-bourdon-la-bretagne-est-le-premier-personnage-du-film-6647062.php\" target=\"_blank\" rel=\"nofollow noopener\">Didier Bourdon, G\u00e9rard Darmon<\/a> ou Nicolas Anelka sont pass\u00e9s dans le coin\u00a0\u00bb. Et cela ne devrait pas s\u2019arr\u00eater tout de suite\u00a0: le tournage de \u00ab\u00a0L\u2019Enrag\u00e9\u00a0\u00bb se poursuivra du 28 mars au 4 avril 2026 sur la pointe du Millier.<\/p>\n","protected":false},"excerpt":{"rendered":"Depuis lundi 23 f\u00e9vrier 2026, les camions de la r\u00e9gie se sont install\u00e9s sur le parking de la&hellip;\n","protected":false},"author":2,"featured_media":773922,"comment_status":"","ping_status":"","sticky":false,"template":"","format":"standard","meta":{"footnotes":""},"categories":[1359],"tags":[42045,829,650,3322,251,58,3320,59,3321,1011,27,973,3323,3319],"class_list":{"0":"post-773921","1":"post","2":"type-post","3":"status-publish","4":"format-standard","5":"has-post-thumbnail","7":"category-people","8":"tag-beuzec-cap-sizun","9":"tag-bretagne","10":"tag-cinema","11":"tag-concarneau","12":"tag-culture","13":"tag-divertissement","14":"tag-douarnenez","15":"tag-entertainment","16":"tag-finistere","17":"tag-fr","18":"tag-france","19":"tag-people","20":"tag-pont-labbe","21":"tag-quimper"},"share_on_mastodon":{"url":"https:\/\/pubeurope.com\/@fr\/116168365585902313","error":""},"_links":{"self":[{"href":"https:\/\/www.europesays.com\/fr\/wp-json\/wp\/v2\/posts\/773921","targetHints":{"allow":["GET"]}}],"collection":[{"href":"https:\/\/www.europesays.com\/fr\/wp-json\/wp\/v2\/posts"}],"about":[{"href":"https:\/\/www.europesays.com\/fr\/wp-json\/wp\/v2\/types\/post"}],"author":[{"embeddable":true,"href":"https:\/\/www.europesays.com\/fr\/wp-json\/wp\/v2\/users\/2"}],"replies":[{"embeddable":true,"href":"https:\/\/www.europesays.com\/fr\/wp-json\/wp\/v2\/comments?post=773921"}],"version-history":[{"count":0,"href":"https:\/\/www.europesays.com\/fr\/wp-json\/wp\/v2\/posts\/773921\/revisions"}],"wp:featuredmedia":[{"embeddable":true,"href":"https:\/\/www.europesays.com\/fr\/wp-json\/wp\/v2\/media\/773922"}],"wp:attachment":[{"href":"https:\/\/www.europesays.com\/fr\/wp-json\/wp\/v2\/media?parent=773921"}],"wp:term":[{"taxonomy":"category","embeddable":true,"href":"https:\/\/www.europesays.com\/fr\/wp-json\/wp\/v2\/categories?post=773921"},{"taxonomy":"post_tag","embeddable":true,"href":"https:\/\/www.europesays.com\/fr\/wp-json\/wp\/v2\/tags?post=773921"}],"curies":[{"name":"wp","href":"https:\/\/api.w.org\/{rel}","templated":true}]}}