{"id":774003,"date":"2026-03-04T02:32:23","date_gmt":"2026-03-04T02:32:23","guid":{"rendered":"https:\/\/www.europesays.com\/fr\/774003\/"},"modified":"2026-03-04T02:32:23","modified_gmt":"2026-03-04T02:32:23","slug":"que-faire-a-paris-ce-week-end-du-6-7-et-8-mars-2026","status":"publish","type":"post","link":"https:\/\/www.europesays.com\/fr\/774003\/","title":{"rendered":"Que faire \u00e0 Paris ce week-end du 6, 7 et 8 mars 2026 ?"},"content":{"rendered":"<p>Street Art engag\u00e9 pour les droits des femmes<\/p>\n<p class=\"mb-4 text-lg md:leading-8 break-words\">Infos pratiques : 8 mars\u00a0&#8211;\u00a0de 11h \u00e0 18h\u00a0&#8211;\u00a0centre d\u2019h\u00e9bergement Cristino Garcia, dans le 20e &#8211;\u00a0accessible gratuitement<\/p>\n<p class=\"mb-4 text-lg md:leading-8 break-words\">Ce 8 mars, Les Bombasph\u00e8res, collectif engag\u00e9 d\u2019artistes f\u00e9minines, laisseront leur\u00a0empreinte \u00e0 l\u2019entr\u00e9e du centre d\u2019h\u00e9bergement Cristino Garcia, dans le 20e\u00a0arrondissement de la capitale. \u00c0 l\u2019occasion de <a href=\"https:\/\/www.elle.fr\/index\/journee-de-la-femme#\" rel=\"nofollow noopener\" target=\"_blank\" data-ylk=\"slk:la journ\u00e9e internationale des droits des\u00a0femmes;elm:context_link;itc:0;sec:content-canvas\" class=\"link \">la journ\u00e9e internationale des droits des\u00a0femmes<\/a>, ce sont 45 artistes qui d\u00e9coreront l\u2019entr\u00e9e de ce centre d\u2019h\u00e9bergement. Au-del\u00e0\u00a0de la performance artistique, plusieurs animations sont \u00e9galement r\u00e9serv\u00e9es au public,\u00a0comme des ateliers graffiti ou un espace shop des artistes.<\/p>\n<p>Accepter les rat\u00e9s avec l\u2019exposition Flops ?! Oser, rater, innover<\/p>\n<p class=\"mb-4 text-lg md:leading-8 break-words\">Infos pratiques : Au Mus\u00e9e des Arts et M\u00e9tiers jusqu\u2019au 17 mai\u00a0&#8211;\u00a0tarif r\u00e9duit 9\u20ac \/ tarif plein 12\u20ac.<\/p>\n<p class=\"mb-4 text-lg md:leading-8 break-words\">L\u2019exposition Flops ?! Oser, rater, innover ouvre le champ des possibles de la cr\u00e9ativit\u00e9.\u00a0Divis\u00e9e en quatre parties, l\u2019exposition Flops analyse les rat\u00e9s sous plusieurs points de vue.\u00a0Allant de la charte graphique \u00e0 la r\u00e9ception du public en passant par les complications de\u00a0communication, l\u2019exposition qui a trouv\u00e9 maison au Mus\u00e9e des Arts et M\u00e9tiers permet\u00a0d\u2019entrevoir les le\u00e7ons \u00e0 tirer des rat\u00e9s.<\/p>\n<p>Entrer dans les archives de LVMH \u00e0 LV Dream<\/p>\n<p class=\"mb-4 text-lg md:leading-8 break-words\">Infos pratiques : LV Dream\u00a0&#8211;\u00a026 quai de la m\u00e9gisserie\u00a0&#8211;\u00a0gratuit sur r\u00e9servation.<\/p>\n<p class=\"mb-4 text-lg md:leading-8 break-words\">Divis\u00e9e en huit salles, cette exposition laisse entrer dans l\u2019histoire de la maison LVMH.\u00a0L\u2019art des vitrines, l\u2019\u00e9l\u00e9gance \u00e0 la <a href=\"https:\/\/www.elle.fr\/Mode\/Les-defiles-de-mode\/Louis-Vuitton#\" rel=\"nofollow noopener\" target=\"_blank\" data-ylk=\"slk:Louis Vuitton;elm:context_link;itc:0;sec:content-canvas\" class=\"link \">Louis Vuitton<\/a> ou encore leurs fameuses malles, laissez-vous emporter au fil des ann\u00e9es et des histoires que cette exposition a \u00e0 vous faire\u00a0d\u00e9couvrir. Au-del\u00e0 des archives de la maison, vous pourrez vivre une partie de l\u2019exp\u00e9rience\u00a0en r\u00e9alit\u00e9 augment\u00e9e, en collaboration avec Snapchat ; permettant de d\u00e9couvrir quatre\u00a0espaces de l\u2019exposition \u00e0 travers des contenus immersifs et interactifs.<\/p>\n<p class=\"mb-4 text-lg md:leading-8 break-words\"><a href=\"https:\/\/www.elle.fr\/Loisirs\/Sorties\/News\/Que-faire-a-Paris-ce-week-end-du-6-7-et-8-mars-2026-4452134\" rel=\"nofollow noopener\" target=\"_blank\" data-ylk=\"slk:Voir l&#039;article original sur ELLE;elm:context_link;itc:0;sec:content-canvas\" class=\"link \">Voir l&rsquo;article original sur ELLE<\/a><\/p>\n","protected":false},"excerpt":{"rendered":"Street Art engag\u00e9 pour les droits des femmes Infos pratiques : 8 mars\u00a0&#8211;\u00a0de 11h \u00e0 18h\u00a0&#8211;\u00a0centre d\u2019h\u00e9bergement Cristino&hellip;\n","protected":false},"author":2,"featured_media":774004,"comment_status":"","ping_status":"","sticky":false,"template":"","format":"standard","meta":{"footnotes":"","_share_on_mastodon":"0"},"categories":[1888],"tags":[11,85698,61673,85697,6121,1777,674,1011,27,38968,3417,12,626,25],"class_list":["post-774003","post","type-post","status-publish","format-standard","has-post-thumbnail","category-paris","tag-actualites","tag-art-engage","tag-centre-dhebergement","tag-cristino-garcia","tag-droits-des-femmes","tag-eu","tag-europe","tag-fr","tag-france","tag-infos-pratiques","tag-musee-des-arts-et-metiers","tag-news","tag-paris","tag-republique-francaise"],"share_on_mastodon":{"url":"https:\/\/pubeurope.com\/@fr\/116168566121542767","error":""},"_links":{"self":[{"href":"https:\/\/www.europesays.com\/fr\/wp-json\/wp\/v2\/posts\/774003","targetHints":{"allow":["GET"]}}],"collection":[{"href":"https:\/\/www.europesays.com\/fr\/wp-json\/wp\/v2\/posts"}],"about":[{"href":"https:\/\/www.europesays.com\/fr\/wp-json\/wp\/v2\/types\/post"}],"author":[{"embeddable":true,"href":"https:\/\/www.europesays.com\/fr\/wp-json\/wp\/v2\/users\/2"}],"replies":[{"embeddable":true,"href":"https:\/\/www.europesays.com\/fr\/wp-json\/wp\/v2\/comments?post=774003"}],"version-history":[{"count":0,"href":"https:\/\/www.europesays.com\/fr\/wp-json\/wp\/v2\/posts\/774003\/revisions"}],"wp:featuredmedia":[{"embeddable":true,"href":"https:\/\/www.europesays.com\/fr\/wp-json\/wp\/v2\/media\/774004"}],"wp:attachment":[{"href":"https:\/\/www.europesays.com\/fr\/wp-json\/wp\/v2\/media?parent=774003"}],"wp:term":[{"taxonomy":"category","embeddable":true,"href":"https:\/\/www.europesays.com\/fr\/wp-json\/wp\/v2\/categories?post=774003"},{"taxonomy":"post_tag","embeddable":true,"href":"https:\/\/www.europesays.com\/fr\/wp-json\/wp\/v2\/tags?post=774003"}],"curies":[{"name":"wp","href":"https:\/\/api.w.org\/{rel}","templated":true}]}}