{"id":774053,"date":"2026-03-04T03:04:13","date_gmt":"2026-03-04T03:04:13","guid":{"rendered":"https:\/\/www.europesays.com\/fr\/774053\/"},"modified":"2026-03-04T03:04:13","modified_gmt":"2026-03-04T03:04:13","slug":"la-chine-fait-pression-sur-la-mairie-de-strasbourg-en-demandant-la-deprogrammation-dune-piece-de-theatre","status":"publish","type":"post","link":"https:\/\/www.europesays.com\/fr\/774053\/","title":{"rendered":"La Chine fait pression sur la mairie de Strasbourg en demandant la d\u00e9programmation d\u2019une pi\u00e8ce de th\u00e9\u00e2tre"},"content":{"rendered":"<p>\n    \u00ab\u00a0La libert\u00e9 de cr\u00e9ation et artistique est prot\u00e9g\u00e9e en France\u00a0\u00bb, a r\u00e9pondu la mairie en apportant son soutien \u00e0 la salle et \u00e0 l\u2019\u00e9quipe artistique de ce spectacle qui questionne l\u2019\u00e2me de Ta\u00efwan.<\/p>\n<p class=\"fig-paragraph\">Le consulat de Chine \u00e0 Strasbourg a demand\u00e9 la d\u00e9programmation d&rsquo;une pi\u00e8ce de th\u00e9\u00e2tre consacr\u00e9e \u00e0\u00a0<a href=\"http:\/\/www.lefigaro.fr\/theatre\/en-asie-on-est-le-seul-pays-a-pouvoir-parler-de-tout-au-festival-d-avignon-taiwan-fait-entendre-sa-voix-20240705\" data-fig-type=\"Article\" data-gtm-custom-categorie=\"navigation\" data-gtm-custom-action=\"crossclick\" data-gtm-custom-label=\"Contextuel\" data-gtm-event=\"customEventSPE\" data-fig-domain=\"LEFIGARO\" rel=\"nofollow noopener\" target=\"_blank\">Ta\u00efwan\u00a0<\/a>dans la capitale alsacienne, a indiqu\u00e9 mardi 3 mars, \u00e0 l&rsquo;AFP la maire \u00e9cologiste Jeanne Barseghian, qui a d\u00e9nonc\u00e9 une intervention \u00ab\u00a0extr\u00eamement grave\u00a0\u00bb. Le Maillon,\u00a0<a href=\"http:\/\/www.lefigaro.fr\/theatre\/les-manes-de-marcel-pagnol-et-de-fernandel-invoques-dans-un-spectacle-en-tournee-dans-les-eglises-20260301\" data-fig-type=\"Article\" data-gtm-custom-categorie=\"navigation\" data-gtm-custom-action=\"crossclick\" data-gtm-custom-label=\"Contextuel\" data-gtm-event=\"customEventSPE\" data-fig-domain=\"LEFIGARO\" rel=\"nofollow noopener\" target=\"_blank\">th\u00e9\u00e2tre\u00a0<\/a>de la ville de Strasbourg, pr\u00e9sente de jeudi\u00a05 au samedi\u00a07\u00a0mars la pi\u00e8ce Ceci n&rsquo;est pas une ambassade (Made in Ta\u00efwan) du metteur en sc\u00e8ne suisse\u00a0<a href=\"https:\/\/www.lefigaro.fr\/2006\/07\/14\/03004-20060714ARTFIG90123-stefan_kaegi_voyageur_avec_bagages.php\" data-fig-type=\"Article\" data-gtm-custom-categorie=\"navigation\" data-gtm-custom-action=\"crossclick\" data-gtm-custom-label=\"Contextuel\" data-gtm-event=\"customEventSPE\" data-fig-domain=\"LEFIGARO\" rel=\"nofollow noopener\" target=\"_blank\">Stefan Kaegi<\/a>. La pi\u00e8ce se veut \u00ab\u00a0une ambassade th\u00e9\u00e2trale\u00a0\u00bb pour l&rsquo;\u00eele priv\u00e9e de repr\u00e9sentation diplomatique dans la plupart des pays du monde et gouvern\u00e9e s\u00e9par\u00e9ment de la Chine continentale depuis 1949.<\/p>\n<p class=\"fig-paragraph\">Confirmant une information du site Rue89 Strasbourg, la maire de la ville a indiqu\u00e9 avoir re\u00e7u une lettre du consulat de Chine \u00ab\u00a0demandant la d\u00e9programmation de la pi\u00e8ce au motif que \u00e7a pose un probl\u00e8me dans l&rsquo;\u00e9tablissement des relations diplomatiques entre la Chine et la France\u00a0\u00bb.<\/p>\n<p>                                            <a class=\"fig-a11y-skip\" href=\"#fig-a11y-skip-main-inarticle\" is=\"fig-a11y-skip\" data-trigger-mode=\"visible-once\"><br \/>\n    Passer la publicit\u00e9<br \/>\n<\/a>            <\/p>\n<p>                                            Gouvern\u00e9e s\u00e9par\u00e9ment de la Chine depuis 1949<\/p>\n<p class=\"fig-paragraph\">Jeanne Barseghian a pr\u00e9cis\u00e9 avoir r\u00e9pondu dans la journ\u00e9e au consulat \u00ab\u00a0en rappelant la loi fran\u00e7aise\u00a0\u00bb, \u00e0 savoir que \u00ab\u00a0tout simplement, la libert\u00e9 de cr\u00e9ation et artistique est prot\u00e9g\u00e9e en France\u00a0\u00bb. \u00ab\u00a0\u00c7a doit vraiment nous inqui\u00e9ter\u00a0\u00bb, a ajout\u00e9 la maire, qui a dit avoir exprim\u00e9 son \u00ab\u00a0soutien aux \u00e9quipes du Maillon\u00a0\u00bb et s&rsquo;\u00eatre rapproch\u00e9e de la Direction r\u00e9gionale des affaires culturelles (Drac), elle-m\u00eame en lien avec le minist\u00e8re de la Culture, \u00ab\u00a0parce que c&rsquo;est extr\u00eamement grave (dans un contexte) d&rsquo;attaques r\u00e9p\u00e9t\u00e9es et rapproch\u00e9es contre la libert\u00e9 de cr\u00e9ation\u00a0\u00bb. Sollicit\u00e9, le consulat de Chine \u00e0\u00a0<a href=\"http:\/\/www.lefigaro.fr\/culture\/opera-double-coup-de-theatre-a-strasbourg-et-a-toulouse-20260126\" data-fig-type=\"Article\" data-gtm-custom-categorie=\"navigation\" data-gtm-custom-action=\"crossclick\" data-gtm-custom-label=\"Contextuel\" data-gtm-event=\"customEventSPE\" data-fig-domain=\"LEFIGARO\" rel=\"nofollow noopener\" target=\"_blank\">Strasbourg\u00a0<\/a>n&rsquo;a pas r\u00e9pondu dans l&rsquo;imm\u00e9diat aux questions de l&rsquo;AFP.<\/p>\n<p class=\"fig-paragraph\">La Chine communiste, qui consid\u00e8re Ta\u00efwan comme une de ses provinces et n&rsquo;exclut pas d&rsquo;y \u00e9tablir sa souverainet\u00e9 par la force, n&rsquo;admet aucune relation diplomatique entre l&rsquo;\u00eele et des pays \u00e9trangers. En \u00e9tablissant des relations diplomatiques avec P\u00e9kin en 1964, Paris avait d\u00fb rompre au pr\u00e9alable avec Ta\u00efpei, qui n&rsquo;est plus reconnu que par une poign\u00e9e d&rsquo;\u00c9tats, dont le Vatican.<\/p>\n","protected":false},"excerpt":{"rendered":"\u00ab\u00a0La libert\u00e9 de cr\u00e9ation et artistique est prot\u00e9g\u00e9e en France\u00a0\u00bb, a r\u00e9pondu la mairie en apportant son soutien&hellip;\n","protected":false},"author":2,"featured_media":774054,"comment_status":"","ping_status":"","sticky":false,"template":"","format":"standard","meta":{"footnotes":"","_share_on_mastodon":"0"},"categories":[4],"tags":[11,309,16639,1011,27,12,25,640],"class_list":["post-774053","post","type-post","status-publish","format-standard","has-post-thumbnail","category-france","tag-actualites","tag-chine","tag-consulat","tag-fr","tag-france","tag-news","tag-republique-francaise","tag-strasbourg"],"share_on_mastodon":{"url":"https:\/\/pubeurope.com\/@fr\/116168691875541484","error":""},"_links":{"self":[{"href":"https:\/\/www.europesays.com\/fr\/wp-json\/wp\/v2\/posts\/774053","targetHints":{"allow":["GET"]}}],"collection":[{"href":"https:\/\/www.europesays.com\/fr\/wp-json\/wp\/v2\/posts"}],"about":[{"href":"https:\/\/www.europesays.com\/fr\/wp-json\/wp\/v2\/types\/post"}],"author":[{"embeddable":true,"href":"https:\/\/www.europesays.com\/fr\/wp-json\/wp\/v2\/users\/2"}],"replies":[{"embeddable":true,"href":"https:\/\/www.europesays.com\/fr\/wp-json\/wp\/v2\/comments?post=774053"}],"version-history":[{"count":0,"href":"https:\/\/www.europesays.com\/fr\/wp-json\/wp\/v2\/posts\/774053\/revisions"}],"wp:featuredmedia":[{"embeddable":true,"href":"https:\/\/www.europesays.com\/fr\/wp-json\/wp\/v2\/media\/774054"}],"wp:attachment":[{"href":"https:\/\/www.europesays.com\/fr\/wp-json\/wp\/v2\/media?parent=774053"}],"wp:term":[{"taxonomy":"category","embeddable":true,"href":"https:\/\/www.europesays.com\/fr\/wp-json\/wp\/v2\/categories?post=774053"},{"taxonomy":"post_tag","embeddable":true,"href":"https:\/\/www.europesays.com\/fr\/wp-json\/wp\/v2\/tags?post=774053"}],"curies":[{"name":"wp","href":"https:\/\/api.w.org\/{rel}","templated":true}]}}