{"id":77426,"date":"2025-05-05T19:34:11","date_gmt":"2025-05-05T19:34:11","guid":{"rendered":"https:\/\/www.europesays.com\/fr\/77426\/"},"modified":"2025-05-05T19:34:11","modified_gmt":"2025-05-05T19:34:11","slug":"etre-artiste-est-un-marathon-originaire-du-sud-de-rennes-la-chanteuse-iris2000-croit-en","status":"publish","type":"post","link":"https:\/\/www.europesays.com\/fr\/77426\/","title":{"rendered":"\u00ab\u00a0\u00catre artiste est un marathon\u00a0\u00bb\u00a0: originaire du sud de Rennes, la chanteuse Iris2000 croit en"},"content":{"rendered":"<p>Iris2000, plus connue \u00e0 Saint-Jacques-de-la-Lande (Ille-et-Vilaine) sous le nom d\u2019Iris Delayre, aime les jeux vid\u00e9o, la pop culture, les s\u00e9ries, les chats et la litt\u00e9rature. Elle vient de sortir son deuxi\u00e8me clip.<\/p>\n<p> <strong>Lire aussi\u00a0:<\/strong> <a href=\"https:\/\/rennes.maville.com\/actu\/actudet_-la-fondation-du-patrimoine-decouvre-la-ferronnerie-d-art-chez-creze-a-saint-jacques-de-la-lande-_7-6793195_actu.Htm\" target=\"_blank\" rel=\"noopener\">La Fondation du Patrimoine d\u00e9couvre la ferronnerie d\u2019art chez Cr\u00e9z\u00e9, \u00e0 Saint-Jacques-de-la-Lande<\/a> <\/p>\n<p><strong> Des d\u00e9buts gr\u00e2ce \u00e0 sa grand-m\u00e8re <\/strong><\/p>\n<p>La nuit la Jacquolandine de 24\u00a0ans est surveillante dans des \u00e9tablissements m\u00e9dico-sociaux et, r\u00e9guli\u00e8rement, technicienne du son.<\/p>\n<p>Le jour, elle vit son r\u00eave d\u2019auteure, compositrice et interpr\u00e8te. Le deuxi\u00e8me clip de son futur disque, Soft boy, vient d\u2019\u00eatre mis en ligne.  On peut l\u2019\u00e9couter sur les grandes plateformes musicales.<\/p>\n<p>\u00a0J\u2019ai commenc\u00e9 la musique \u00e0 7\u00a0ans gr\u00e2ce \u00e0 ma grand-m\u00e8re. Elle avait achet\u00e9 un piano pour ses petits-enfants. Certains \u00e9crivent des journaux intimes. Je le fais en musique en puisant dans tout ce qui m\u2019obs\u00e8de , explique l\u2019artiste.  J\u2019ai toujours \u00e9t\u00e9 tr\u00e8s active. Je donne beaucoup aux autres. La musique est mon moment d\u2019introspection. Elle cherche avant tout \u00e0 raconter ce qui r\u00e9sonne, ce qui me fait vibrer.\u00a0<\/p>\n<p> <strong>Lire aussi\u00a0:<\/strong> <a href=\"https:\/\/rennes.maville.com\/actu\/actudet_-saint-jacques-de-la-lande.-son-association-soutient-le-sport-a-madagascar-_7-6789249_actu.Htm\" target=\"_blank\" rel=\"noopener\">Saint-Jacques-de-la-Lande. Son association soutient le sport \u00e0 Madagascar<\/a> <\/p>\n<p><strong> \u00ab\u00a0Je crois \u00e0 l\u2019action\u00a0\u00bb <\/strong><\/p>\n<p>Pourtant, en 2021, elle a failli tout arr\u00eater du fait de la pr\u00e9carit\u00e9 du statut d\u2019artiste. L\u2019appel d\u2019un label l\u2019a remise au travail.  \u00a0\u00catre artiste est un marathon \u00e0 tenir sur du long terme. On finit par douter. Heureusement je suis bien entour\u00e9e. L\u2019acte de cr\u00e9ation est solitaire mais j\u2019ai tout une \u00e9quipe autour de ce projet , reconna\u00eet l\u2019int\u00e9ress\u00e9e.  L\u2019\u00e9chec est possible mais j\u2019aurai essay\u00e9. Je crois \u00e0 l\u2019action, au fait de mettre en lien les gens et les choses.\u00a0<\/p>\n<p>Peut-\u00eatre aussi l\u2019envie de parler de sujets lui tenant \u00e0 c\u0153ur\u00a0: l\u2019\u00e9cologie, la place des femmes, la relation \u00e0 l\u2019autre.  \u00a0Mes chansons naissent des \u00e9changes avec moi-m\u00eame. Ce sont des textes po\u00e9tiques dans lequel j\u2019utilise la m\u00e9taphore, l\u2019ellipse, pour que chacun puisse se les approprier , ajoute-t-elle.  Il y a tellement de combats \u00e0 mener. J\u2019ai d\u00fb choisir et j\u2019ai retenu l\u2019art. Il est n\u00e9cessaire \u00e0 la vie. La cr\u00e9ation est un essentiel pour nourrir l\u2019\u00e2me et la pens\u00e9e.\u00a0  Elle le fait de la plus belle des fa\u00e7ons.<\/p>\n<p>Contact\u00a0: linktr.ee\/Iris2000music ou Instagram\u00a0: iris2000music.<\/p>\n<p>\u00a0<\/p>\n","protected":false},"excerpt":{"rendered":"Iris2000, plus connue \u00e0 Saint-Jacques-de-la-Lande (Ille-et-Vilaine) sous le nom d\u2019Iris Delayre, aime les jeux vid\u00e9o, la pop culture,&hellip;\n","protected":false},"author":2,"featured_media":77427,"comment_status":"","ping_status":"","sticky":false,"template":"","format":"standard","meta":{"footnotes":""},"categories":[2821],"tags":[1111,11,3734,2593,829,2704,16071,1777,674,1011,27,18293,7178,12,9419,3086,584,25,7053],"class_list":{"0":"post-77426","1":"post","2":"type-post","3":"status-publish","4":"format-standard","5":"has-post-thumbnail","7":"category-rennes","8":"tag-actu","9":"tag-actualites","10":"tag-art","11":"tag-artiste","12":"tag-bretagne","13":"tag-chanteuse","14":"tag-croit","15":"tag-eu","16":"tag-europe","17":"tag-fr","18":"tag-france","19":"tag-iris2000","20":"tag-marathon","21":"tag-news","22":"tag-originaire","23":"tag-redon","24":"tag-rennes","25":"tag-republique-francaise","26":"tag-sud"},"share_on_mastodon":{"url":"https:\/\/pubeurope.com\/@fr\/114456904793564798","error":""},"_links":{"self":[{"href":"https:\/\/www.europesays.com\/fr\/wp-json\/wp\/v2\/posts\/77426","targetHints":{"allow":["GET"]}}],"collection":[{"href":"https:\/\/www.europesays.com\/fr\/wp-json\/wp\/v2\/posts"}],"about":[{"href":"https:\/\/www.europesays.com\/fr\/wp-json\/wp\/v2\/types\/post"}],"author":[{"embeddable":true,"href":"https:\/\/www.europesays.com\/fr\/wp-json\/wp\/v2\/users\/2"}],"replies":[{"embeddable":true,"href":"https:\/\/www.europesays.com\/fr\/wp-json\/wp\/v2\/comments?post=77426"}],"version-history":[{"count":0,"href":"https:\/\/www.europesays.com\/fr\/wp-json\/wp\/v2\/posts\/77426\/revisions"}],"wp:featuredmedia":[{"embeddable":true,"href":"https:\/\/www.europesays.com\/fr\/wp-json\/wp\/v2\/media\/77427"}],"wp:attachment":[{"href":"https:\/\/www.europesays.com\/fr\/wp-json\/wp\/v2\/media?parent=77426"}],"wp:term":[{"taxonomy":"category","embeddable":true,"href":"https:\/\/www.europesays.com\/fr\/wp-json\/wp\/v2\/categories?post=77426"},{"taxonomy":"post_tag","embeddable":true,"href":"https:\/\/www.europesays.com\/fr\/wp-json\/wp\/v2\/tags?post=77426"}],"curies":[{"name":"wp","href":"https:\/\/api.w.org\/{rel}","templated":true}]}}