{"id":77434,"date":"2025-05-05T19:38:08","date_gmt":"2025-05-05T19:38:08","guid":{"rendered":"https:\/\/www.europesays.com\/fr\/77434\/"},"modified":"2025-05-05T19:38:08","modified_gmt":"2025-05-05T19:38:08","slug":"un-gerant-de-bar-aux-assises-a-nice","status":"publish","type":"post","link":"https:\/\/www.europesays.com\/fr\/77434\/","title":{"rendered":"un g\u00e9rant de bar aux assises \u00e0 Nice"},"content":{"rendered":"<p>Il avait tu\u00e9 un client dans un acc\u00e8s de rage et coul\u00e9 son corps dans le b\u00e9ton, dans sa cave \u00e0 Nice : le proc\u00e8s d&rsquo;un g\u00e9rant de bar de 58 ans s&rsquo;est ouvert lundi devant <a href=\"https:\/\/www.laprovence.com\/article\/france-monde\/8394533178319614\/un-ex-braqueur-accuse-davoir-tue-son-pere-finalement-acquitte-a-nice\" target=\"_blank\" rel=\"noopener\">la cour d&rsquo;assises des Alpes-Maritimes<\/a>. Le soir du 6 f\u00e9vrier 2022, M&rsquo;hand Goumiri, qui travaillait en int\u00e9rim comme technicien de fibre optique, avait quitt\u00e9 son appartement vers minuit, laissant la t\u00e9l\u00e9vision et la lumi\u00e8re du salon allum\u00e9es et son t\u00e9l\u00e9phone branch\u00e9 sur le chargeur. Puis il n&rsquo;a plus donn\u00e9 signe de vie.<\/p>\n","protected":false},"excerpt":{"rendered":"Il avait tu\u00e9 un client dans un acc\u00e8s de rage et coul\u00e9 son corps dans le b\u00e9ton, dans&hellip;\n","protected":false},"author":2,"featured_media":77435,"comment_status":"","ping_status":"","sticky":false,"template":"","format":"standard","meta":{"footnotes":""},"categories":[2819],"tags":[17,1111,11,9732,18296,18294,18295,1446,1777,674,274,1011,27,18297,12,2401,882,25],"class_list":{"0":"post-77434","1":"post","2":"type-post","3":"status-publish","4":"format-standard","5":"has-post-thumbnail","7":"category-nice","8":"tag-17","9":"tag-actu","10":"tag-actualites","11":"tag-bar","12":"tag-beton","13":"tag-client","14":"tag-coule","15":"tag-dans","16":"tag-eu","17":"tag-europe","18":"tag-faits-divers-justice","19":"tag-fr","20":"tag-france","21":"tag-gerant","22":"tag-news","23":"tag-nice","24":"tag-provence-alpes-cote-dazur","25":"tag-republique-francaise"},"share_on_mastodon":{"url":"https:\/\/pubeurope.com\/@fr\/114456920335957664","error":""},"_links":{"self":[{"href":"https:\/\/www.europesays.com\/fr\/wp-json\/wp\/v2\/posts\/77434","targetHints":{"allow":["GET"]}}],"collection":[{"href":"https:\/\/www.europesays.com\/fr\/wp-json\/wp\/v2\/posts"}],"about":[{"href":"https:\/\/www.europesays.com\/fr\/wp-json\/wp\/v2\/types\/post"}],"author":[{"embeddable":true,"href":"https:\/\/www.europesays.com\/fr\/wp-json\/wp\/v2\/users\/2"}],"replies":[{"embeddable":true,"href":"https:\/\/www.europesays.com\/fr\/wp-json\/wp\/v2\/comments?post=77434"}],"version-history":[{"count":0,"href":"https:\/\/www.europesays.com\/fr\/wp-json\/wp\/v2\/posts\/77434\/revisions"}],"wp:featuredmedia":[{"embeddable":true,"href":"https:\/\/www.europesays.com\/fr\/wp-json\/wp\/v2\/media\/77435"}],"wp:attachment":[{"href":"https:\/\/www.europesays.com\/fr\/wp-json\/wp\/v2\/media?parent=77434"}],"wp:term":[{"taxonomy":"category","embeddable":true,"href":"https:\/\/www.europesays.com\/fr\/wp-json\/wp\/v2\/categories?post=77434"},{"taxonomy":"post_tag","embeddable":true,"href":"https:\/\/www.europesays.com\/fr\/wp-json\/wp\/v2\/tags?post=77434"}],"curies":[{"name":"wp","href":"https:\/\/api.w.org\/{rel}","templated":true}]}}