{"id":77437,"date":"2025-05-05T19:40:08","date_gmt":"2025-05-05T19:40:08","guid":{"rendered":"https:\/\/www.europesays.com\/fr\/77437\/"},"modified":"2025-05-05T19:40:08","modified_gmt":"2025-05-05T19:40:08","slug":"voici-comment-profiter-du-spectacle","status":"publish","type":"post","link":"https:\/\/www.europesays.com\/fr\/77437\/","title":{"rendered":"voici comment profiter du spectacle"},"content":{"rendered":"<p>            Par<br \/>\n        <strong><br \/>\n            <a href=\"https:\/\/actu.fr\/auteur\/redaction-nantes\" title=\"Consulter tous les articles de R\u00e9daction Nantes\" rel=\"nofollow noopener\" target=\"_blank\">R\u00e9daction Nantes<\/a><br \/>\n        <\/strong><\/p>\n<p>        Publi\u00e9 le<\/p>\n<p>            5 mai 2025 \u00e0 19h31        <\/p>\n<p>\u00ab\u2009Il faut avoir les yeux grands ouverts.\u2009\u00bb C\u2019est en tout cas le conseil de Vincent Jean-Victor, m\u00e9diateur scientifique au <a href=\"https:\/\/planetarium.nantesmetropole.fr\/accueil.html\" rel=\"nofollow noopener\" target=\"_blank\">plan\u00e9tarium de Nantes<\/a>, \u00e0 l\u2019occasion de cette pluie de m\u00e9t\u00e9orites. Bien que l\u2019\u00e9v\u00e9nement n\u2019ait rien de tr\u00e8s rare, c\u2019est l\u2019une des pluies de m\u00e9t\u00e9orites annuelles avec plus d\u2019\u00e9toiles filantes que d\u2019ordinaire. Et <strong>la nuit du 5 au 6\u00a0mai 2025<\/strong> sera certainement la plus prolifique en termes d\u2019\u00e9toiles filantes.<\/p>\n<p class=\" wall-content\">D\u2019un point de vue plus scientifique, le ph\u00e9nom\u00e8ne est d\u00fb aux particules que laisse une com\u00e8te lorsqu\u2019elle s\u2019approche du soleil, et au croisement de trajectoire entre ces particules et les m\u00e9t\u00e9orites, qui s\u2019illuminent.<\/p>\n<p>Un spectacle accessible sous certaines conditions<\/p>\n<p class=\" wall-content\">Pour admirer les m\u00e9t\u00e9orites, et se coucher avec des \u00e9toiles dans les yeux, Vincent nous rassure\u2009: <strong>pas besoin de mat\u00e9riel<\/strong>. Mais pour regarder les \u00cata aquarides, un ciel d\u00e9gag\u00e9 et aussi sombre que <strong>possible faciliterait beaucoup la vie aux passionn\u00e9s d\u2019astronomie ou aux romantiques<\/strong>.<\/p>\n<p class=\" wall-content\">Pour mettre toutes les chances de votre c\u00f4t\u00e9, \u00e9loignez-vous de la pollution lumineuse, qui risquerait de g\u00e2cher le spectacle. Alors rendez-vous en campagne\u2009! Cette nuit, on peut esp\u00e9rer apercevoir une dizaine de m\u00e9t\u00e9ores par heure.<\/p>\n<p class=\" wall-content\"><strong>Tristan Mahe (stagiaire)<\/strong><\/p>\n<p class=\" wall-content\">Suivez toute l\u2019actualit\u00e9 de vos villes et m\u00e9dias favoris en vous inscrivant \u00e0 <a href=\"https:\/\/moncompte.actu.fr\" title=\"D\u00e9couvez Mon Actu\" rel=\"nofollow noopener\" data-trk=\"{&quot;cta&quot;:{&quot;action&quot;:&quot;https:\\\/\\\/moncompte.actu.fr&quot;,&quot;category&quot;:&quot;mon compte&quot;,&quot;from&quot;:&quot;article footer&quot;,&quot;name&quot;:&quot;Mon actu&quot;,&quot;type&quot;:&quot;cta&quot;}}\" target=\"_blank\">Mon Actu<\/a>.<\/p>\n","protected":false},"excerpt":{"rendered":"Par R\u00e9daction Nantes Publi\u00e9 le 5 mai 2025 \u00e0 19h31 \u00ab\u2009Il faut avoir les yeux grands ouverts.\u2009\u00bb C\u2019est&hellip;\n","protected":false},"author":2,"featured_media":77438,"comment_status":"","ping_status":"","sticky":false,"template":"","format":"standard","meta":{"footnotes":""},"categories":[2818],"tags":[1111,11,48,386,1777,674,1011,27,766,12,2636,25,104],"class_list":{"0":"post-77437","1":"post","2":"type-post","3":"status-publish","4":"format-standard","5":"has-post-thumbnail","7":"category-nantes","8":"tag-actu","9":"tag-actualites","10":"tag-astronomie","11":"tag-espace","12":"tag-eu","13":"tag-europe","14":"tag-fr","15":"tag-france","16":"tag-nantes","17":"tag-news","18":"tag-pays-de-la-loire","19":"tag-republique-francaise","20":"tag-societe"},"share_on_mastodon":{"url":"https:\/\/pubeurope.com\/@fr\/114456928394661353","error":""},"_links":{"self":[{"href":"https:\/\/www.europesays.com\/fr\/wp-json\/wp\/v2\/posts\/77437","targetHints":{"allow":["GET"]}}],"collection":[{"href":"https:\/\/www.europesays.com\/fr\/wp-json\/wp\/v2\/posts"}],"about":[{"href":"https:\/\/www.europesays.com\/fr\/wp-json\/wp\/v2\/types\/post"}],"author":[{"embeddable":true,"href":"https:\/\/www.europesays.com\/fr\/wp-json\/wp\/v2\/users\/2"}],"replies":[{"embeddable":true,"href":"https:\/\/www.europesays.com\/fr\/wp-json\/wp\/v2\/comments?post=77437"}],"version-history":[{"count":0,"href":"https:\/\/www.europesays.com\/fr\/wp-json\/wp\/v2\/posts\/77437\/revisions"}],"wp:featuredmedia":[{"embeddable":true,"href":"https:\/\/www.europesays.com\/fr\/wp-json\/wp\/v2\/media\/77438"}],"wp:attachment":[{"href":"https:\/\/www.europesays.com\/fr\/wp-json\/wp\/v2\/media?parent=77437"}],"wp:term":[{"taxonomy":"category","embeddable":true,"href":"https:\/\/www.europesays.com\/fr\/wp-json\/wp\/v2\/categories?post=77437"},{"taxonomy":"post_tag","embeddable":true,"href":"https:\/\/www.europesays.com\/fr\/wp-json\/wp\/v2\/tags?post=77437"}],"curies":[{"name":"wp","href":"https:\/\/api.w.org\/{rel}","templated":true}]}}