{"id":77453,"date":"2025-05-05T19:48:08","date_gmt":"2025-05-05T19:48:08","guid":{"rendered":"https:\/\/www.europesays.com\/fr\/77453\/"},"modified":"2025-05-05T19:48:08","modified_gmt":"2025-05-05T19:48:08","slug":"info-la-provence-un-homme-crible-de-balles-a-la-castellane-a-marseille","status":"publish","type":"post","link":"https:\/\/www.europesays.com\/fr\/77453\/","title":{"rendered":"INFO LA PROVENCE. Un homme cribl\u00e9 de balles \u00e0 La Castellane \u00e0 Marseille"},"content":{"rendered":"<p>Un homme a \u00e9t\u00e9 bless\u00e9 par balles ce lundi 5\u00a0mai \u00e0 <a href=\"https:\/\/www.laprovence.com\/article\/region\/1813255730830314\/marseille-a-la-castellane-un-an-apres-la-visite-demmanuel-macron-les-habitants-se-sentent-abandonnes\" target=\"_blank\" rel=\"noopener\">La Castellane<\/a>, dans le 15e arrondissement de <a href=\"https:\/\/www.laprovence.com\/ville\/marseille\" target=\"_blank\" rel=\"noopener\">Marseille<\/a>. Atteint \u00e0 de multiples reprises, il a \u00e9t\u00e9 transport\u00e9 dans un \u00e9tat grave \u00e0 l\u2019h\u00f4pital.<\/p>\n<p>Plusieurs coups de feu ont retenti peu apr\u00e8s 17\u00a0heures, dans le quartier Saint-Antoine. Sur le boulevard Henri Barnier, voie passante \u00e0 proximit\u00e9 de la cit\u00e9 de la Castellane, un homme, fauch\u00e9 par les tirs, s\u2019effondre, victime de plusieurs balles.<\/p>\n<p>Une enqu\u00eate ouverte<\/p>\n<p>\u00c2g\u00e9e de 27\u00a0ans, la victime a rapidement \u00e9t\u00e9 prise en charge par les marins-pompiers de Marseille, mais son pronostic vital \u00e9tait engag\u00e9 lorsque les secours l\u2019ont conduit en urgence \u00e0 l\u2019h\u00f4pital.<\/p>\n<p>La police s\u2019est aussit\u00f4t d\u00e9ploy\u00e9e sur les lieux et une enqu\u00eate a \u00e9t\u00e9 ouverte.<\/p>\n<p>Cette tentative d\u2019assassinat survient une semaine, jour pour jour, apr\u00e8s la conf\u00e9rence de presse du procureur de la R\u00e9publique <a href=\"https:\/\/www.laprovence.com\/article\/faits-divers-justice\/19890164506014\/a-marseille-la-realite-depasse-la-fiction-notre-interview-de-nicolas-bessone-procureur-de-la-republique\" target=\"_blank\" rel=\"noopener\">Nicolas Bessone<\/a> et de <a href=\"https:\/\/www.laprovence.com\/article\/faits-divers-justice\/3949047875979214\/a-marseille-la-police-reunit-ses-grands-flics-pour-evoquer-un-demi-siecle-de-lutte-antidrogue\" target=\"_blank\" rel=\"noopener\">Philippe Frizon<\/a>, le patron de la police judiciaire, qui avaient alors d\u00e9taill\u00e9 les arcanes d\u2019un vaste coup de filet men\u00e9 le 24\u00a0avril dernier, dans le but de d\u00e9capiter le puissant r\u00e9seau de trafic de stup\u00e9fiants de la Castellane.<\/p>\n<p>Un r\u00e9seau qui continuait de prosp\u00e9rer malgr\u00e9 l\u2019interpellation et la d\u00e9tention de son chef <a href=\"https:\/\/www.laprovence.com\/article\/region\/20071512778598\/narcotrafic-mohamed-djeha-alias-mimo-le-boss-de-la-castellane-arrete-en-algerie\" target=\"_blank\" rel=\"noopener\">Mohamed Djeha, dit \u00a0\u00bb Mimo \u00ab\u00a0<\/a>, notamment par l\u2019entremise du fr\u00e8re de Mimo, Rachid Djeha et du principal contrema\u00eetre de l\u2019organisation de narcotrafiquants, Samir Idri, qui s\u2019\u00e9taient adapt\u00e9s aux \u00ab\u00a0contraintes du march\u00e9\u00a0\u00bb en d\u00e9localisant leurs activit\u00e9s criminelles en dehors de la Castellane. Les deux hommes, qualifi\u00e9s d\u2019acteurs du \u00ab\u00a0haut du spectre\u00a0\u00bb par le ministre de l\u2019Int\u00e9rieur Bruno Retailleau, avaient \u00e9t\u00e9 interpell\u00e9s le 24\u00a0mai \u00e0 l\u2019aube, en m\u00eame temps que 24 autres personnes suspect\u00e9es d\u2019appartenir au gang marseillais. Ils ont, depuis, \u00e9t\u00e9 plac\u00e9s en d\u00e9tention provisoire pour \u00a0\u00bb direction de groupement ayant pour objet une activit\u00e9 li\u00e9e aux stup\u00e9fiants \u00ab\u00a0. Une infraction de nature criminelle, \u00a0\u00bb la plus lourdement r\u00e9prim\u00e9e par le Code p\u00e9nal puisque les personnes mises en examen de ce chef encourront la r\u00e9clusion criminelle \u00e0 perp\u00e9tuit\u00e9 \u00a0\u00bb avait soulign\u00e9 le procureur Bessone le 28\u00a0mai dernier.<\/p>\n<p>La fusillade de ce lundi 5\u00a0mai est-elle est un soubresaut d\u2019une interminable guerre de territoires sur fond de narcotrafic\u00a0? Les enqu\u00eateurs de la police judiciaire vont s\u2019atteler \u00e0 le d\u00e9terminer.<\/p>\n","protected":false},"excerpt":{"rendered":"Un homme a \u00e9t\u00e9 bless\u00e9 par balles ce lundi 5\u00a0mai \u00e0 La Castellane, dans le 15e arrondissement de&hellip;\n","protected":false},"author":2,"featured_media":77454,"comment_status":"","ping_status":"","sticky":false,"template":"","format":"standard","meta":{"footnotes":""},"categories":[2814],"tags":[17,1111,11,7951,4110,18298,1777,674,274,1011,27,4933,1922,884,12,1186,882,25],"class_list":{"0":"post-77453","1":"post","2":"type-post","3":"status-publish","4":"format-standard","5":"has-post-thumbnail","7":"category-marseille","8":"tag-17","9":"tag-actu","10":"tag-actualites","11":"tag-balles","12":"tag-castellane","13":"tag-crible","14":"tag-eu","15":"tag-europe","16":"tag-faits-divers-justice","17":"tag-fr","18":"tag-france","19":"tag-homme","20":"tag-info","21":"tag-marseille","22":"tag-news","23":"tag-provence","24":"tag-provence-alpes-cote-dazur","25":"tag-republique-francaise"},"share_on_mastodon":{"url":"https:\/\/pubeurope.com\/@fr\/114456959691171204","error":""},"_links":{"self":[{"href":"https:\/\/www.europesays.com\/fr\/wp-json\/wp\/v2\/posts\/77453","targetHints":{"allow":["GET"]}}],"collection":[{"href":"https:\/\/www.europesays.com\/fr\/wp-json\/wp\/v2\/posts"}],"about":[{"href":"https:\/\/www.europesays.com\/fr\/wp-json\/wp\/v2\/types\/post"}],"author":[{"embeddable":true,"href":"https:\/\/www.europesays.com\/fr\/wp-json\/wp\/v2\/users\/2"}],"replies":[{"embeddable":true,"href":"https:\/\/www.europesays.com\/fr\/wp-json\/wp\/v2\/comments?post=77453"}],"version-history":[{"count":0,"href":"https:\/\/www.europesays.com\/fr\/wp-json\/wp\/v2\/posts\/77453\/revisions"}],"wp:featuredmedia":[{"embeddable":true,"href":"https:\/\/www.europesays.com\/fr\/wp-json\/wp\/v2\/media\/77454"}],"wp:attachment":[{"href":"https:\/\/www.europesays.com\/fr\/wp-json\/wp\/v2\/media?parent=77453"}],"wp:term":[{"taxonomy":"category","embeddable":true,"href":"https:\/\/www.europesays.com\/fr\/wp-json\/wp\/v2\/categories?post=77453"},{"taxonomy":"post_tag","embeddable":true,"href":"https:\/\/www.europesays.com\/fr\/wp-json\/wp\/v2\/tags?post=77453"}],"curies":[{"name":"wp","href":"https:\/\/api.w.org\/{rel}","templated":true}]}}