{"id":77455,"date":"2025-05-05T19:49:08","date_gmt":"2025-05-05T19:49:08","guid":{"rendered":"https:\/\/www.europesays.com\/fr\/77455\/"},"modified":"2025-05-05T19:49:08","modified_gmt":"2025-05-05T19:49:08","slug":"marseille-un-jeune-homme-crible-de-balles-a-la-castellane-transporte-en-urgence-a-lhopital","status":"publish","type":"post","link":"https:\/\/www.europesays.com\/fr\/77455\/","title":{"rendered":"Marseille\u00a0: un jeune homme, cribl\u00e9 de balles \u00e0 la Castellane, transport\u00e9 en urgence \u00e0 l\u2019h\u00f4pital"},"content":{"rendered":"<p class=\"paragraph text_align_left\">Son pronostic vital est engag\u00e9. Un homme a re\u00e7u plusieurs balles, ce lundi 5 mai, <a href=\"https:\/\/www.leparisien.fr\/faits-divers\/marseille-21-narcotrafiquants-du-haut-du-spectre-interpelles-ce-jeudi-matin-annonce-bruno-retailleau-24-04-2025-XQDIPFGYY5A5TGIOHNUF5NLVKA.php\" target=\"_blank\" rel=\"nofollow noopener\">dans la cit\u00e9 de la Castellane<\/a>, dans le XVIe arrondissement de Marseille (<a href=\"https:\/\/www.leparisien.fr\/bouches-du-rhone-13\/\" target=\"_blank\" rel=\"nofollow noopener\">Bouches-du-Rh\u00f4ne<\/a>), a appris Le Parisien, <a href=\"https:\/\/www.laprovence.com\/article\/faits-divers-justice\/633486763008314\/info-la-provence-un-homme-crible-de-balles-a-la-castellane-a-marseille\" target=\"_blank\" rel=\"nofollow noopener\">confirmant une information de La Provence.<\/a><\/p>\n<p class=\"paragraph text_align_left\">Atteint par plusieurs balles, la victime, un jeune homme de 26 ans, de nationalit\u00e9 alg\u00e9rienne, a \u00e9t\u00e9 transport\u00e9e \u00e0 l\u2019h\u00f4pital avec un pronostic vital engag\u00e9.<\/p>\n<p>Des douilles retrouv\u00e9es sur place<\/p>\n<p class=\"paragraph text_align_left\">Selon nos informations, les faits se sont d\u00e9roul\u00e9s un peu avant 17h30. La victime, \u00ab guetteur \u00bb dans la cit\u00e9, se trouvait sur le boulevard Henri Barnier, dans le quartier Saint-Antoine, quand la fusillade a \u00e9clat\u00e9. Il a re\u00e7u quatre balles, deux aux bras et deux \u00e0 l\u2019abdomen, avant de s\u2018effondrer, selon les premiers \u00e9l\u00e9ments de l\u2019enqu\u00eate.<\/p>\n<p class=\"paragraph text_align_left\">Les coups de feu auraient \u00e9t\u00e9 tir\u00e9s par deux individus \u00e0 scooter. La victime a rapidement \u00e9t\u00e9 prise en charge par les marins-pompiers de Marseille et conduite en urgence \u00e0 l\u2019h\u00f4pital. Il a \u00e9t\u00e9 op\u00e9r\u00e9 dans la foul\u00e9e et son pronostic vital n\u2019est d\u00e9sormais plus engag\u00e9, selon nos informations.<\/p>\n<p class=\"paragraph text_align_left\">Une enqu\u00eate a rapidement \u00e9t\u00e9 ouverte et la police judiciaire s\u2019est rendue sur place. Des douilles de calibre 9 mm ont \u00e9t\u00e9 retrouv\u00e9es sur le lieu de la fusillade, a appris Le Parisien. Contact\u00e9, le parquet de Marseille n\u2019a pas encore r\u00e9pondu \u00e0 nos sollicitations.<\/p>\n<p class=\"lp-card-podcast-highlighting__title lp-f-subtitle-05\">Les disparus de Mirepoix<\/p>\n<p class=\"lp-card-podcast-highlighting__description lp-f-ui-05\">Crime story raconte chaque semaine les grandes affaires criminelles.<\/p>\n<p><a class=\"lp-card-podcast-highlighting__call-to-action\" data-page-type=\"HP\" data-block-name=\"podcast-highlight\">\u00c9couter<\/a><\/p>\n<p class=\"paragraph text_align_left\">Jeudi 24 avril, <a href=\"https:\/\/www.leparisien.fr\/faits-divers\/narcotrafic-les-dessous-du-demantelement-de-la-coupole-mafieuse-de-la-cite-de-la-castellane-a-marseille-28-04-2025-TXFOGZMPKBBC7EOPUNKAEXHVWE.php\" target=\"_blank\" rel=\"nofollow noopener\">un vaste coup de filet a \u00e9t\u00e9 men\u00e9<\/a> contre le trafic de stup\u00e9fiants dans la cit\u00e9 de la Castellane, consid\u00e9r\u00e9e comme un des hauts lieux du trafic de drogue. Une vingtaine de personnes avaient \u00e9t\u00e9 interpell\u00e9es par 170 policiers \u00e0 Marseille.<\/p>\n","protected":false},"excerpt":{"rendered":"Son pronostic vital est engag\u00e9. Un homme a re\u00e7u plusieurs balles, ce lundi 5 mai, dans la cit\u00e9&hellip;\n","protected":false},"author":2,"featured_media":77456,"comment_status":"","ping_status":"","sticky":false,"template":"","format":"standard","meta":{"footnotes":""},"categories":[2814],"tags":[1111,11,459,1777,674,118,1011,27,884,12,882,25],"class_list":{"0":"post-77455","1":"post","2":"type-post","3":"status-publish","4":"format-standard","5":"has-post-thumbnail","7":"category-marseille","8":"tag-actu","9":"tag-actualites","10":"tag-departements-horsidfo","11":"tag-eu","12":"tag-europe","13":"tag-faits-divers","14":"tag-fr","15":"tag-france","16":"tag-marseille","17":"tag-news","18":"tag-provence-alpes-cote-dazur","19":"tag-republique-francaise"},"share_on_mastodon":{"url":"https:\/\/pubeurope.com\/@fr\/114456963567007063","error":""},"_links":{"self":[{"href":"https:\/\/www.europesays.com\/fr\/wp-json\/wp\/v2\/posts\/77455","targetHints":{"allow":["GET"]}}],"collection":[{"href":"https:\/\/www.europesays.com\/fr\/wp-json\/wp\/v2\/posts"}],"about":[{"href":"https:\/\/www.europesays.com\/fr\/wp-json\/wp\/v2\/types\/post"}],"author":[{"embeddable":true,"href":"https:\/\/www.europesays.com\/fr\/wp-json\/wp\/v2\/users\/2"}],"replies":[{"embeddable":true,"href":"https:\/\/www.europesays.com\/fr\/wp-json\/wp\/v2\/comments?post=77455"}],"version-history":[{"count":0,"href":"https:\/\/www.europesays.com\/fr\/wp-json\/wp\/v2\/posts\/77455\/revisions"}],"wp:featuredmedia":[{"embeddable":true,"href":"https:\/\/www.europesays.com\/fr\/wp-json\/wp\/v2\/media\/77456"}],"wp:attachment":[{"href":"https:\/\/www.europesays.com\/fr\/wp-json\/wp\/v2\/media?parent=77455"}],"wp:term":[{"taxonomy":"category","embeddable":true,"href":"https:\/\/www.europesays.com\/fr\/wp-json\/wp\/v2\/categories?post=77455"},{"taxonomy":"post_tag","embeddable":true,"href":"https:\/\/www.europesays.com\/fr\/wp-json\/wp\/v2\/tags?post=77455"}],"curies":[{"name":"wp","href":"https:\/\/api.w.org\/{rel}","templated":true}]}}