{"id":774721,"date":"2026-03-04T10:09:15","date_gmt":"2026-03-04T10:09:15","guid":{"rendered":"https:\/\/www.europesays.com\/fr\/774721\/"},"modified":"2026-03-04T10:09:15","modified_gmt":"2026-03-04T10:09:15","slug":"ils-entendront-parler-de-moi-face-a-la-hausse-des-prix-des-carburants-le-ministre-de-leconomie-annonce-des-controles-partout-en-france","status":"publish","type":"post","link":"https:\/\/www.europesays.com\/fr\/774721\/","title":{"rendered":"\u00ab\u00a0Ils entendront parler de moi\u00a0\u00bb : face \u00e0 la hausse des prix des carburants, le ministre de l&rsquo;Economie annonce des \u00ab\u00a0contr\u00f4les\u00a0\u00bb partout en France"},"content":{"rendered":"<p class=\"c-chapo \">\n  Roland Lescure \u00e9tait l&rsquo;invit\u00e9 du \u00ab\u00a08h30 franceinfo\u00a0\u00bb, mercredi 4 mars.\n<\/p>\n<p>    Publi\u00e9 le 04\/03\/2026 09:13<\/p>\n<p>      Mis \u00e0 jour le 04\/03\/2026 10:36<\/p>\n<p>        Temps de lecture : 3min<\/p>\n<p>    <img decoding=\"async\"  alt=\"Roland Lescure, ministre de l'Economie, invit\u00e9 sur franceinfo, le 4 mars 2026. (FRANCEINFO \/ RADIO FRANCE)\" width=\"432\" height=\"243\" src=\"https:\/\/www.europesays.com\/fr\/wp-content\/uploads\/2026\/03\/mescure-69a7f6f132c04567151181.jpg\" fetchpriority=\"high\"\/><\/p>\n<p>      Roland Lescure, ministre de l&rsquo;Economie, invit\u00e9 sur franceinfo, le 4 mars 2026. (FRANCEINFO \/ RADIO FRANCE)<\/p>\n<p>\u00ab\u00a0Ils entendront parler de moi\u00a0\u00bb, pr\u00e9vient Roland Lescure, ministre de l&rsquo;\u00c9conomie, mercredi 4 mars sur franceinfo. \u00ab\u00a0Je ne tol\u00e9rerai pas qu&rsquo;on ait des <a href=\"https:\/\/www.franceinfo.fr\/monde\/iran\/guerre-entre-les-etats-unis-israel-et-l-iran\/guerre-au-moyen-orient-le-president-de-la-federation-francaise-des-combustibles-ecarte-tout-risque-de-penurie-d-essence_7844504.html\" target=\"_self\" rel=\"noopener noreferrer nofollow\" data-tooltip-url=\"https:\/\/www.franceinfo.fr\/monde\/iran\/guerre-entre-les-etats-unis-israel-et-l-iran\/guerre-au-moyen-orient-le-president-de-la-federation-francaise-des-combustibles-ecarte-tout-risque-de-penurie-d-essence_7844504.html\">hausses de prix \u00e0 la pompe<\/a> qui aillent au-del\u00e0 de ce que la hausse du p\u00e9trole justifie\u00a0\u00bb dans le contexte de la guerre en Iran.<\/p>\n<p>Le ministre annonce avoir saisi la Direction g\u00e9n\u00e9rale de la concurrence, de la consommation et de la r\u00e9pression des fraudes (DGCCRF) pour multiplier les \u00ab\u00a0contr\u00f4les\u00a0\u00bb sur le territoire. L&rsquo;objectif est de \u00ab\u00a0s&rsquo;assurer effectivement qu&rsquo;on est sur des hausses de prix raisonnables compte tenu de la hausse du prix du baril qui, elle aussi, est aujourd&rsquo;hui relativement raisonnable. Donc, pas de panique\u00a0\u00bb, insiste Roland Lescure.<\/p>\n<blockquote class=\"twitter-tweet\">\n<p lang=\"fr\" dir=\"ltr\">\ud83d\udd34 Guerre au Moyen-Orient \u27a1\ufe0f \u00ab\u00a0Je ne tol\u00e9rerai pas qu&rsquo;il y ait des hausses de prix \u00e0 la pompe, qui aillent au-del\u00e0 de ce que la hausse du p\u00e9trole justifie\u00a0\u00bb, d\u00e9clare Roland Lescure. <a href=\"https:\/\/t.co\/8E41Dcy2sq\" rel=\"nofollow\">pic.twitter.com\/8E41Dcy2sq<\/a><\/p>\n<p>\u2014 franceinfo (@franceinfo) <a href=\"https:\/\/twitter.com\/franceinfo\/status\/2029101808543568268?ref_src=twsrc%5Etfw\" rel=\"nofollow noopener\" target=\"_blank\">March 4, 2026<\/a><\/p><\/blockquote>\n<p>Face \u00e0 la mont\u00e9e des inqui\u00e9tudes sur une possible flamb\u00e9e des prix du carburant, le ministre tient \u00e0 relativiser l&rsquo;impact de la situation internationale : \u00ab\u00a0\u00c9videmment qu&rsquo;on comprend que, face \u00e0 une hausse du prix du baril, on puisse avoir une hausse de quelques centimes du prix \u00e0 la pompe, mais \u00e0 ce stade, c&rsquo;est tout\u00a0\u00bb.<\/p>\n<p>Le ministre de l&rsquo;Economie a r\u00e9p\u00e9t\u00e9 qu&rsquo;il n&rsquo;existait \u00ab\u00a0aucun risque sur l&rsquo;approvisionnement\u00a0\u00bb en gaz et en p\u00e9trole pour la France \u00ab\u00a0dans les prochaines semaines\u00a0\u00bb, malgr\u00e9 les tensions g\u00e9opolitiques. \u00ab\u00a0Il n&rsquo;y a aucun risque, mais vraiment j&rsquo;insiste, d&rsquo;approvisionnement ni sur le gaz, ni sur le p\u00e9trole pour les semaines qui viennent\u00a0\u00bb, a d\u00e9clar\u00e9 le ministre. Il a toutefois ajout\u00e9 qu'\u00a0\u00bb\u00e9videmment, tout va d\u00e9pendre de l&rsquo;intensit\u00e9 et de la dur\u00e9e du conflit\u00a0\u00bb, soulignant la vigilance du gouvernement face \u00e0 l&rsquo;\u00e9volution de la situation \u00e9nerg\u00e9tique.<\/p>\n<p>Enfin, le ministre appelle les automobilistes \u00e0 la prudence et au calme. \u00ab\u00a0Il faut garder son sang-froid, \u00eatre conscient des risques, mais en aucun cas raconter n&rsquo;importe quoi ni cr\u00e9er des probl\u00e8mes qui n&rsquo;ont pas lieu d&rsquo;\u00eatre\u00a0\u00bb, pr\u00e9vient-il, rappelant que \u00ab\u00a0la situation est normale et qu&rsquo;il y a de l&rsquo;essence partout\u00a0\u00bb.<\/p>\n<p>La ministre d\u00e9l\u00e9gu\u00e9e \u00e0 l&rsquo;\u00c9nergie et porte-parole du gouvernement, Maud Br\u00e9geon, avait dit, elle, s&rsquo;attendre \u00e0 \u00ab\u00a0une hausse de quelques centimes\u00a0\u00bb des prix du carburant \u00e0 la pompe en raison de la guerre au Moyen-Orient, tout en rassurant sur les stocks, mercredi sur BFMTV et RMC. \u00ab\u00a0A court terme, on peut s&rsquo;attendre \u00e0 une hausse de quelques centimes, contenue et limit\u00e9e\u00a0\u00bb, a d\u00e9clar\u00e9 Maud Br\u00e9geon, pr\u00e9cisant que \u00ab\u00a0pour la suite cela d\u00e9pendra de l&rsquo;intensit\u00e9 du conflit\u00a0\u00bb.<\/p>\n<p>Le baril de Brent de la mer du Nord, r\u00e9f\u00e9rence du march\u00e9 international, gagnait 1,04% mercredi matin \u00e0 82,25 dollars. Il avait d\u00e9pass\u00e9 mardi 85 dollars pour la premi\u00e8re fois depuis juillet 2024. Quant au prix \u00e0 la pompe, il va fr\u00f4ler les 2 euros le litre dans certaines stations, selon ses pr\u00e9visions.<\/p>\n<p><script async src=\"https:\/\/platform.twitter.com\/widgets.js\" charset=\"utf-8\"><\/script><\/p>\n","protected":false},"excerpt":{"rendered":"Roland Lescure \u00e9tait l&rsquo;invit\u00e9 du \u00ab\u00a08h30 franceinfo\u00a0\u00bb, mercredi 4 mars. Publi\u00e9 le 04\/03\/2026 09:13 Mis \u00e0 jour le&hellip;\n","protected":false},"author":2,"featured_media":774722,"comment_status":"","ping_status":"","sticky":false,"template":"","format":"standard","meta":{"footnotes":""},"categories":[6],"tags":[35,33,34,1011,27],"class_list":{"0":"post-774721","1":"post","2":"type-post","3":"status-publish","4":"format-standard","5":"has-post-thumbnail","7":"category-economie","8":"tag-business","9":"tag-economie","10":"tag-economy","11":"tag-fr","12":"tag-france"},"share_on_mastodon":{"url":"https:\/\/pubeurope.com\/@fr\/116170363190750152","error":""},"_links":{"self":[{"href":"https:\/\/www.europesays.com\/fr\/wp-json\/wp\/v2\/posts\/774721","targetHints":{"allow":["GET"]}}],"collection":[{"href":"https:\/\/www.europesays.com\/fr\/wp-json\/wp\/v2\/posts"}],"about":[{"href":"https:\/\/www.europesays.com\/fr\/wp-json\/wp\/v2\/types\/post"}],"author":[{"embeddable":true,"href":"https:\/\/www.europesays.com\/fr\/wp-json\/wp\/v2\/users\/2"}],"replies":[{"embeddable":true,"href":"https:\/\/www.europesays.com\/fr\/wp-json\/wp\/v2\/comments?post=774721"}],"version-history":[{"count":0,"href":"https:\/\/www.europesays.com\/fr\/wp-json\/wp\/v2\/posts\/774721\/revisions"}],"wp:featuredmedia":[{"embeddable":true,"href":"https:\/\/www.europesays.com\/fr\/wp-json\/wp\/v2\/media\/774722"}],"wp:attachment":[{"href":"https:\/\/www.europesays.com\/fr\/wp-json\/wp\/v2\/media?parent=774721"}],"wp:term":[{"taxonomy":"category","embeddable":true,"href":"https:\/\/www.europesays.com\/fr\/wp-json\/wp\/v2\/categories?post=774721"},{"taxonomy":"post_tag","embeddable":true,"href":"https:\/\/www.europesays.com\/fr\/wp-json\/wp\/v2\/tags?post=774721"}],"curies":[{"name":"wp","href":"https:\/\/api.w.org\/{rel}","templated":true}]}}